{"id":3046,"date":"2024-09-12T13:59:45","date_gmt":"2024-09-12T13:59:45","guid":{"rendered":"http:\/\/hpaulick.de\/?p=3046"},"modified":"2024-09-12T14:02:51","modified_gmt":"2024-09-12T14:02:51","slug":"linke-mehrheit-in-dresden-verweigerten-tragfaehigkeitspruefung-der-carolabruecke","status":"publish","type":"post","link":"https:\/\/hpaulick.de\/?p=3046","title":{"rendered":"Linke Mehrheit in Dresden verweigerten Tragf\u00e4higkeitspr\u00fcfung der Carolabr\u00fccke!"},"content":{"rendered":"\n<figure class=\"wp-block-embed is-type-rich is-provider-twitter wp-block-embed-twitter\"><div class=\"wp-block-embed__wrapper\">\n<div class=\"twitter-tweet\"><blockquote class=\"twitter-tweet\" data-lang=\"de\"><p lang=\"de\" dir=\"ltr\"><a href=\"https:\/\/twitter.com\/hashtag\/Linke?src=hash&amp;ref_src=twsrc%5Etfw\">#Linke<\/a> <a href=\"https:\/\/twitter.com\/hashtag\/Mehrheit?src=hash&amp;ref_src=twsrc%5Etfw\">#Mehrheit<\/a> in <a href=\"https:\/\/twitter.com\/hashtag\/Dresden?src=hash&amp;ref_src=twsrc%5Etfw\">#Dresden<\/a> verweigerten Tragf\u00e4higkeitspr\u00fcfung der Carolabr\u00fccke!<br>Wo LINKSGR\u00dcN regiert, ist Versagen vorprogrammiert!<a href=\"https:\/\/twitter.com\/hashtag\/Harald?src=hash&amp;ref_src=twsrc%5Etfw\">#Harald<\/a> <a href=\"https:\/\/twitter.com\/hashtag\/Paulick?src=hash&amp;ref_src=twsrc%5Etfw\">#Paulick<\/a><a href=\"https:\/\/twitter.com\/hashtag\/Schriftsteller?src=hash&amp;ref_src=twsrc%5Etfw\">#Schriftsteller<\/a>, <a href=\"https:\/\/twitter.com\/hashtag\/Blogger?src=hash&amp;ref_src=twsrc%5Etfw\">#Blogger<\/a> &amp; <a href=\"https:\/\/twitter.com\/hashtag\/Menippeischer?src=hash&amp;ref_src=twsrc%5Etfw\">#Menippeischer<\/a> <a href=\"https:\/\/twitter.com\/hashtag\/Satiriker?src=hash&amp;ref_src=twsrc%5Etfw\">#Satiriker<\/a><br>Mitglied <a href=\"https:\/\/twitter.com\/hashtag\/WerteUnion?src=hash&amp;ref_src=twsrc%5Etfw\">#WerteUnion<\/a> Berlin<a href=\"https:\/\/t.co\/gsEKIZpqGu\">https:\/\/t.co\/gsEKIZpqGu<\/a><a href=\"https:\/\/t.co\/CdTS4lPmuj\">https:\/\/t.co\/CdTS4lPmuj<\/a> <a href=\"https:\/\/t.co\/MlvCpX14b1\">https:\/\/t.co\/MlvCpX14b1<\/a><\/p>&mdash; Wahlinformationen; Account zum Thema Wahlen in D ! (@DeutscheWaehler) <a href=\"https:\/\/twitter.com\/DeutscheWaehler\/status\/1834117532216639933?ref_src=twsrc%5Etfw\">12. September 2024<\/a><\/blockquote><\/div>\n<\/div><\/figure>\n\n<div class=\"twitter-share\"><a href=\"https:\/\/twitter.com\/intent\/tweet?via=haraldpaulick\" class=\"twitter-share-button\" data-size=\"large\">Twittern<\/a><\/div>\n","protected":false},"excerpt":{"rendered":"","protected":false},"author":1,"featured_media":0,"comment_status":"closed","ping_status":"open","sticky":false,"template":"","format":"standard","meta":{"footnotes":""},"categories":[{"term_id":54,"name":"Bildungslose Politiker","slug":"bildungslose-politiker","term_group":0,"term_taxonomy_id":54,"taxonomy":"category","description":"","parent":0,"count":676,"filter":"raw","cat_ID":54,"category_count":676,"category_description":"","cat_name":"Bildungslose Politiker","category_nicename":"bildungslose-politiker","category_parent":0},{"term_id":132,"name":"Das 4. Reich GR\u00dcNER Pr\u00e4gung","slug":"das-4-reich-gruener-praegung","term_group":0,"term_taxonomy_id":132,"taxonomy":"category","description":"","parent":0,"count":458,"filter":"raw","cat_ID":132,"category_count":458,"category_description":"","cat_name":"Das 4. Reich GR\u00dcNER Pr\u00e4gung","category_nicename":"das-4-reich-gruener-praegung","category_parent":0},{"term_id":140,"name":"Experten ohne Abschl\u00fcsse","slug":"experten-ohne-abschluesse","term_group":0,"term_taxonomy_id":140,"taxonomy":"category","description":"","parent":0,"count":279,"filter":"raw","cat_ID":140,"category_count":279,"category_description":"","cat_name":"Experten ohne Abschl\u00fcsse","category_nicename":"experten-ohne-abschluesse","category_parent":0},{"term_id":170,"name":"Hass der GR\u00dcNEN LINKEN auf alles ANDERSDENKENDE","slug":"hass-der-gruenen-linken-auf-alles-andersdenkende","term_group":0,"term_taxonomy_id":170,"taxonomy":"category","description":"","parent":0,"count":256,"filter":"raw","cat_ID":170,"category_count":256,"category_description":"","cat_name":"Hass der GR\u00dcNEN LINKEN auf alles ANDERSDENKENDE","category_nicename":"hass-der-gruenen-linken-auf-alles-andersdenkende","category_parent":0},{"term_id":58,"name":"KI - K\u00fcnstliche Intelligenz","slug":"ki-kuenstliche-intelligenz","term_group":0,"term_taxonomy_id":58,"taxonomy":"category","description":"","parent":0,"count":21,"filter":"raw","cat_ID":58,"category_count":21,"category_description":"","cat_name":"KI - K\u00fcnstliche Intelligenz","category_nicename":"ki-kuenstliche-intelligenz","category_parent":0},{"term_id":102,"name":"L\u00dcGEN","slug":"luegen","term_group":0,"term_taxonomy_id":102,"taxonomy":"category","description":"","parent":0,"count":389,"filter":"raw","cat_ID":102,"category_count":389,"category_description":"","cat_name":"L\u00dcGEN","category_nicename":"luegen","category_parent":0},{"term_id":197,"name":"Politik zur Verantwortung ziehen","slug":"politik-zur-verantwortung-ziehen","term_group":0,"term_taxonomy_id":197,"taxonomy":"category","description":"","parent":0,"count":249,"filter":"raw","cat_ID":197,"category_count":249,"category_description":"","cat_name":"Politik zur Verantwortung ziehen","category_nicename":"politik-zur-verantwortung-ziehen","category_parent":0},{"term_id":159,"name":"Spott und H\u00e4me","slug":"spott-und-haeme","term_group":0,"term_taxonomy_id":159,"taxonomy":"category","description":"","parent":0,"count":153,"filter":"raw","cat_ID":159,"category_count":153,"category_description":"","cat_name":"Spott und H\u00e4me","category_nicename":"spott-und-haeme","category_parent":0}],"tags":[],"class_list":["post-3046","post","type-post","status-publish","format-standard","hentry","category-bildungslose-politiker","category-das-4-reich-gruener-praegung","category-experten-ohne-abschluesse","category-hass-der-gruenen-linken-auf-alles-andersdenkende","category-ki-kuenstliche-intelligenz","category-luegen","category-politik-zur-verantwortung-ziehen","category-spott-und-haeme"],"images":{"thumbnail":false,"medium":false,"medium_large":false,"large":false,"full":false},"_links":{"self":[{"href":"https:\/\/hpaulick.de\/index.php?rest_route=\/wp\/v2\/posts\/3046","targetHints":{"allow":["GET"]}}],"collection":[{"href":"https:\/\/hpaulick.de\/index.php?rest_route=\/wp\/v2\/posts"}],"about":[{"href":"https:\/\/hpaulick.de\/index.php?rest_route=\/wp\/v2\/types\/post"}],"author":[{"embeddable":true,"href":"https:\/\/hpaulick.de\/index.php?rest_route=\/wp\/v2\/users\/1"}],"replies":[{"embeddable":true,"href":"https:\/\/hpaulick.de\/index.php?rest_route=%2Fwp%2Fv2%2Fcomments&post=3046"}],"version-history":[{"count":1,"href":"https:\/\/hpaulick.de\/index.php?rest_route=\/wp\/v2\/posts\/3046\/revisions"}],"predecessor-version":[{"id":3047,"href":"https:\/\/hpaulick.de\/index.php?rest_route=\/wp\/v2\/posts\/3046\/revisions\/3047"}],"wp:attachment":[{"href":"https:\/\/hpaulick.de\/index.php?rest_route=%2Fwp%2Fv2%2Fmedia&parent=3046"}],"wp:term":[{"taxonomy":"category","embeddable":true,"href":"https:\/\/hpaulick.de\/index.php?rest_route=%2Fwp%2Fv2%2Fcategories&post=3046"},{"taxonomy":"post_tag","embeddable":true,"href":"https:\/\/hpaulick.de\/index.php?rest_route=%2Fwp%2Fv2%2Ftags&post=3046"}],"curies":[{"name":"wp","href":"https:\/\/api.w.org\/{rel}","templated":true}]}}