{"id":3049,"date":"2024-09-13T05:55:26","date_gmt":"2024-09-13T05:55:26","guid":{"rendered":"http:\/\/hpaulick.de\/?p=3049"},"modified":"2024-09-13T05:55:28","modified_gmt":"2024-09-13T05:55:28","slug":"waere-der-staat-eine-firma-dann-waere-dieser-staat-nicht-konkurrenzfaehig","status":"publish","type":"post","link":"https:\/\/hpaulick.de\/?p=3049","title":{"rendered":"W\u00e4re der Staat eine Firma, dann w\u00e4re dieser Staat nicht konkurrenzf\u00e4hig"},"content":{"rendered":"\n<figure class=\"wp-block-embed is-type-rich is-provider-twitter wp-block-embed-twitter\"><div class=\"wp-block-embed__wrapper\">\n<div class=\"twitter-tweet\"><blockquote class=\"twitter-tweet\" data-lang=\"de\"><p lang=\"de\" dir=\"ltr\">W\u00e4re <a href=\"https:\/\/twitter.com\/hashtag\/Staat?src=hash&amp;ref_src=twsrc%5Etfw\">#Staat<\/a> eine <a href=\"https:\/\/twitter.com\/hashtag\/Firma?src=hash&amp;ref_src=twsrc%5Etfw\">#Firma<\/a>, dann w\u00e4re der Staat nicht konkurrenzf\u00e4hig, weil die Firmenleitung UNQUALIFIZIERT, HEILLOS ZERSTRITTEN und INKOMPETENT ist<br>Sie w\u00e4re seit 3 Jahren insolvent &amp; abgewickelt<br>Staat macht weiter<br>Harald <a href=\"https:\/\/twitter.com\/hashtag\/Paulick?src=hash&amp;ref_src=twsrc%5Etfw\">#Paulick<\/a><br>Mitglied <a href=\"https:\/\/twitter.com\/hashtag\/WerteUnion?src=hash&amp;ref_src=twsrc%5Etfw\">#WerteUnion<\/a> Berlin<a href=\"https:\/\/t.co\/gsEKIZpqGu\">https:\/\/t.co\/gsEKIZpqGu<\/a> <a href=\"https:\/\/t.co\/RSSTIsvXtm\">https:\/\/t.co\/RSSTIsvXtm<\/a><\/p>&mdash; Wahlinformationen; Account zum Thema Wahlen in D ! (@DeutscheWaehler) <a href=\"https:\/\/twitter.com\/DeutscheWaehler\/status\/1834467991292948510?ref_src=twsrc%5Etfw\">13. September 2024<\/a><\/blockquote><\/div>\n<\/div><\/figure>\n\n<div class=\"twitter-share\"><a href=\"https:\/\/twitter.com\/intent\/tweet?via=haraldpaulick\" class=\"twitter-share-button\" data-size=\"large\">Twittern<\/a><\/div>\n","protected":false},"excerpt":{"rendered":"","protected":false},"author":1,"featured_media":0,"comment_status":"closed","ping_status":"open","sticky":false,"template":"","format":"standard","meta":{"footnotes":""},"categories":[{"term_id":35,"name":"Aff\u00e4ren","slug":"affaeren","term_group":0,"term_taxonomy_id":35,"taxonomy":"category","description":"","parent":0,"count":246,"filter":"raw","cat_ID":35,"category_count":246,"category_description":"","cat_name":"Aff\u00e4ren","category_nicename":"affaeren","category_parent":0},{"term_id":125,"name":"Ampel-Regierung","slug":"ampel-regierung","term_group":0,"term_taxonomy_id":125,"taxonomy":"category","description":"","parent":0,"count":403,"filter":"raw","cat_ID":125,"category_count":403,"category_description":"","cat_name":"Ampel-Regierung","category_nicename":"ampel-regierung","category_parent":0},{"term_id":226,"name":"Asylbetrug","slug":"asylbetrug","term_group":0,"term_taxonomy_id":226,"taxonomy":"category","description":"","parent":0,"count":98,"filter":"raw","cat_ID":226,"category_count":98,"category_description":"","cat_name":"Asylbetrug","category_nicename":"asylbetrug","category_parent":0},{"term_id":214,"name":"Asylbewerber","slug":"asylbewerber","term_group":0,"term_taxonomy_id":214,"taxonomy":"category","description":"","parent":0,"count":89,"filter":"raw","cat_ID":214,"category_count":89,"category_description":"","cat_name":"Asylbewerber","category_nicename":"asylbewerber","category_parent":0},{"term_id":27,"name":"Asylpolitik","slug":"asylpolitik","term_group":0,"term_taxonomy_id":27,"taxonomy":"category","description":"","parent":0,"count":326,"filter":"raw","cat_ID":27,"category_count":326,"category_description":"","cat_name":"Asylpolitik","category_nicename":"asylpolitik","category_parent":0},{"term_id":54,"name":"Bildungslose Politiker","slug":"bildungslose-politiker","term_group":0,"term_taxonomy_id":54,"taxonomy":"category","description":"","parent":0,"count":676,"filter":"raw","cat_ID":54,"category_count":676,"category_description":"","cat_name":"Bildungslose Politiker","category_nicename":"bildungslose-politiker","category_parent":0},{"term_id":132,"name":"Das 4. Reich GR\u00dcNER Pr\u00e4gung","slug":"das-4-reich-gruener-praegung","term_group":0,"term_taxonomy_id":132,"taxonomy":"category","description":"","parent":0,"count":458,"filter":"raw","cat_ID":132,"category_count":458,"category_description":"","cat_name":"Das 4. Reich GR\u00dcNER Pr\u00e4gung","category_nicename":"das-4-reich-gruener-praegung","category_parent":0},{"term_id":83,"name":"DDR2.0","slug":"ddr2-0","term_group":0,"term_taxonomy_id":83,"taxonomy":"category","description":"","parent":0,"count":161,"filter":"raw","cat_ID":83,"category_count":161,"category_description":"","cat_name":"DDR2.0","category_nicename":"ddr2-0","category_parent":0},{"term_id":49,"name":"Deutschland schafft sich ab","slug":"deutschland-schafft-sich-ab","term_group":0,"term_taxonomy_id":49,"taxonomy":"category","description":"","parent":0,"count":663,"filter":"raw","cat_ID":49,"category_count":663,"category_description":"","cat_name":"Deutschland schafft sich ab","category_nicename":"deutschland-schafft-sich-ab","category_parent":0},{"term_id":202,"name":"Die T\u00e4ter sind unter uns!","slug":"die-taeter-sind-unter-uns","term_group":0,"term_taxonomy_id":202,"taxonomy":"category","description":"","parent":0,"count":316,"filter":"raw","cat_ID":202,"category_count":316,"category_description":"","cat_name":"Die T\u00e4ter sind unter uns!","category_nicename":"die-taeter-sind-unter-uns","category_parent":0},{"term_id":144,"name":"Doppelte Staatsangeh\u00f6rigkeit","slug":"doppelte-staatsangehoerigkeit","term_group":0,"term_taxonomy_id":144,"taxonomy":"category","description":"","parent":0,"count":217,"filter":"raw","cat_ID":144,"category_count":217,"category_description":"","cat_name":"Doppelte Staatsangeh\u00f6rigkeit","category_nicename":"doppelte-staatsangehoerigkeit","category_parent":0},{"term_id":167,"name":"Gewalt und Terror von LINKS","slug":"gewalt-und-terror-von-links","term_group":0,"term_taxonomy_id":167,"taxonomy":"category","description":"","parent":0,"count":234,"filter":"raw","cat_ID":167,"category_count":234,"category_description":"","cat_name":"Gewalt und Terror von LINKS","category_nicename":"gewalt-und-terror-von-links","category_parent":0},{"term_id":208,"name":"Gewalt und Terror von Migranten","slug":"gewalt-und-terror-von-migranten","term_group":0,"term_taxonomy_id":208,"taxonomy":"category","description":"","parent":0,"count":156,"filter":"raw","cat_ID":208,"category_count":156,"category_description":"","cat_name":"Gewalt und Terror von Migranten","category_nicename":"gewalt-und-terror-von-migranten","category_parent":0},{"term_id":30,"name":"GR\u00dcNE Murks Politik","slug":"gruene-murks-politik","term_group":0,"term_taxonomy_id":30,"taxonomy":"category","description":"","parent":0,"count":805,"filter":"raw","cat_ID":30,"category_count":805,"category_description":"","cat_name":"GR\u00dcNE Murks Politik","category_nicename":"gruene-murks-politik","category_parent":0},{"term_id":170,"name":"Hass der GR\u00dcNEN LINKEN auf alles ANDERSDENKENDE","slug":"hass-der-gruenen-linken-auf-alles-andersdenkende","term_group":0,"term_taxonomy_id":170,"taxonomy":"category","description":"","parent":0,"count":256,"filter":"raw","cat_ID":170,"category_count":256,"category_description":"","cat_name":"Hass der GR\u00dcNEN LINKEN auf alles ANDERSDENKENDE","category_nicename":"hass-der-gruenen-linken-auf-alles-andersdenkende","category_parent":0},{"term_id":161,"name":"Migranten aus Afrika gleichgestellt","slug":"migranten-aus-afrika-gleichgestellt","term_group":0,"term_taxonomy_id":161,"taxonomy":"category","description":"","parent":0,"count":240,"filter":"raw","cat_ID":161,"category_count":240,"category_description":"","cat_name":"Migranten aus Afrika gleichgestellt","category_nicename":"migranten-aus-afrika-gleichgestellt","category_parent":0},{"term_id":112,"name":"Milliarden Deals UNBEMERKT","slug":"milliarden-deals-unbemerkt","term_group":0,"term_taxonomy_id":112,"taxonomy":"category","description":"","parent":0,"count":559,"filter":"raw","cat_ID":112,"category_count":559,"category_description":"","cat_name":"Milliarden Deals UNBEMERKT","category_nicename":"milliarden-deals-unbemerkt","category_parent":0},{"term_id":89,"name":"Rechtsstaat","slug":"rechtsstaat","term_group":0,"term_taxonomy_id":89,"taxonomy":"category","description":"","parent":0,"count":121,"filter":"raw","cat_ID":89,"category_count":121,"category_description":"","cat_name":"Rechtsstaat","category_nicename":"rechtsstaat","category_parent":0},{"term_id":221,"name":"Scheinheilige","slug":"scheinheilige","term_group":0,"term_taxonomy_id":221,"taxonomy":"category","description":"","parent":0,"count":195,"filter":"raw","cat_ID":221,"category_count":195,"category_description":"","cat_name":"Scheinheilige","category_nicename":"scheinheilige","category_parent":0},{"term_id":159,"name":"Spott und H\u00e4me","slug":"spott-und-haeme","term_group":0,"term_taxonomy_id":159,"taxonomy":"category","description":"","parent":0,"count":153,"filter":"raw","cat_ID":159,"category_count":153,"category_description":"","cat_name":"Spott und H\u00e4me","category_nicename":"spott-und-haeme","category_parent":0},{"term_id":219,"name":"Staatsversagen","slug":"staatsversagen","term_group":0,"term_taxonomy_id":219,"taxonomy":"category","description":"","parent":0,"count":89,"filter":"raw","cat_ID":219,"category_count":89,"category_description":"","cat_name":"Staatsversagen","category_nicename":"staatsversagen","category_parent":0},{"term_id":119,"name":"Vetternwirtschaft","slug":"vetternwirtschaft","term_group":0,"term_taxonomy_id":119,"taxonomy":"category","description":"","parent":0,"count":491,"filter":"raw","cat_ID":119,"category_count":491,"category_description":"","cat_name":"Vetternwirtschaft","category_nicename":"vetternwirtschaft","category_parent":0},{"term_id":174,"name":"VON LINKS provozierter RECHTSRUCK","slug":"von-links-provozierter-rechtsruck","term_group":0,"term_taxonomy_id":174,"taxonomy":"category","description":"","parent":0,"count":305,"filter":"raw","cat_ID":174,"category_count":305,"category_description":"","cat_name":"VON LINKS provozierter RECHTSRUCK","category_nicename":"von-links-provozierter-rechtsruck","category_parent":0},{"term_id":135,"name":"WerteUnion","slug":"werteunion","term_group":0,"term_taxonomy_id":135,"taxonomy":"category","description":"","parent":0,"count":76,"filter":"raw","cat_ID":135,"category_count":76,"category_description":"","cat_name":"WerteUnion","category_nicename":"werteunion","category_parent":0}],"tags":[],"class_list":["post-3049","post","type-post","status-publish","format-standard","hentry","category-affaeren","category-ampel-regierung","category-asylbetrug","category-asylbewerber","category-asylpolitik","category-bildungslose-politiker","category-das-4-reich-gruener-praegung","category-ddr2-0","category-deutschland-schafft-sich-ab","category-die-taeter-sind-unter-uns","category-doppelte-staatsangehoerigkeit","category-gewalt-und-terror-von-links","category-gewalt-und-terror-von-migranten","category-gruene-murks-politik","category-hass-der-gruenen-linken-auf-alles-andersdenkende","category-migranten-aus-afrika-gleichgestellt","category-milliarden-deals-unbemerkt","category-rechtsstaat","category-scheinheilige","category-spott-und-haeme","category-staatsversagen","category-vetternwirtschaft","category-von-links-provozierter-rechtsruck","category-werteunion"],"images":{"thumbnail":false,"medium":false,"medium_large":false,"large":false,"full":false},"_links":{"self":[{"href":"https:\/\/hpaulick.de\/index.php?rest_route=\/wp\/v2\/posts\/3049","targetHints":{"allow":["GET"]}}],"collection":[{"href":"https:\/\/hpaulick.de\/index.php?rest_route=\/wp\/v2\/posts"}],"about":[{"href":"https:\/\/hpaulick.de\/index.php?rest_route=\/wp\/v2\/types\/post"}],"author":[{"embeddable":true,"href":"https:\/\/hpaulick.de\/index.php?rest_route=\/wp\/v2\/users\/1"}],"replies":[{"embeddable":true,"href":"https:\/\/hpaulick.de\/index.php?rest_route=%2Fwp%2Fv2%2Fcomments&post=3049"}],"version-history":[{"count":1,"href":"https:\/\/hpaulick.de\/index.php?rest_route=\/wp\/v2\/posts\/3049\/revisions"}],"predecessor-version":[{"id":3050,"href":"https:\/\/hpaulick.de\/index.php?rest_route=\/wp\/v2\/posts\/3049\/revisions\/3050"}],"wp:attachment":[{"href":"https:\/\/hpaulick.de\/index.php?rest_route=%2Fwp%2Fv2%2Fmedia&parent=3049"}],"wp:term":[{"taxonomy":"category","embeddable":true,"href":"https:\/\/hpaulick.de\/index.php?rest_route=%2Fwp%2Fv2%2Fcategories&post=3049"},{"taxonomy":"post_tag","embeddable":true,"href":"https:\/\/hpaulick.de\/index.php?rest_route=%2Fwp%2Fv2%2Ftags&post=3049"}],"curies":[{"name":"wp","href":"https:\/\/api.w.org\/{rel}","templated":true}]}}