{"id":3062,"date":"2024-09-16T17:35:14","date_gmt":"2024-09-16T17:35:14","guid":{"rendered":"http:\/\/hpaulick.de\/?p=3062"},"modified":"2024-09-16T17:35:17","modified_gmt":"2024-09-16T17:35:17","slug":"fahrplan-der-union-steht-was-sagt-der-loewe-aus-muenchen","status":"publish","type":"post","link":"https:\/\/hpaulick.de\/?p=3062","title":{"rendered":"Fahrplan der Union steht? Was sagt der L\u00d6WE aus M\u00fcnchen?"},"content":{"rendered":"\n<figure class=\"wp-block-embed is-type-rich is-provider-twitter wp-block-embed-twitter\"><div class=\"wp-block-embed__wrapper\">\n<div class=\"twitter-tweet\"><blockquote class=\"twitter-tweet\" data-lang=\"de\"><p lang=\"de\" dir=\"ltr\">Fahrplan der <a href=\"https:\/\/twitter.com\/hashtag\/Union?src=hash&amp;ref_src=twsrc%5Etfw\">#Union<\/a> steht<br>Kanzlerfrage: W\u00fcst verzichtet &amp; unterst\u00fctzt Merz<br>Er l\u00e4sst Merz, der auch vom Alter her am ENDE ist, in die BSW-Falle laufen, an der sich die UNION abarbeiten wird, bis sie wieder 20% hat!<br>Harald Paulick<br>Mitglied <a href=\"https:\/\/twitter.com\/hashtag\/WerteUnion?src=hash&amp;ref_src=twsrc%5Etfw\">#WerteUnion<\/a> Berlin<a href=\"https:\/\/t.co\/4MDYTdRH54\">https:\/\/t.co\/4MDYTdRH54<\/a><\/p>&mdash; Harald Paulick Berlin-Pankow Franz\u00f6sisch Buchholz! (@Harald_Paulick) <a href=\"https:\/\/twitter.com\/Harald_Paulick\/status\/1835733149210341485?ref_src=twsrc%5Etfw\">16. September 2024<\/a><\/blockquote><\/div>\n<\/div><\/figure>\n\n<div class=\"twitter-share\"><a href=\"https:\/\/twitter.com\/intent\/tweet?via=haraldpaulick\" class=\"twitter-share-button\" data-size=\"large\">Twittern<\/a><\/div>\n","protected":false},"excerpt":{"rendered":"","protected":false},"author":1,"featured_media":0,"comment_status":"closed","ping_status":"open","sticky":false,"template":"","format":"standard","meta":{"footnotes":""},"categories":[{"term_id":125,"name":"Ampel-Regierung","slug":"ampel-regierung","term_group":0,"term_taxonomy_id":125,"taxonomy":"category","description":"","parent":0,"count":403,"filter":"raw","cat_ID":125,"category_count":403,"category_description":"","cat_name":"Ampel-Regierung","category_nicename":"ampel-regierung","category_parent":0},{"term_id":82,"name":"BSW B\u00fcndnis Sahra Wagenknecht","slug":"bsw-buendnis-sahra-wagenknecht","term_group":0,"term_taxonomy_id":82,"taxonomy":"category","description":"","parent":0,"count":34,"filter":"raw","cat_ID":82,"category_count":34,"category_description":"","cat_name":"BSW B\u00fcndnis Sahra Wagenknecht","category_nicename":"bsw-buendnis-sahra-wagenknecht","category_parent":0},{"term_id":81,"name":"CDU","slug":"cdu","term_group":0,"term_taxonomy_id":81,"taxonomy":"category","description":"","parent":0,"count":123,"filter":"raw","cat_ID":81,"category_count":123,"category_description":"","cat_name":"CDU","category_nicename":"cdu","category_parent":0},{"term_id":104,"name":"CSU","slug":"csu","term_group":0,"term_taxonomy_id":104,"taxonomy":"category","description":"","parent":0,"count":71,"filter":"raw","cat_ID":104,"category_count":71,"category_description":"","cat_name":"CSU","category_nicename":"csu","category_parent":0},{"term_id":132,"name":"Das 4. Reich GR\u00dcNER Pr\u00e4gung","slug":"das-4-reich-gruener-praegung","term_group":0,"term_taxonomy_id":132,"taxonomy":"category","description":"","parent":0,"count":458,"filter":"raw","cat_ID":132,"category_count":458,"category_description":"","cat_name":"Das 4. Reich GR\u00dcNER Pr\u00e4gung","category_nicename":"das-4-reich-gruener-praegung","category_parent":0},{"term_id":49,"name":"Deutschland schafft sich ab","slug":"deutschland-schafft-sich-ab","term_group":0,"term_taxonomy_id":49,"taxonomy":"category","description":"","parent":0,"count":663,"filter":"raw","cat_ID":49,"category_count":663,"category_description":"","cat_name":"Deutschland schafft sich ab","category_nicename":"deutschland-schafft-sich-ab","category_parent":0},{"term_id":64,"name":"Migrationspolitik","slug":"migrationspolitik","term_group":0,"term_taxonomy_id":64,"taxonomy":"category","description":"","parent":0,"count":398,"filter":"raw","cat_ID":64,"category_count":398,"category_description":"","cat_name":"Migrationspolitik","category_nicename":"migrationspolitik","category_parent":0},{"term_id":175,"name":"VERSAGER","slug":"versager","term_group":0,"term_taxonomy_id":175,"taxonomy":"category","description":"","parent":0,"count":222,"filter":"raw","cat_ID":175,"category_count":222,"category_description":"","cat_name":"VERSAGER","category_nicename":"versager","category_parent":0}],"tags":[],"class_list":["post-3062","post","type-post","status-publish","format-standard","hentry","category-ampel-regierung","category-bsw-buendnis-sahra-wagenknecht","category-cdu","category-csu","category-das-4-reich-gruener-praegung","category-deutschland-schafft-sich-ab","category-migrationspolitik","category-versager"],"images":{"thumbnail":false,"medium":false,"medium_large":false,"large":false,"full":false},"_links":{"self":[{"href":"https:\/\/hpaulick.de\/index.php?rest_route=\/wp\/v2\/posts\/3062","targetHints":{"allow":["GET"]}}],"collection":[{"href":"https:\/\/hpaulick.de\/index.php?rest_route=\/wp\/v2\/posts"}],"about":[{"href":"https:\/\/hpaulick.de\/index.php?rest_route=\/wp\/v2\/types\/post"}],"author":[{"embeddable":true,"href":"https:\/\/hpaulick.de\/index.php?rest_route=\/wp\/v2\/users\/1"}],"replies":[{"embeddable":true,"href":"https:\/\/hpaulick.de\/index.php?rest_route=%2Fwp%2Fv2%2Fcomments&post=3062"}],"version-history":[{"count":1,"href":"https:\/\/hpaulick.de\/index.php?rest_route=\/wp\/v2\/posts\/3062\/revisions"}],"predecessor-version":[{"id":3063,"href":"https:\/\/hpaulick.de\/index.php?rest_route=\/wp\/v2\/posts\/3062\/revisions\/3063"}],"wp:attachment":[{"href":"https:\/\/hpaulick.de\/index.php?rest_route=%2Fwp%2Fv2%2Fmedia&parent=3062"}],"wp:term":[{"taxonomy":"category","embeddable":true,"href":"https:\/\/hpaulick.de\/index.php?rest_route=%2Fwp%2Fv2%2Fcategories&post=3062"},{"taxonomy":"post_tag","embeddable":true,"href":"https:\/\/hpaulick.de\/index.php?rest_route=%2Fwp%2Fv2%2Ftags&post=3062"}],"curies":[{"name":"wp","href":"https:\/\/api.w.org\/{rel}","templated":true}]}}