{"id":3095,"date":"2024-09-26T19:49:35","date_gmt":"2024-09-26T19:49:35","guid":{"rendered":"http:\/\/hpaulick.de\/?p=3095"},"modified":"2024-09-26T19:49:37","modified_gmt":"2024-09-26T19:49:37","slug":"was-die-gruen-gefuehrte-regierung-in-bw-fabriziert-gleicht-fast-sterbehilfe-fuer-automobil-industrie","status":"publish","type":"post","link":"https:\/\/hpaulick.de\/?p=3095","title":{"rendered":"\u201eWas die gr\u00fcn gef\u00fchrte Regierung in BW fabriziert, gleicht fast Sterbehilfe f\u00fcr Automobil-Industrie\u201c"},"content":{"rendered":"\n<figure class=\"wp-block-embed is-type-rich is-provider-twitter wp-block-embed-twitter\"><div class=\"wp-block-embed__wrapper\">\n<div class=\"twitter-tweet\"><blockquote class=\"twitter-tweet\" data-lang=\"de\"><p lang=\"de\" dir=\"ltr\">\u201eWas die gr\u00fcn gef\u00fchrte Regierung in BW fabriziert, gleicht fast Sterbehilfe f\u00fcr Automobil-Industrie\u201c<br>Was will man auch von einem GREISEN ALTEN GR\u00dcNEN MANN erwarten? Ein Absturz auf weniger als die H\u00e4lfte ist somit sicher!<a href=\"https:\/\/t.co\/R9QB4RbZGR\">https:\/\/t.co\/R9QB4RbZGR<\/a><\/p>&mdash; Wahlinformationen; Account zum Thema Wahlen in D ! (@DeutscheWaehler) <a href=\"https:\/\/twitter.com\/DeutscheWaehler\/status\/1839390612661186578?ref_src=twsrc%5Etfw\">26. September 2024<\/a><\/blockquote><\/div>\n<\/div><\/figure>\n\n<div class=\"twitter-share\"><a href=\"https:\/\/twitter.com\/intent\/tweet?via=haraldpaulick\" class=\"twitter-share-button\" data-size=\"large\">Twittern<\/a><\/div>\n","protected":false},"excerpt":{"rendered":"","protected":false},"author":1,"featured_media":0,"comment_status":"closed","ping_status":"open","sticky":false,"template":"","format":"standard","meta":{"footnotes":""},"categories":[{"term_id":132,"name":"Das 4. Reich GR\u00dcNER Pr\u00e4gung","slug":"das-4-reich-gruener-praegung","term_group":0,"term_taxonomy_id":132,"taxonomy":"category","description":"","parent":0,"count":458,"filter":"raw","cat_ID":132,"category_count":458,"category_description":"","cat_name":"Das 4. Reich GR\u00dcNER Pr\u00e4gung","category_nicename":"das-4-reich-gruener-praegung","category_parent":0},{"term_id":49,"name":"Deutschland schafft sich ab","slug":"deutschland-schafft-sich-ab","term_group":0,"term_taxonomy_id":49,"taxonomy":"category","description":"","parent":0,"count":662,"filter":"raw","cat_ID":49,"category_count":662,"category_description":"","cat_name":"Deutschland schafft sich ab","category_nicename":"deutschland-schafft-sich-ab","category_parent":0},{"term_id":202,"name":"Die T\u00e4ter sind unter uns!","slug":"die-taeter-sind-unter-uns","term_group":0,"term_taxonomy_id":202,"taxonomy":"category","description":"","parent":0,"count":316,"filter":"raw","cat_ID":202,"category_count":316,"category_description":"","cat_name":"Die T\u00e4ter sind unter uns!","category_nicename":"die-taeter-sind-unter-uns","category_parent":0},{"term_id":117,"name":"Diktatur","slug":"diktatur","term_group":0,"term_taxonomy_id":117,"taxonomy":"category","description":"","parent":0,"count":391,"filter":"raw","cat_ID":117,"category_count":391,"category_description":"","cat_name":"Diktatur","category_nicename":"diktatur","category_parent":0},{"term_id":144,"name":"Doppelte Staatsangeh\u00f6rigkeit","slug":"doppelte-staatsangehoerigkeit","term_group":0,"term_taxonomy_id":144,"taxonomy":"category","description":"","parent":0,"count":217,"filter":"raw","cat_ID":144,"category_count":217,"category_description":"","cat_name":"Doppelte Staatsangeh\u00f6rigkeit","category_nicename":"doppelte-staatsangehoerigkeit","category_parent":0},{"term_id":208,"name":"Gewalt und Terror von Migranten","slug":"gewalt-und-terror-von-migranten","term_group":0,"term_taxonomy_id":208,"taxonomy":"category","description":"","parent":0,"count":155,"filter":"raw","cat_ID":208,"category_count":155,"category_description":"","cat_name":"Gewalt und Terror von Migranten","category_nicename":"gewalt-und-terror-von-migranten","category_parent":0},{"term_id":192,"name":"Gr\u00fcne","slug":"gruene","term_group":0,"term_taxonomy_id":192,"taxonomy":"category","description":"","parent":0,"count":84,"filter":"raw","cat_ID":192,"category_count":84,"category_description":"","cat_name":"Gr\u00fcne","category_nicename":"gruene","category_parent":0},{"term_id":162,"name":"GR\u00dcNE BILDUNGSPOLITIK","slug":"gruene-bildungspolitik","term_group":0,"term_taxonomy_id":162,"taxonomy":"category","description":"","parent":0,"count":126,"filter":"raw","cat_ID":162,"category_count":126,"category_description":"","cat_name":"GR\u00dcNE BILDUNGSPOLITIK","category_nicename":"gruene-bildungspolitik","category_parent":0},{"term_id":168,"name":"GR\u00dcNE DIPLOMATIE","slug":"gruene-diplomatie","term_group":0,"term_taxonomy_id":168,"taxonomy":"category","description":"","parent":0,"count":95,"filter":"raw","cat_ID":168,"category_count":95,"category_description":"","cat_name":"GR\u00dcNE DIPLOMATIE","category_nicename":"gruene-diplomatie","category_parent":0},{"term_id":30,"name":"GR\u00dcNE Murks Politik","slug":"gruene-murks-politik","term_group":0,"term_taxonomy_id":30,"taxonomy":"category","description":"","parent":0,"count":804,"filter":"raw","cat_ID":30,"category_count":804,"category_description":"","cat_name":"GR\u00dcNE Murks Politik","category_nicename":"gruene-murks-politik","category_parent":0},{"term_id":133,"name":"GR\u00dcNISMUS","slug":"gruenismus","term_group":0,"term_taxonomy_id":133,"taxonomy":"category","description":"","parent":0,"count":314,"filter":"raw","cat_ID":133,"category_count":314,"category_description":"","cat_name":"GR\u00dcNISMUS","category_nicename":"gruenismus","category_parent":0},{"term_id":170,"name":"Hass der GR\u00dcNEN LINKEN auf alles ANDERSDENKENDE","slug":"hass-der-gruenen-linken-auf-alles-andersdenkende","term_group":0,"term_taxonomy_id":170,"taxonomy":"category","description":"","parent":0,"count":255,"filter":"raw","cat_ID":170,"category_count":255,"category_description":"","cat_name":"Hass der GR\u00dcNEN LINKEN auf alles ANDERSDENKENDE","category_nicename":"hass-der-gruenen-linken-auf-alles-andersdenkende","category_parent":0},{"term_id":112,"name":"Milliarden Deals UNBEMERKT","slug":"milliarden-deals-unbemerkt","term_group":0,"term_taxonomy_id":112,"taxonomy":"category","description":"","parent":0,"count":558,"filter":"raw","cat_ID":112,"category_count":558,"category_description":"","cat_name":"Milliarden Deals UNBEMERKT","category_nicename":"milliarden-deals-unbemerkt","category_parent":0},{"term_id":197,"name":"Politik zur Verantwortung ziehen","slug":"politik-zur-verantwortung-ziehen","term_group":0,"term_taxonomy_id":197,"taxonomy":"category","description":"","parent":0,"count":248,"filter":"raw","cat_ID":197,"category_count":248,"category_description":"","cat_name":"Politik zur Verantwortung ziehen","category_nicename":"politik-zur-verantwortung-ziehen","category_parent":0},{"term_id":89,"name":"Rechtsstaat","slug":"rechtsstaat","term_group":0,"term_taxonomy_id":89,"taxonomy":"category","description":"","parent":0,"count":121,"filter":"raw","cat_ID":89,"category_count":121,"category_description":"","cat_name":"Rechtsstaat","category_nicename":"rechtsstaat","category_parent":0},{"term_id":177,"name":"Schwarz-Gr\u00fcne Regierung","slug":"schwarz-gruene-regierung","term_group":0,"term_taxonomy_id":177,"taxonomy":"category","description":"","parent":0,"count":63,"filter":"raw","cat_ID":177,"category_count":63,"category_description":"","cat_name":"Schwarz-Gr\u00fcne Regierung","category_nicename":"schwarz-gruene-regierung","category_parent":0},{"term_id":119,"name":"Vetternwirtschaft","slug":"vetternwirtschaft","term_group":0,"term_taxonomy_id":119,"taxonomy":"category","description":"","parent":0,"count":491,"filter":"raw","cat_ID":119,"category_count":491,"category_description":"","cat_name":"Vetternwirtschaft","category_nicename":"vetternwirtschaft","category_parent":0},{"term_id":190,"name":"Zwangsma\u00dfnahmen gegen nicht-gr\u00fcnes-Denken","slug":"zwangsmassnahmen-gegen-nicht-gruenes-denken","term_group":0,"term_taxonomy_id":190,"taxonomy":"category","description":"","parent":0,"count":246,"filter":"raw","cat_ID":190,"category_count":246,"category_description":"","cat_name":"Zwangsma\u00dfnahmen gegen nicht-gr\u00fcnes-Denken","category_nicename":"zwangsmassnahmen-gegen-nicht-gruenes-denken","category_parent":0}],"tags":[],"class_list":["post-3095","post","type-post","status-publish","format-standard","hentry","category-das-4-reich-gruener-praegung","category-deutschland-schafft-sich-ab","category-die-taeter-sind-unter-uns","category-diktatur","category-doppelte-staatsangehoerigkeit","category-gewalt-und-terror-von-migranten","category-gruene","category-gruene-bildungspolitik","category-gruene-diplomatie","category-gruene-murks-politik","category-gruenismus","category-hass-der-gruenen-linken-auf-alles-andersdenkende","category-milliarden-deals-unbemerkt","category-politik-zur-verantwortung-ziehen","category-rechtsstaat","category-schwarz-gruene-regierung","category-vetternwirtschaft","category-zwangsmassnahmen-gegen-nicht-gruenes-denken"],"images":{"thumbnail":false,"medium":false,"medium_large":false,"large":false,"full":false},"_links":{"self":[{"href":"https:\/\/hpaulick.de\/index.php?rest_route=\/wp\/v2\/posts\/3095","targetHints":{"allow":["GET"]}}],"collection":[{"href":"https:\/\/hpaulick.de\/index.php?rest_route=\/wp\/v2\/posts"}],"about":[{"href":"https:\/\/hpaulick.de\/index.php?rest_route=\/wp\/v2\/types\/post"}],"author":[{"embeddable":true,"href":"https:\/\/hpaulick.de\/index.php?rest_route=\/wp\/v2\/users\/1"}],"replies":[{"embeddable":true,"href":"https:\/\/hpaulick.de\/index.php?rest_route=%2Fwp%2Fv2%2Fcomments&post=3095"}],"version-history":[{"count":1,"href":"https:\/\/hpaulick.de\/index.php?rest_route=\/wp\/v2\/posts\/3095\/revisions"}],"predecessor-version":[{"id":3096,"href":"https:\/\/hpaulick.de\/index.php?rest_route=\/wp\/v2\/posts\/3095\/revisions\/3096"}],"wp:attachment":[{"href":"https:\/\/hpaulick.de\/index.php?rest_route=%2Fwp%2Fv2%2Fmedia&parent=3095"}],"wp:term":[{"taxonomy":"category","embeddable":true,"href":"https:\/\/hpaulick.de\/index.php?rest_route=%2Fwp%2Fv2%2Fcategories&post=3095"},{"taxonomy":"post_tag","embeddable":true,"href":"https:\/\/hpaulick.de\/index.php?rest_route=%2Fwp%2Fv2%2Ftags&post=3095"}],"curies":[{"name":"wp","href":"https:\/\/api.w.org\/{rel}","templated":true}]}}