{"id":3122,"date":"2024-10-04T17:22:42","date_gmt":"2024-10-04T17:22:42","guid":{"rendered":"http:\/\/hpaulick.de\/?p=3122"},"modified":"2024-10-04T17:22:44","modified_gmt":"2024-10-04T17:22:44","slug":"staat-am-ende-wenn%f0%9f%9a%a6regierung-verbuendet-mit-cdu-kosten-fuer-ausbildung-von-hasspredigern-uebernimmt","status":"publish","type":"post","link":"https:\/\/hpaulick.de\/?p=3122","title":{"rendered":"Staat am Ende? Wenn\ud83d\udea6Regierung verb\u00fcndet mit CDU Kosten f\u00fcr Ausbildung von Hasspredigern \u00fcbernimmt"},"content":{"rendered":"\n<figure class=\"wp-block-embed is-type-rich is-provider-twitter wp-block-embed-twitter\"><div class=\"wp-block-embed__wrapper\">\n<div class=\"twitter-tweet\"><blockquote class=\"twitter-tweet\" data-lang=\"de\"><p lang=\"de\" dir=\"ltr\"><a href=\"https:\/\/twitter.com\/hashtag\/Staat?src=hash&amp;ref_src=twsrc%5Etfw\">#Staat<\/a> am Ende?<br>Wenn\ud83d\udea6Regierung verb\u00fcndet mit CDU Kosten f\u00fcr Ausbildung von <a href=\"https:\/\/twitter.com\/hashtag\/Hasspredigern?src=hash&amp;ref_src=twsrc%5Etfw\">#Hasspredigern<\/a> \u00fcbernimmt auf deren Predigten keinen Einfluss mehr hat! Unsere humanistischen Altparteien sorgen daf\u00fcr, dass das Kalifat &amp; Scharia schnellstm\u00f6glich REALIT\u00c4T wird!<br>Harald Paulick<a href=\"https:\/\/twitter.com\/hashtag\/WerteUnion?src=hash&amp;ref_src=twsrc%5Etfw\">#WerteUnion<\/a> <a href=\"https:\/\/t.co\/RKvvlf639A\">https:\/\/t.co\/RKvvlf639A<\/a><\/p>&mdash; Menippeischer #Satiriker, #Blogger, Schriftsteller (@Scheinheilig16) <a href=\"https:\/\/twitter.com\/Scheinheilig16\/status\/1842248137932509610?ref_src=twsrc%5Etfw\">4. Oktober 2024<\/a><\/blockquote><\/div>\n<\/div><\/figure>\n\n<div class=\"twitter-share\"><a href=\"https:\/\/twitter.com\/intent\/tweet?via=haraldpaulick\" class=\"twitter-share-button\" data-size=\"large\">Twittern<\/a><\/div>\n","protected":false},"excerpt":{"rendered":"","protected":false},"author":1,"featured_media":0,"comment_status":"closed","ping_status":"open","sticky":false,"template":"","format":"standard","meta":{"footnotes":""},"categories":[{"term_id":95,"name":"Antisemitismus","slug":"antisemitismus","term_group":0,"term_taxonomy_id":95,"taxonomy":"category","description":"","parent":0,"count":60,"filter":"raw","cat_ID":95,"category_count":60,"category_description":"","cat_name":"Antisemitismus","category_nicename":"antisemitismus","category_parent":0},{"term_id":27,"name":"Asylpolitik","slug":"asylpolitik","term_group":0,"term_taxonomy_id":27,"taxonomy":"category","description":"","parent":0,"count":325,"filter":"raw","cat_ID":27,"category_count":325,"category_description":"","cat_name":"Asylpolitik","category_nicename":"asylpolitik","category_parent":0},{"term_id":171,"name":"Den DEUTSCHEN geht es viel zu gut","slug":"den-deutschen-geht-es-viel-zu-gut","term_group":0,"term_taxonomy_id":171,"taxonomy":"category","description":"","parent":0,"count":218,"filter":"raw","cat_ID":171,"category_count":218,"category_description":"","cat_name":"Den DEUTSCHEN geht es viel zu gut","category_nicename":"den-deutschen-geht-es-viel-zu-gut","category_parent":0},{"term_id":49,"name":"Deutschland schafft sich ab","slug":"deutschland-schafft-sich-ab","term_group":0,"term_taxonomy_id":49,"taxonomy":"category","description":"","parent":0,"count":662,"filter":"raw","cat_ID":49,"category_count":662,"category_description":"","cat_name":"Deutschland schafft sich ab","category_nicename":"deutschland-schafft-sich-ab","category_parent":0},{"term_id":144,"name":"Doppelte Staatsangeh\u00f6rigkeit","slug":"doppelte-staatsangehoerigkeit","term_group":0,"term_taxonomy_id":144,"taxonomy":"category","description":"","parent":0,"count":217,"filter":"raw","cat_ID":144,"category_count":217,"category_description":"","cat_name":"Doppelte Staatsangeh\u00f6rigkeit","category_nicename":"doppelte-staatsangehoerigkeit","category_parent":0},{"term_id":167,"name":"Gewalt und Terror von LINKS","slug":"gewalt-und-terror-von-links","term_group":0,"term_taxonomy_id":167,"taxonomy":"category","description":"","parent":0,"count":233,"filter":"raw","cat_ID":167,"category_count":233,"category_description":"","cat_name":"Gewalt und Terror von LINKS","category_nicename":"gewalt-und-terror-von-links","category_parent":0},{"term_id":208,"name":"Gewalt und Terror von Migranten","slug":"gewalt-und-terror-von-migranten","term_group":0,"term_taxonomy_id":208,"taxonomy":"category","description":"","parent":0,"count":155,"filter":"raw","cat_ID":208,"category_count":155,"category_description":"","cat_name":"Gewalt und Terror von Migranten","category_nicename":"gewalt-und-terror-von-migranten","category_parent":0},{"term_id":30,"name":"GR\u00dcNE Murks Politik","slug":"gruene-murks-politik","term_group":0,"term_taxonomy_id":30,"taxonomy":"category","description":"","parent":0,"count":804,"filter":"raw","cat_ID":30,"category_count":804,"category_description":"","cat_name":"GR\u00dcNE Murks Politik","category_nicename":"gruene-murks-politik","category_parent":0},{"term_id":209,"name":"Illusion von Integration","slug":"illusion-von-integration","term_group":0,"term_taxonomy_id":209,"taxonomy":"category","description":"","parent":0,"count":199,"filter":"raw","cat_ID":209,"category_count":199,"category_description":"","cat_name":"Illusion von Integration","category_nicename":"illusion-von-integration","category_parent":0},{"term_id":148,"name":"Islamischer Staat Deutschland","slug":"islamischer-staat-deutschland","term_group":0,"term_taxonomy_id":148,"taxonomy":"category","description":"","parent":0,"count":123,"filter":"raw","cat_ID":148,"category_count":123,"category_description":"","cat_name":"Islamischer Staat Deutschland","category_nicename":"islamischer-staat-deutschland","category_parent":0},{"term_id":86,"name":"Islamismus","slug":"islamismus","term_group":0,"term_taxonomy_id":86,"taxonomy":"category","description":"","parent":0,"count":122,"filter":"raw","cat_ID":86,"category_count":122,"category_description":"","cat_name":"Islamismus","category_nicename":"islamismus","category_parent":0},{"term_id":195,"name":"Kriegstreiber","slug":"kriegstreiber","term_group":0,"term_taxonomy_id":195,"taxonomy":"category","description":"","parent":0,"count":45,"filter":"raw","cat_ID":195,"category_count":45,"category_description":"","cat_name":"Kriegstreiber","category_nicename":"kriegstreiber","category_parent":0},{"term_id":197,"name":"Politik zur Verantwortung ziehen","slug":"politik-zur-verantwortung-ziehen","term_group":0,"term_taxonomy_id":197,"taxonomy":"category","description":"","parent":0,"count":248,"filter":"raw","cat_ID":197,"category_count":248,"category_description":"","cat_name":"Politik zur Verantwortung ziehen","category_nicename":"politik-zur-verantwortung-ziehen","category_parent":0},{"term_id":124,"name":"Trennung von Staat und Kirche","slug":"trennung-von-staat-und-kirche","term_group":0,"term_taxonomy_id":124,"taxonomy":"category","description":"","parent":0,"count":19,"filter":"raw","cat_ID":124,"category_count":19,"category_description":"","cat_name":"Trennung von Staat und Kirche","category_nicename":"trennung-von-staat-und-kirche","category_parent":0},{"term_id":119,"name":"Vetternwirtschaft","slug":"vetternwirtschaft","term_group":0,"term_taxonomy_id":119,"taxonomy":"category","description":"","parent":0,"count":491,"filter":"raw","cat_ID":119,"category_count":491,"category_description":"","cat_name":"Vetternwirtschaft","category_nicename":"vetternwirtschaft","category_parent":0},{"term_id":174,"name":"VON LINKS provozierter RECHTSRUCK","slug":"von-links-provozierter-rechtsruck","term_group":0,"term_taxonomy_id":174,"taxonomy":"category","description":"","parent":0,"count":304,"filter":"raw","cat_ID":174,"category_count":304,"category_description":"","cat_name":"VON LINKS provozierter RECHTSRUCK","category_nicename":"von-links-provozierter-rechtsruck","category_parent":0},{"term_id":190,"name":"Zwangsma\u00dfnahmen gegen nicht-gr\u00fcnes-Denken","slug":"zwangsmassnahmen-gegen-nicht-gruenes-denken","term_group":0,"term_taxonomy_id":190,"taxonomy":"category","description":"","parent":0,"count":246,"filter":"raw","cat_ID":190,"category_count":246,"category_description":"","cat_name":"Zwangsma\u00dfnahmen gegen nicht-gr\u00fcnes-Denken","category_nicename":"zwangsmassnahmen-gegen-nicht-gruenes-denken","category_parent":0}],"tags":[],"class_list":["post-3122","post","type-post","status-publish","format-standard","hentry","category-antisemitismus","category-asylpolitik","category-den-deutschen-geht-es-viel-zu-gut","category-deutschland-schafft-sich-ab","category-doppelte-staatsangehoerigkeit","category-gewalt-und-terror-von-links","category-gewalt-und-terror-von-migranten","category-gruene-murks-politik","category-illusion-von-integration","category-islamischer-staat-deutschland","category-islamismus","category-kriegstreiber","category-politik-zur-verantwortung-ziehen","category-trennung-von-staat-und-kirche","category-vetternwirtschaft","category-von-links-provozierter-rechtsruck","category-zwangsmassnahmen-gegen-nicht-gruenes-denken"],"images":{"thumbnail":false,"medium":false,"medium_large":false,"large":false,"full":false},"_links":{"self":[{"href":"https:\/\/hpaulick.de\/index.php?rest_route=\/wp\/v2\/posts\/3122","targetHints":{"allow":["GET"]}}],"collection":[{"href":"https:\/\/hpaulick.de\/index.php?rest_route=\/wp\/v2\/posts"}],"about":[{"href":"https:\/\/hpaulick.de\/index.php?rest_route=\/wp\/v2\/types\/post"}],"author":[{"embeddable":true,"href":"https:\/\/hpaulick.de\/index.php?rest_route=\/wp\/v2\/users\/1"}],"replies":[{"embeddable":true,"href":"https:\/\/hpaulick.de\/index.php?rest_route=%2Fwp%2Fv2%2Fcomments&post=3122"}],"version-history":[{"count":1,"href":"https:\/\/hpaulick.de\/index.php?rest_route=\/wp\/v2\/posts\/3122\/revisions"}],"predecessor-version":[{"id":3123,"href":"https:\/\/hpaulick.de\/index.php?rest_route=\/wp\/v2\/posts\/3122\/revisions\/3123"}],"wp:attachment":[{"href":"https:\/\/hpaulick.de\/index.php?rest_route=%2Fwp%2Fv2%2Fmedia&parent=3122"}],"wp:term":[{"taxonomy":"category","embeddable":true,"href":"https:\/\/hpaulick.de\/index.php?rest_route=%2Fwp%2Fv2%2Fcategories&post=3122"},{"taxonomy":"post_tag","embeddable":true,"href":"https:\/\/hpaulick.de\/index.php?rest_route=%2Fwp%2Fv2%2Ftags&post=3122"}],"curies":[{"name":"wp","href":"https:\/\/api.w.org\/{rel}","templated":true}]}}