{"id":3173,"date":"2024-11-15T11:16:50","date_gmt":"2024-11-15T11:16:50","guid":{"rendered":"http:\/\/hpaulick.de\/?p=3173"},"modified":"2024-11-16T10:04:57","modified_gmt":"2024-11-16T10:04:57","slug":"gruene-konsequenzen","status":"publish","type":"post","link":"https:\/\/hpaulick.de\/?p=3173","title":{"rendered":"Gr\u00fcne Konsequenzen!"},"content":{"rendered":"\n<p><a href=\"https:\/\/x.com\/Scheinheilig16\"><\/a><\/p>\n\n\n\n<p><a href=\"https:\/\/x.com\/Scheinheilig16\"><br>Menippeischer #Satiriker, #Blogger, Schriftsteller<\/a><\/p>\n\n\n\n<p><a href=\"https:\/\/x.com\/Scheinheilig16\"><\/a><\/p>\n\n\n\n<p><a href=\"https:\/\/x.com\/Scheinheilig16\"><\/a><\/p>\n\n\n\n<p><a href=\"https:\/\/x.com\/Scheinheilig16\">@Scheinheilig16<\/a><\/p>\n\n\n\n<p>Hallo Freunde der Gr\u00fcnen. Seit Tagen schaltet mein Energieversorger die W\u00e4rmepumpe immer l\u00e4nger ab (Fernabschaltung) Grund: Nicht gen\u00fcgend Strom im Netz. Auch E-Auto Wallboxen werden immer mehr abgeschaltet!<br>Folge: Kalt Duschen &amp; Fahrrad fahren !<br>W\u00e4hlt <a href=\"https:\/\/x.com\/hashtag\/GR%C3%9CN?src=hashtag_click\">#GR\u00dcN<\/a>, denn ihr wollt diese ZUKUNFT!<br><\/p>\n\n\n\n<figure class=\"wp-block-image size-full is-style-rounded\"><img loading=\"lazy\" decoding=\"async\" width=\"300\" height=\"168\" src=\"http:\/\/hpaulick.de\/wp-content\/uploads\/2024\/11\/image-1.png\" alt=\"\" class=\"wp-image-3176\"\/><\/figure>\n\n\n\n<p><a href=\"https:\/\/twitter.com\/Scheinheilig16\/status\/1856986721826582793\">https:\/\/twitter.com\/Scheinheilig16\/status\/1856986721826582793<\/a><\/p>\n\n\n\n<p><\/p>\n\n<div class=\"twitter-share\"><a href=\"https:\/\/twitter.com\/intent\/tweet?via=haraldpaulick\" class=\"twitter-share-button\" data-size=\"large\">Twittern<\/a><\/div>\n","protected":false},"excerpt":{"rendered":"<p>Menippeischer #Satiriker, #Blogger, Schriftsteller @Scheinheilig16 Hallo Freunde der Gr\u00fcnen. Seit Tagen schaltet mein Energieversorger die W\u00e4rmepumpe immer l\u00e4nger ab (Fernabschaltung) Grund: Nicht gen\u00fcgend Strom im Netz. Auch E-Auto Wallboxen werden immer mehr abgeschaltet!Folge: Kalt Duschen &amp; Fahrrad fahren !W\u00e4hlt #GR\u00dcN, denn ihr wollt diese ZUKUNFT! https:\/\/twitter.com\/Scheinheilig16\/status\/1856986721826582793<\/p>\n","protected":false},"author":1,"featured_media":0,"comment_status":"closed","ping_status":"open","sticky":false,"template":"","format":"standard","meta":{"footnotes":""},"categories":[{"term_id":30,"name":"GR\u00dcNE Murks Politik","slug":"gruene-murks-politik","term_group":0,"term_taxonomy_id":30,"taxonomy":"category","description":"","parent":0,"count":805,"filter":"raw","cat_ID":30,"category_count":805,"category_description":"","cat_name":"GR\u00dcNE Murks Politik","category_nicename":"gruene-murks-politik","category_parent":0}],"tags":[],"class_list":["post-3173","post","type-post","status-publish","format-standard","hentry","category-gruene-murks-politik"],"images":{"thumbnail":false,"medium":false,"medium_large":false,"large":false,"full":false},"_links":{"self":[{"href":"https:\/\/hpaulick.de\/index.php?rest_route=\/wp\/v2\/posts\/3173","targetHints":{"allow":["GET"]}}],"collection":[{"href":"https:\/\/hpaulick.de\/index.php?rest_route=\/wp\/v2\/posts"}],"about":[{"href":"https:\/\/hpaulick.de\/index.php?rest_route=\/wp\/v2\/types\/post"}],"author":[{"embeddable":true,"href":"https:\/\/hpaulick.de\/index.php?rest_route=\/wp\/v2\/users\/1"}],"replies":[{"embeddable":true,"href":"https:\/\/hpaulick.de\/index.php?rest_route=%2Fwp%2Fv2%2Fcomments&post=3173"}],"version-history":[{"count":4,"href":"https:\/\/hpaulick.de\/index.php?rest_route=\/wp\/v2\/posts\/3173\/revisions"}],"predecessor-version":[{"id":3185,"href":"https:\/\/hpaulick.de\/index.php?rest_route=\/wp\/v2\/posts\/3173\/revisions\/3185"}],"wp:attachment":[{"href":"https:\/\/hpaulick.de\/index.php?rest_route=%2Fwp%2Fv2%2Fmedia&parent=3173"}],"wp:term":[{"taxonomy":"category","embeddable":true,"href":"https:\/\/hpaulick.de\/index.php?rest_route=%2Fwp%2Fv2%2Fcategories&post=3173"},{"taxonomy":"post_tag","embeddable":true,"href":"https:\/\/hpaulick.de\/index.php?rest_route=%2Fwp%2Fv2%2Ftags&post=3173"}],"curies":[{"name":"wp","href":"https:\/\/api.w.org\/{rel}","templated":true}]}}