{"id":3246,"date":"2024-11-29T11:00:48","date_gmt":"2024-11-29T11:00:48","guid":{"rendered":"https:\/\/hpaulick.de\/?p=3246"},"modified":"2024-11-29T11:02:51","modified_gmt":"2024-11-29T11:02:51","slug":"gruene-luegen-seit-3-jahren-als-regierungspartei-und-keiner-regt-sich-darueber-auf","status":"publish","type":"post","link":"https:\/\/hpaulick.de\/?p=3246","title":{"rendered":"GR\u00dcNE L\u00dcGEN seit 3 JAHREN als Regierungspartei und keiner regt sich dar\u00fcber auf."},"content":{"rendered":"\n<figure class=\"wp-block-embed is-type-rich is-provider-bluesky-einbettung wp-block-embed-bluesky-einbettung\"><div class=\"wp-block-embed__wrapper\">\n<blockquote class=\"bluesky-embed\" data-bluesky-uri=\"at:\/\/did:plc:grs47yiiqg75onqwtxz2t3hq\/app.bsky.feed.post\/3lc3fvt4yck2c\" data-bluesky-cid=\"bafyreifcuko53wndguoklxxs2msf435534fxcjdxnyb5jq2nepeyr2ykiu\"><p lang=\"de\">Lustig, die GR\u00dcNEN L\u00dcGEN seit 3 JAHREN als Regierungspartei und keiner regt sich dar\u00fcber auf.Im Kindergarten sagt man dazu:&#34;Einmal ist keinmal&#34;<\/p>&mdash; <a href=\"https:\/\/bsky.app\/profile\/did:plc:grs47yiiqg75onqwtxz2t3hq?ref_src=embed\">Freiheit (@haraldpaulick.bsky.social)<\/a> <a href=\"https:\/\/bsky.app\/profile\/did:plc:grs47yiiqg75onqwtxz2t3hq\/post\/3lc3fvt4yck2c?ref_src=embed\">2024-11-29T10:50:28.554Z<\/a><\/blockquote><script async src=\"https:\/\/embed.bsky.app\/static\/embed.js\" charset=\"utf-8\"><\/script>\n<\/div><\/figure>\n\n<div class=\"twitter-share\"><a href=\"https:\/\/twitter.com\/intent\/tweet?via=haraldpaulick\" class=\"twitter-share-button\" data-size=\"large\">Twittern<\/a><\/div>\n","protected":false},"excerpt":{"rendered":"","protected":false},"author":1,"featured_media":0,"comment_status":"closed","ping_status":"open","sticky":false,"template":"","format":"standard","meta":{"footnotes":""},"categories":[{"term_id":85,"name":"FDP","slug":"fdp","term_group":0,"term_taxonomy_id":85,"taxonomy":"category","description":"","parent":0,"count":78,"filter":"raw","cat_ID":85,"category_count":78,"category_description":"","cat_name":"FDP","category_nicename":"fdp","category_parent":0},{"term_id":192,"name":"Gr\u00fcne","slug":"gruene","term_group":0,"term_taxonomy_id":192,"taxonomy":"category","description":"","parent":0,"count":85,"filter":"raw","cat_ID":192,"category_count":85,"category_description":"","cat_name":"Gr\u00fcne","category_nicename":"gruene","category_parent":0},{"term_id":79,"name":"SPD","slug":"spd","term_group":0,"term_taxonomy_id":79,"taxonomy":"category","description":"","parent":0,"count":232,"filter":"raw","cat_ID":79,"category_count":232,"category_description":"","cat_name":"SPD","category_nicename":"spd","category_parent":0},{"term_id":174,"name":"VON LINKS provozierter RECHTSRUCK","slug":"von-links-provozierter-rechtsruck","term_group":0,"term_taxonomy_id":174,"taxonomy":"category","description":"","parent":0,"count":305,"filter":"raw","cat_ID":174,"category_count":305,"category_description":"","cat_name":"VON LINKS provozierter RECHTSRUCK","category_nicename":"von-links-provozierter-rechtsruck","category_parent":0},{"term_id":190,"name":"Zwangsma\u00dfnahmen gegen nicht-gr\u00fcnes-Denken","slug":"zwangsmassnahmen-gegen-nicht-gruenes-denken","term_group":0,"term_taxonomy_id":190,"taxonomy":"category","description":"","parent":0,"count":246,"filter":"raw","cat_ID":190,"category_count":246,"category_description":"","cat_name":"Zwangsma\u00dfnahmen gegen nicht-gr\u00fcnes-Denken","category_nicename":"zwangsmassnahmen-gegen-nicht-gruenes-denken","category_parent":0}],"tags":[],"class_list":["post-3246","post","type-post","status-publish","format-standard","hentry","category-fdp","category-gruene","category-spd","category-von-links-provozierter-rechtsruck","category-zwangsmassnahmen-gegen-nicht-gruenes-denken"],"images":{"thumbnail":false,"medium":false,"medium_large":false,"large":false,"full":false},"_links":{"self":[{"href":"https:\/\/hpaulick.de\/index.php?rest_route=\/wp\/v2\/posts\/3246","targetHints":{"allow":["GET"]}}],"collection":[{"href":"https:\/\/hpaulick.de\/index.php?rest_route=\/wp\/v2\/posts"}],"about":[{"href":"https:\/\/hpaulick.de\/index.php?rest_route=\/wp\/v2\/types\/post"}],"author":[{"embeddable":true,"href":"https:\/\/hpaulick.de\/index.php?rest_route=\/wp\/v2\/users\/1"}],"replies":[{"embeddable":true,"href":"https:\/\/hpaulick.de\/index.php?rest_route=%2Fwp%2Fv2%2Fcomments&post=3246"}],"version-history":[{"count":2,"href":"https:\/\/hpaulick.de\/index.php?rest_route=\/wp\/v2\/posts\/3246\/revisions"}],"predecessor-version":[{"id":3248,"href":"https:\/\/hpaulick.de\/index.php?rest_route=\/wp\/v2\/posts\/3246\/revisions\/3248"}],"wp:attachment":[{"href":"https:\/\/hpaulick.de\/index.php?rest_route=%2Fwp%2Fv2%2Fmedia&parent=3246"}],"wp:term":[{"taxonomy":"category","embeddable":true,"href":"https:\/\/hpaulick.de\/index.php?rest_route=%2Fwp%2Fv2%2Fcategories&post=3246"},{"taxonomy":"post_tag","embeddable":true,"href":"https:\/\/hpaulick.de\/index.php?rest_route=%2Fwp%2Fv2%2Ftags&post=3246"}],"curies":[{"name":"wp","href":"https:\/\/api.w.org\/{rel}","templated":true}]}}