{"id":3275,"date":"2024-12-01T11:43:39","date_gmt":"2024-12-01T11:43:39","guid":{"rendered":"https:\/\/hpaulick.de\/?p=3275"},"modified":"2024-12-01T11:43:39","modified_gmt":"2024-12-01T11:43:39","slug":"olaf-scholz-kanzler-spd-will-bei-wahlsieg-mindestlohn-auf-15-e-erhoehen-und-mindestens-100-milliarden-sondervermoegen-auflegen-wie-immer-versprechen-sie-wieder-alles-und-die-dummen-fallen-auch-wieder","status":"publish","type":"post","link":"https:\/\/hpaulick.de\/?p=3275","title":{"rendered":"Olaf Scholz Kanzler SPD will bei Wahlsieg Mindestlohn auf 15 \u20ac erh\u00f6hen und mindestens 100 Milliarden Sonderverm\u00f6gen auflegen. Wie immer versprechen SIE wieder alles und die Dummen fallen auch wieder darauf rein! Am 24.02.2025 kann er sich nicht mehr erinnern!"},"content":{"rendered":"\n<figure class=\"wp-block-embed is-type-rich is-provider-twitter wp-block-embed-twitter\"><div class=\"wp-block-embed__wrapper\">\n<div class=\"twitter-tweet\"><blockquote class=\"twitter-tweet\" data-lang=\"de\"><p lang=\"de\" dir=\"ltr\">Bundestagswahl 2025: Olaf <a href=\"https:\/\/twitter.com\/hashtag\/Scholz?src=hash&amp;ref_src=twsrc%5Etfw\">#Scholz<\/a> will bei <a href=\"https:\/\/twitter.com\/hashtag\/Wahlsieg?src=hash&amp;ref_src=twsrc%5Etfw\">#Wahlsieg<\/a> <a href=\"https:\/\/twitter.com\/hashtag\/Mindestlohn?src=hash&amp;ref_src=twsrc%5Etfw\">#Mindestlohn<\/a> auf 15 Euro erh\u00f6hen und 100 Milliarden <a href=\"https:\/\/twitter.com\/hashtag\/Sonderverm%C3%B6gen?src=hash&amp;ref_src=twsrc%5Etfw\">#Sonderverm\u00f6gen<\/a> auflegen (Selbstverst\u00e4ndlich alles auf PUMP). Sch\u00f6nen Gru\u00df an die JUNGE GENERATION.<br>Staatverschuldung steigt dann von 60 auf \u00fcber 100%!<a href=\"https:\/\/t.co\/6UozBdhPPH\">https:\/\/t.co\/6UozBdhPPH<\/a><\/p>&mdash; Harald Paulick &#8211; Politische Meinungsbeeinflussung! (@Freund_Freiheit) <a href=\"https:\/\/twitter.com\/Freund_Freiheit\/status\/1863186285449424983?ref_src=twsrc%5Etfw\">1. Dezember 2024<\/a><\/blockquote><\/div>\n<\/div><\/figure>\n\n<div class=\"twitter-share\"><a href=\"https:\/\/twitter.com\/intent\/tweet?via=haraldpaulick\" class=\"twitter-share-button\" data-size=\"large\">Twittern<\/a><\/div>\n","protected":false},"excerpt":{"rendered":"","protected":false},"author":1,"featured_media":0,"comment_status":"closed","ping_status":"open","sticky":false,"template":"","format":"standard","meta":{"footnotes":""},"categories":[{"term_id":213,"name":"Beschaffungskriminalit\u00e4t","slug":"beschaffungskriminalitaet","term_group":0,"term_taxonomy_id":213,"taxonomy":"category","description":"","parent":0,"count":57,"filter":"raw","cat_ID":213,"category_count":57,"category_description":"","cat_name":"Beschaffungskriminalit\u00e4t","category_nicename":"beschaffungskriminalitaet","category_parent":0},{"term_id":54,"name":"Bildungslose Politiker","slug":"bildungslose-politiker","term_group":0,"term_taxonomy_id":54,"taxonomy":"category","description":"","parent":0,"count":676,"filter":"raw","cat_ID":54,"category_count":676,"category_description":"","cat_name":"Bildungslose Politiker","category_nicename":"bildungslose-politiker","category_parent":0},{"term_id":171,"name":"Den DEUTSCHEN geht es viel zu gut","slug":"den-deutschen-geht-es-viel-zu-gut","term_group":0,"term_taxonomy_id":171,"taxonomy":"category","description":"","parent":0,"count":219,"filter":"raw","cat_ID":171,"category_count":219,"category_description":"","cat_name":"Den DEUTSCHEN geht es viel zu gut","category_nicename":"den-deutschen-geht-es-viel-zu-gut","category_parent":0},{"term_id":49,"name":"Deutschland schafft sich ab","slug":"deutschland-schafft-sich-ab","term_group":0,"term_taxonomy_id":49,"taxonomy":"category","description":"","parent":0,"count":663,"filter":"raw","cat_ID":49,"category_count":663,"category_description":"","cat_name":"Deutschland schafft sich ab","category_nicename":"deutschland-schafft-sich-ab","category_parent":0},{"term_id":111,"name":"Sozialismus","slug":"sozialismus","term_group":0,"term_taxonomy_id":111,"taxonomy":"category","description":"","parent":0,"count":280,"filter":"raw","cat_ID":111,"category_count":280,"category_description":"","cat_name":"Sozialismus","category_nicename":"sozialismus","category_parent":0},{"term_id":79,"name":"SPD","slug":"spd","term_group":0,"term_taxonomy_id":79,"taxonomy":"category","description":"","parent":0,"count":232,"filter":"raw","cat_ID":79,"category_count":232,"category_description":"","cat_name":"SPD","category_nicename":"spd","category_parent":0},{"term_id":101,"name":"Staatsschulden","slug":"staatsschulden","term_group":0,"term_taxonomy_id":101,"taxonomy":"category","description":"","parent":0,"count":77,"filter":"raw","cat_ID":101,"category_count":77,"category_description":"","cat_name":"Staatsschulden","category_nicename":"staatsschulden","category_parent":0},{"term_id":219,"name":"Staatsversagen","slug":"staatsversagen","term_group":0,"term_taxonomy_id":219,"taxonomy":"category","description":"","parent":0,"count":89,"filter":"raw","cat_ID":219,"category_count":89,"category_description":"","cat_name":"Staatsversagen","category_nicename":"staatsversagen","category_parent":0}],"tags":[],"class_list":["post-3275","post","type-post","status-publish","format-standard","hentry","category-beschaffungskriminalitaet","category-bildungslose-politiker","category-den-deutschen-geht-es-viel-zu-gut","category-deutschland-schafft-sich-ab","category-sozialismus","category-spd","category-staatsschulden","category-staatsversagen"],"images":{"thumbnail":false,"medium":false,"medium_large":false,"large":false,"full":false},"_links":{"self":[{"href":"https:\/\/hpaulick.de\/index.php?rest_route=\/wp\/v2\/posts\/3275","targetHints":{"allow":["GET"]}}],"collection":[{"href":"https:\/\/hpaulick.de\/index.php?rest_route=\/wp\/v2\/posts"}],"about":[{"href":"https:\/\/hpaulick.de\/index.php?rest_route=\/wp\/v2\/types\/post"}],"author":[{"embeddable":true,"href":"https:\/\/hpaulick.de\/index.php?rest_route=\/wp\/v2\/users\/1"}],"replies":[{"embeddable":true,"href":"https:\/\/hpaulick.de\/index.php?rest_route=%2Fwp%2Fv2%2Fcomments&post=3275"}],"version-history":[{"count":1,"href":"https:\/\/hpaulick.de\/index.php?rest_route=\/wp\/v2\/posts\/3275\/revisions"}],"predecessor-version":[{"id":3276,"href":"https:\/\/hpaulick.de\/index.php?rest_route=\/wp\/v2\/posts\/3275\/revisions\/3276"}],"wp:attachment":[{"href":"https:\/\/hpaulick.de\/index.php?rest_route=%2Fwp%2Fv2%2Fmedia&parent=3275"}],"wp:term":[{"taxonomy":"category","embeddable":true,"href":"https:\/\/hpaulick.de\/index.php?rest_route=%2Fwp%2Fv2%2Fcategories&post=3275"},{"taxonomy":"post_tag","embeddable":true,"href":"https:\/\/hpaulick.de\/index.php?rest_route=%2Fwp%2Fv2%2Ftags&post=3275"}],"curies":[{"name":"wp","href":"https:\/\/api.w.org\/{rel}","templated":true}]}}