{"id":3293,"date":"2024-12-01T16:41:51","date_gmt":"2024-12-01T16:41:51","guid":{"rendered":"https:\/\/hpaulick.de\/?p=3293"},"modified":"2024-12-01T16:41:51","modified_gmt":"2024-12-01T16:41:51","slug":"scholz-bespielt-routiniert-die-sozialdemokratische-klaviatur-zum-wahlkampf","status":"publish","type":"post","link":"https:\/\/hpaulick.de\/?p=3293","title":{"rendered":"Scholz bespielt routiniert die sozialdemokratische Klaviatur zum Wahlkampf"},"content":{"rendered":"\n<figure class=\"wp-block-embed is-type-rich is-provider-twitter wp-block-embed-twitter\"><div class=\"wp-block-embed__wrapper\">\n<div class=\"twitter-tweet\"><blockquote class=\"twitter-tweet\" data-lang=\"de\"><p lang=\"de\" dir=\"ltr\">Scholz bespielt routiniert die sozialdemokratische Klaviatur zum Wahlkampf. Wieder versucht er mit L\u00fcgen &amp; Verarschungen die W\u00e4hler zu locken um hinterher nichts halten zu m\u00fcssen, weil man ja Koalitionen &amp; Kompromisse eingehen muss.<a href=\"https:\/\/t.co\/sYzsiAWKnO\">https:\/\/t.co\/sYzsiAWKnO<\/a><a href=\"https:\/\/t.co\/zOJcyCiL2a\">https:\/\/t.co\/zOJcyCiL2a<\/a><\/p>&mdash; HaraldPaulick &#8211; Gibt immer Alternativen zu ALLEM (@HaraldPaulick) <a href=\"https:\/\/twitter.com\/HaraldPaulick\/status\/1863261553203569024?ref_src=twsrc%5Etfw\">1. Dezember 2024<\/a><\/blockquote><\/div>\n<\/div><\/figure>\n\n<div class=\"twitter-share\"><a href=\"https:\/\/twitter.com\/intent\/tweet?via=haraldpaulick\" class=\"twitter-share-button\" data-size=\"large\">Twittern<\/a><\/div>\n","protected":false},"excerpt":{"rendered":"","protected":false},"author":1,"featured_media":0,"comment_status":"closed","ping_status":"open","sticky":false,"template":"","format":"standard","meta":{"footnotes":""},"categories":[{"term_id":205,"name":"Nebenkriegsschaupl\u00e4tze","slug":"nebenkriegsschauplaetze","term_group":0,"term_taxonomy_id":205,"taxonomy":"category","description":"","parent":0,"count":40,"filter":"raw","cat_ID":205,"category_count":40,"category_description":"","cat_name":"Nebenkriegsschaupl\u00e4tze","category_nicename":"nebenkriegsschauplaetze","category_parent":0},{"term_id":134,"name":"Selbstbedienungsladen Bundestag","slug":"selbstbedienungsladen-bundestag","term_group":0,"term_taxonomy_id":134,"taxonomy":"category","description":"","parent":0,"count":374,"filter":"raw","cat_ID":134,"category_count":374,"category_description":"","cat_name":"Selbstbedienungsladen Bundestag","category_nicename":"selbstbedienungsladen-bundestag","category_parent":0},{"term_id":79,"name":"SPD","slug":"spd","term_group":0,"term_taxonomy_id":79,"taxonomy":"category","description":"","parent":0,"count":232,"filter":"raw","cat_ID":79,"category_count":232,"category_description":"","cat_name":"SPD","category_nicename":"spd","category_parent":0}],"tags":[],"class_list":["post-3293","post","type-post","status-publish","format-standard","hentry","category-nebenkriegsschauplaetze","category-selbstbedienungsladen-bundestag","category-spd"],"images":{"thumbnail":false,"medium":false,"medium_large":false,"large":false,"full":false},"_links":{"self":[{"href":"https:\/\/hpaulick.de\/index.php?rest_route=\/wp\/v2\/posts\/3293","targetHints":{"allow":["GET"]}}],"collection":[{"href":"https:\/\/hpaulick.de\/index.php?rest_route=\/wp\/v2\/posts"}],"about":[{"href":"https:\/\/hpaulick.de\/index.php?rest_route=\/wp\/v2\/types\/post"}],"author":[{"embeddable":true,"href":"https:\/\/hpaulick.de\/index.php?rest_route=\/wp\/v2\/users\/1"}],"replies":[{"embeddable":true,"href":"https:\/\/hpaulick.de\/index.php?rest_route=%2Fwp%2Fv2%2Fcomments&post=3293"}],"version-history":[{"count":1,"href":"https:\/\/hpaulick.de\/index.php?rest_route=\/wp\/v2\/posts\/3293\/revisions"}],"predecessor-version":[{"id":3294,"href":"https:\/\/hpaulick.de\/index.php?rest_route=\/wp\/v2\/posts\/3293\/revisions\/3294"}],"wp:attachment":[{"href":"https:\/\/hpaulick.de\/index.php?rest_route=%2Fwp%2Fv2%2Fmedia&parent=3293"}],"wp:term":[{"taxonomy":"category","embeddable":true,"href":"https:\/\/hpaulick.de\/index.php?rest_route=%2Fwp%2Fv2%2Fcategories&post=3293"},{"taxonomy":"post_tag","embeddable":true,"href":"https:\/\/hpaulick.de\/index.php?rest_route=%2Fwp%2Fv2%2Ftags&post=3293"}],"curies":[{"name":"wp","href":"https:\/\/api.w.org\/{rel}","templated":true}]}}