{"id":3297,"date":"2024-12-02T11:11:40","date_gmt":"2024-12-02T11:11:40","guid":{"rendered":"https:\/\/hpaulick.de\/?p=3297"},"modified":"2024-12-02T11:16:43","modified_gmt":"2024-12-02T11:16:43","slug":"rentner-sollen-fuehrerschein-abgeben-tuev-forderung","status":"publish","type":"post","link":"https:\/\/hpaulick.de\/?p=3297","title":{"rendered":"Rentner sollen F\u00fchrerschein abgeben \u2013 T\u00dcV-Forderung"},"content":{"rendered":"\n<figure class=\"wp-block-embed is-type-rich is-provider-twitter wp-block-embed-twitter\"><div class=\"wp-block-embed__wrapper\">\n<div class=\"twitter-tweet\"><blockquote class=\"twitter-tweet\" data-lang=\"de\"><p lang=\"de\" dir=\"ltr\">Wenn <a href=\"https:\/\/twitter.com\/hashtag\/Schwachsinn?src=hash&amp;ref_src=twsrc%5Etfw\">#Schwachsinn<\/a> <a href=\"https:\/\/twitter.com\/hashtag\/Methode?src=hash&amp;ref_src=twsrc%5Etfw\">#Methode<\/a> hat:<br>Rentner sollen F\u00fchrerschein abgeben \u2013 T\u00dcV-Forderung <br>WARUM nicht PENSION\u00c4RE? Diskriminierung?<br>Wenn Rentner weiter arbeiten, brauchen sie dann den F\u00fchrerschein nicht abgeben?<br>Arbeiten beim <a href=\"https:\/\/twitter.com\/hashtag\/T%C3%9CV?src=hash&amp;ref_src=twsrc%5Etfw\">#T\u00dcV<\/a> nur <a href=\"https:\/\/twitter.com\/hashtag\/Hirnlose?src=hash&amp;ref_src=twsrc%5Etfw\">#Hirnlose<\/a>?<a href=\"https:\/\/twitter.com\/hashtag\/Harald?src=hash&amp;ref_src=twsrc%5Etfw\">#Harald<\/a> <a href=\"https:\/\/twitter.com\/hashtag\/Paulick?src=hash&amp;ref_src=twsrc%5Etfw\">#Paulick<\/a><a href=\"https:\/\/t.co\/i1UeLgNVIb\">https:\/\/t.co\/i1UeLgNVIb<\/a><\/p>&mdash; Harald Paulick Berlin-Pankow Franz\u00f6sisch Buchholz! (@Harald_Paulick) <a href=\"https:\/\/twitter.com\/Harald_Paulick\/status\/1863540511111360978?ref_src=twsrc%5Etfw\">2. Dezember 2024<\/a><\/blockquote><\/div>\n<\/div><\/figure>\n\n<div class=\"twitter-share\"><a href=\"https:\/\/twitter.com\/intent\/tweet?via=haraldpaulick\" class=\"twitter-share-button\" data-size=\"large\">Twittern<\/a><\/div>\n","protected":false},"excerpt":{"rendered":"","protected":false},"author":1,"featured_media":0,"comment_status":"closed","ping_status":"open","sticky":false,"template":"","format":"standard","meta":{"footnotes":""},"categories":[{"term_id":238,"name":"Pension\u00e4re","slug":"pensionaere","term_group":0,"term_taxonomy_id":238,"taxonomy":"category","description":"","parent":0,"count":27,"filter":"raw","cat_ID":238,"category_count":27,"category_description":"","cat_name":"Pension\u00e4re","category_nicename":"pensionaere","category_parent":0},{"term_id":237,"name":"Rentner","slug":"rentner","term_group":0,"term_taxonomy_id":237,"taxonomy":"category","description":"","parent":0,"count":36,"filter":"raw","cat_ID":237,"category_count":36,"category_description":"","cat_name":"Rentner","category_nicename":"rentner","category_parent":0},{"term_id":236,"name":"T\u00dcV","slug":"tuev","term_group":0,"term_taxonomy_id":236,"taxonomy":"category","description":"","parent":0,"count":1,"filter":"raw","cat_ID":236,"category_count":1,"category_description":"","cat_name":"T\u00dcV","category_nicename":"tuev","category_parent":0}],"tags":[],"class_list":["post-3297","post","type-post","status-publish","format-standard","hentry","category-pensionaere","category-rentner","category-tuev"],"images":{"thumbnail":false,"medium":false,"medium_large":false,"large":false,"full":false},"_links":{"self":[{"href":"https:\/\/hpaulick.de\/index.php?rest_route=\/wp\/v2\/posts\/3297","targetHints":{"allow":["GET"]}}],"collection":[{"href":"https:\/\/hpaulick.de\/index.php?rest_route=\/wp\/v2\/posts"}],"about":[{"href":"https:\/\/hpaulick.de\/index.php?rest_route=\/wp\/v2\/types\/post"}],"author":[{"embeddable":true,"href":"https:\/\/hpaulick.de\/index.php?rest_route=\/wp\/v2\/users\/1"}],"replies":[{"embeddable":true,"href":"https:\/\/hpaulick.de\/index.php?rest_route=%2Fwp%2Fv2%2Fcomments&post=3297"}],"version-history":[{"count":2,"href":"https:\/\/hpaulick.de\/index.php?rest_route=\/wp\/v2\/posts\/3297\/revisions"}],"predecessor-version":[{"id":3300,"href":"https:\/\/hpaulick.de\/index.php?rest_route=\/wp\/v2\/posts\/3297\/revisions\/3300"}],"wp:attachment":[{"href":"https:\/\/hpaulick.de\/index.php?rest_route=%2Fwp%2Fv2%2Fmedia&parent=3297"}],"wp:term":[{"taxonomy":"category","embeddable":true,"href":"https:\/\/hpaulick.de\/index.php?rest_route=%2Fwp%2Fv2%2Fcategories&post=3297"},{"taxonomy":"post_tag","embeddable":true,"href":"https:\/\/hpaulick.de\/index.php?rest_route=%2Fwp%2Fv2%2Ftags&post=3297"}],"curies":[{"name":"wp","href":"https:\/\/api.w.org\/{rel}","templated":true}]}}