{"id":3502,"date":"2025-02-24T15:32:19","date_gmt":"2025-02-24T15:32:19","guid":{"rendered":"https:\/\/hpaulick.de\/?p=3502"},"modified":"2025-02-24T15:32:19","modified_gmt":"2025-02-24T15:32:19","slug":"es-kam-23-02-2025-wie-es-kommen-musste","status":"publish","type":"post","link":"https:\/\/hpaulick.de\/?p=3502","title":{"rendered":"Es kam (23.02.2025), wie es kommen mu\u00dfte."},"content":{"rendered":"\n<figure class=\"wp-block-embed is-type-rich is-provider-twitter wp-block-embed-twitter\"><div class=\"wp-block-embed__wrapper\">\n<div class=\"twitter-tweet\"><blockquote class=\"twitter-tweet\" data-lang=\"de\"><p lang=\"de\" dir=\"ltr\">Es kam (23.02.2025), wie es kommen mu\u00dfte.<br>Echter Politikwechsel ist nicht m\u00f6glich!<br>Keine FDP mehr, die Politik-Wechsel-Verhinderungsparteien SPD &amp; Gr\u00fcne wieder in der Machtposition alles zu verhindern. Linke &amp; AfD mit einer Sperrminorit\u00e4t, welche sie nutzen wollen!<br>Harald Paulick<\/p>&mdash; Kater Montecarlo (@KaterMontecarlo) <a href=\"https:\/\/twitter.com\/KaterMontecarlo\/status\/1894046020851425491?ref_src=twsrc%5Etfw\">24. Februar 2025<\/a><\/blockquote><\/div>\n<\/div><\/figure>\n\n<div class=\"twitter-share\"><a href=\"https:\/\/twitter.com\/intent\/tweet?via=haraldpaulick\" class=\"twitter-share-button\" data-size=\"large\">Twittern<\/a><\/div>\n","protected":false},"excerpt":{"rendered":"","protected":false},"author":1,"featured_media":0,"comment_status":"closed","ping_status":"open","sticky":false,"template":"","format":"standard","meta":{"footnotes":""},"categories":[{"term_id":63,"name":"Aberglaube","slug":"aberglaube","term_group":0,"term_taxonomy_id":63,"taxonomy":"category","description":"","parent":0,"count":404,"filter":"raw","cat_ID":63,"category_count":404,"category_description":"","cat_name":"Aberglaube","category_nicename":"aberglaube","category_parent":0},{"term_id":81,"name":"CDU","slug":"cdu","term_group":0,"term_taxonomy_id":81,"taxonomy":"category","description":"","parent":0,"count":123,"filter":"raw","cat_ID":81,"category_count":123,"category_description":"","cat_name":"CDU","category_nicename":"cdu","category_parent":0},{"term_id":104,"name":"CSU","slug":"csu","term_group":0,"term_taxonomy_id":104,"taxonomy":"category","description":"","parent":0,"count":71,"filter":"raw","cat_ID":104,"category_count":71,"category_description":"","cat_name":"CSU","category_nicename":"csu","category_parent":0},{"term_id":85,"name":"FDP","slug":"fdp","term_group":0,"term_taxonomy_id":85,"taxonomy":"category","description":"","parent":0,"count":78,"filter":"raw","cat_ID":85,"category_count":78,"category_description":"","cat_name":"FDP","category_nicename":"fdp","category_parent":0},{"term_id":224,"name":"Gedanken zur Zeit","slug":"gedanken-zur-zeit","term_group":0,"term_taxonomy_id":224,"taxonomy":"category","description":"","parent":0,"count":125,"filter":"raw","cat_ID":224,"category_count":125,"category_description":"","cat_name":"Gedanken zur Zeit","category_nicename":"gedanken-zur-zeit","category_parent":0},{"term_id":154,"name":"Illusion vom Frieden","slug":"illusion-vom-frieden","term_group":0,"term_taxonomy_id":154,"taxonomy":"category","description":"","parent":0,"count":91,"filter":"raw","cat_ID":154,"category_count":91,"category_description":"","cat_name":"Illusion vom Frieden","category_nicename":"illusion-vom-frieden","category_parent":0},{"term_id":102,"name":"L\u00dcGEN","slug":"luegen","term_group":0,"term_taxonomy_id":102,"taxonomy":"category","description":"","parent":0,"count":389,"filter":"raw","cat_ID":102,"category_count":389,"category_description":"","cat_name":"L\u00dcGEN","category_nicename":"luegen","category_parent":0},{"term_id":110,"name":"Medien","slug":"medien","term_group":0,"term_taxonomy_id":110,"taxonomy":"category","description":"","parent":0,"count":17,"filter":"raw","cat_ID":110,"category_count":17,"category_description":"","cat_name":"Medien","category_nicename":"medien","category_parent":0},{"term_id":249,"name":"Schwarz Rote Regierung","slug":"schwarz-rote-regierung","term_group":0,"term_taxonomy_id":249,"taxonomy":"category","description":"","parent":0,"count":145,"filter":"raw","cat_ID":249,"category_count":145,"category_description":"","cat_name":"Schwarz Rote Regierung","category_nicename":"schwarz-rote-regierung","category_parent":0},{"term_id":240,"name":"Union (CDU+CSU)","slug":"union-cducsu","term_group":0,"term_taxonomy_id":240,"taxonomy":"category","description":"","parent":0,"count":31,"filter":"raw","cat_ID":240,"category_count":31,"category_description":"","cat_name":"Union (CDU+CSU)","category_nicename":"union-cducsu","category_parent":0},{"term_id":34,"name":"Wahl 2025 Bundestag","slug":"wahl-2025-bundestag","term_group":0,"term_taxonomy_id":34,"taxonomy":"category","description":"","parent":0,"count":120,"filter":"raw","cat_ID":34,"category_count":120,"category_description":"","cat_name":"Wahl 2025 Bundestag","category_nicename":"wahl-2025-bundestag","category_parent":0}],"tags":[],"class_list":["post-3502","post","type-post","status-publish","format-standard","hentry","category-aberglaube","category-cdu","category-csu","category-fdp","category-gedanken-zur-zeit","category-illusion-vom-frieden","category-luegen","category-medien","category-schwarz-rote-regierung","category-union-cducsu","category-wahl-2025-bundestag"],"images":{"thumbnail":false,"medium":false,"medium_large":false,"large":false,"full":false},"_links":{"self":[{"href":"https:\/\/hpaulick.de\/index.php?rest_route=\/wp\/v2\/posts\/3502","targetHints":{"allow":["GET"]}}],"collection":[{"href":"https:\/\/hpaulick.de\/index.php?rest_route=\/wp\/v2\/posts"}],"about":[{"href":"https:\/\/hpaulick.de\/index.php?rest_route=\/wp\/v2\/types\/post"}],"author":[{"embeddable":true,"href":"https:\/\/hpaulick.de\/index.php?rest_route=\/wp\/v2\/users\/1"}],"replies":[{"embeddable":true,"href":"https:\/\/hpaulick.de\/index.php?rest_route=%2Fwp%2Fv2%2Fcomments&post=3502"}],"version-history":[{"count":1,"href":"https:\/\/hpaulick.de\/index.php?rest_route=\/wp\/v2\/posts\/3502\/revisions"}],"predecessor-version":[{"id":3503,"href":"https:\/\/hpaulick.de\/index.php?rest_route=\/wp\/v2\/posts\/3502\/revisions\/3503"}],"wp:attachment":[{"href":"https:\/\/hpaulick.de\/index.php?rest_route=%2Fwp%2Fv2%2Fmedia&parent=3502"}],"wp:term":[{"taxonomy":"category","embeddable":true,"href":"https:\/\/hpaulick.de\/index.php?rest_route=%2Fwp%2Fv2%2Fcategories&post=3502"},{"taxonomy":"post_tag","embeddable":true,"href":"https:\/\/hpaulick.de\/index.php?rest_route=%2Fwp%2Fv2%2Ftags&post=3502"}],"curies":[{"name":"wp","href":"https:\/\/api.w.org\/{rel}","templated":true}]}}