{"id":3518,"date":"2025-03-19T09:00:09","date_gmt":"2025-03-19T09:00:09","guid":{"rendered":"https:\/\/hpaulick.de\/?p=3518"},"modified":"2025-03-19T09:02:18","modified_gmt":"2025-03-19T09:02:18","slug":"tuerkische-justiz-verhaftet-erdogan-kontrahenten-imamoglu","status":"publish","type":"post","link":"https:\/\/hpaulick.de\/?p=3518","title":{"rendered":"T\u00fcrkische Justiz verhaftet Erdogan-Kontrahenten Imamoglu !"},"content":{"rendered":"\n<figure class=\"wp-block-embed is-type-rich is-provider-twitter wp-block-embed-twitter\"><div class=\"wp-block-embed__wrapper\">\n<div class=\"twitter-tweet\"><blockquote class=\"twitter-tweet\" data-lang=\"de\"><p lang=\"de\" dir=\"ltr\">T\u00fcrkische Justiz verhaftet Erdogan-Kontrahenten Imamoglu<br>Die T\u00fcrken lassen sich seit 40 Jahren von ERDOGAN  am NASENRING durch ihr Land f\u00fchren.<br>UND die in Deutschland lebenden T\u00fcrken finden das noch gut, weil sie davon profitieren.<br>Harald Paulick<br>Blogger<a href=\"https:\/\/t.co\/kBGoSb5vNW\">https:\/\/t.co\/kBGoSb5vNW<\/a> <a href=\"https:\/\/t.co\/qmJjKxBdwE\">pic.twitter.com\/qmJjKxBdwE<\/a><\/p>&mdash; Kater Montecarlo (@KaterMontecarlo) <a href=\"https:\/\/twitter.com\/KaterMontecarlo\/status\/1902282922381430821?ref_src=twsrc%5Etfw\">19. M\u00e4rz 2025<\/a><\/blockquote><\/div>\n<\/div><\/figure>\n\n\n\n<p>T\u00fcrkische Justiz verhaftet Erdogan-Kontrahenten Imamoglu Die T\u00fcrken lassen sich seit 40 Jahren von ERDOGAN am NASENRING durch ihr Land f\u00fchren. UND die in Deutschland lebenden T\u00fcrken finden das noch gut, weil sie davon profitieren. Harald Paulick Blogger<br><a href=\"https:\/\/t.co\/kBGoSb5vNW\" target=\"_blank\" rel=\"noreferrer noopener\">https:\/\/msn.com\/de-de\/nachrichten\/politik\/t%C3%BCrkische-justiz-verhaftet-erdogan-kontrahenten-imamoglu\/ar-AA1Bd9MA?ocid=hpmsn&amp;cvid=0a0a4db5cc7a431ab575a4bffd4bfb11&amp;ei=77<\/a><\/p>\n\n\n\n<figure class=\"wp-block-image size-full\"><img loading=\"lazy\" decoding=\"async\" width=\"680\" height=\"510\" src=\"https:\/\/hpaulick.de\/wp-content\/uploads\/2025\/03\/image-1.png\" alt=\"\" class=\"wp-image-3521\" srcset=\"https:\/\/hpaulick.de\/wp-content\/uploads\/2025\/03\/image-1.png 680w, https:\/\/hpaulick.de\/wp-content\/uploads\/2025\/03\/image-1-300x225.png 300w\" sizes=\"auto, (max-width: 680px) 100vw, 680px\" \/><\/figure>\n\n<div class=\"twitter-share\"><a href=\"https:\/\/twitter.com\/intent\/tweet?via=haraldpaulick\" class=\"twitter-share-button\" data-size=\"large\">Twittern<\/a><\/div>\n","protected":false},"excerpt":{"rendered":"<p>T\u00fcrkische Justiz verhaftet Erdogan-Kontrahenten Imamoglu Die T\u00fcrken lassen sich seit 40 Jahren von ERDOGAN am NASENRING durch ihr Land f\u00fchren. UND die in Deutschland lebenden T\u00fcrken finden das noch gut, weil sie davon profitieren. Harald Paulick Bloggerhttps:\/\/msn.com\/de-de\/nachrichten\/politik\/t%C3%BCrkische-justiz-verhaftet-erdogan-kontrahenten-imamoglu\/ar-AA1Bd9MA?ocid=hpmsn&amp;cvid=0a0a4db5cc7a431ab575a4bffd4bfb11&amp;ei=77<\/p>\n","protected":false},"author":1,"featured_media":0,"comment_status":"closed","ping_status":"open","sticky":false,"template":"","format":"standard","meta":{"footnotes":""},"categories":[{"term_id":63,"name":"Aberglaube","slug":"aberglaube","term_group":0,"term_taxonomy_id":63,"taxonomy":"category","description":"","parent":0,"count":404,"filter":"raw","cat_ID":63,"category_count":404,"category_description":"","cat_name":"Aberglaube","category_nicename":"aberglaube","category_parent":0},{"term_id":121,"name":"Armut","slug":"armut","term_group":0,"term_taxonomy_id":121,"taxonomy":"category","description":"","parent":0,"count":76,"filter":"raw","cat_ID":121,"category_count":76,"category_description":"","cat_name":"Armut","category_nicename":"armut","category_parent":0},{"term_id":130,"name":"Bestechlichkeit","slug":"bestechlichkeit","term_group":0,"term_taxonomy_id":130,"taxonomy":"category","description":"","parent":0,"count":245,"filter":"raw","cat_ID":130,"category_count":245,"category_description":"","cat_name":"Bestechlichkeit","category_nicename":"bestechlichkeit","category_parent":0},{"term_id":142,"name":"Betrug","slug":"betrug","term_group":0,"term_taxonomy_id":142,"taxonomy":"category","description":"","parent":0,"count":148,"filter":"raw","cat_ID":142,"category_count":148,"category_description":"","cat_name":"Betrug","category_nicename":"betrug","category_parent":0},{"term_id":54,"name":"Bildungslose Politiker","slug":"bildungslose-politiker","term_group":0,"term_taxonomy_id":54,"taxonomy":"category","description":"","parent":0,"count":676,"filter":"raw","cat_ID":54,"category_count":676,"category_description":"","cat_name":"Bildungslose Politiker","category_nicename":"bildungslose-politiker","category_parent":0},{"term_id":144,"name":"Doppelte Staatsangeh\u00f6rigkeit","slug":"doppelte-staatsangehoerigkeit","term_group":0,"term_taxonomy_id":144,"taxonomy":"category","description":"","parent":0,"count":217,"filter":"raw","cat_ID":144,"category_count":217,"category_description":"","cat_name":"Doppelte Staatsangeh\u00f6rigkeit","category_nicename":"doppelte-staatsangehoerigkeit","category_parent":0},{"term_id":38,"name":"FILZ","slug":"filz","term_group":0,"term_taxonomy_id":38,"taxonomy":"category","description":"","parent":0,"count":48,"filter":"raw","cat_ID":38,"category_count":48,"category_description":"","cat_name":"FILZ","category_nicename":"filz","category_parent":0},{"term_id":204,"name":"Islamische Republik Deutschland","slug":"islamische-republik-deutschland","term_group":0,"term_taxonomy_id":204,"taxonomy":"category","description":"","parent":0,"count":66,"filter":"raw","cat_ID":204,"category_count":66,"category_description":"","cat_name":"Islamische Republik Deutschland","category_nicename":"islamische-republik-deutschland","category_parent":0},{"term_id":148,"name":"Islamischer Staat Deutschland","slug":"islamischer-staat-deutschland","term_group":0,"term_taxonomy_id":148,"taxonomy":"category","description":"","parent":0,"count":123,"filter":"raw","cat_ID":148,"category_count":123,"category_description":"","cat_name":"Islamischer Staat Deutschland","category_nicename":"islamischer-staat-deutschland","category_parent":0},{"term_id":86,"name":"Islamismus","slug":"islamismus","term_group":0,"term_taxonomy_id":86,"taxonomy":"category","description":"","parent":0,"count":122,"filter":"raw","cat_ID":86,"category_count":122,"category_description":"","cat_name":"Islamismus","category_nicename":"islamismus","category_parent":0},{"term_id":206,"name":"Kalifat","slug":"kalifat","term_group":0,"term_taxonomy_id":206,"taxonomy":"category","description":"","parent":0,"count":26,"filter":"raw","cat_ID":206,"category_count":26,"category_description":"","cat_name":"Kalifat","category_nicename":"kalifat","category_parent":0},{"term_id":102,"name":"L\u00dcGEN","slug":"luegen","term_group":0,"term_taxonomy_id":102,"taxonomy":"category","description":"","parent":0,"count":389,"filter":"raw","cat_ID":102,"category_count":389,"category_description":"","cat_name":"L\u00dcGEN","category_nicename":"luegen","category_parent":0},{"term_id":112,"name":"Milliarden Deals UNBEMERKT","slug":"milliarden-deals-unbemerkt","term_group":0,"term_taxonomy_id":112,"taxonomy":"category","description":"","parent":0,"count":559,"filter":"raw","cat_ID":112,"category_count":559,"category_description":"","cat_name":"Milliarden Deals UNBEMERKT","category_nicename":"milliarden-deals-unbemerkt","category_parent":0},{"term_id":89,"name":"Rechtsstaat","slug":"rechtsstaat","term_group":0,"term_taxonomy_id":89,"taxonomy":"category","description":"","parent":0,"count":121,"filter":"raw","cat_ID":89,"category_count":121,"category_description":"","cat_name":"Rechtsstaat","category_nicename":"rechtsstaat","category_parent":0},{"term_id":29,"name":"T\u00fcrkei - Politik","slug":"tuerkei-politik","term_group":0,"term_taxonomy_id":29,"taxonomy":"category","description":"","parent":0,"count":7,"filter":"raw","cat_ID":29,"category_count":7,"category_description":"","cat_name":"T\u00fcrkei - Politik","category_nicename":"tuerkei-politik","category_parent":0},{"term_id":175,"name":"VERSAGER","slug":"versager","term_group":0,"term_taxonomy_id":175,"taxonomy":"category","description":"","parent":0,"count":222,"filter":"raw","cat_ID":175,"category_count":222,"category_description":"","cat_name":"VERSAGER","category_nicename":"versager","category_parent":0},{"term_id":119,"name":"Vetternwirtschaft","slug":"vetternwirtschaft","term_group":0,"term_taxonomy_id":119,"taxonomy":"category","description":"","parent":0,"count":491,"filter":"raw","cat_ID":119,"category_count":491,"category_description":"","cat_name":"Vetternwirtschaft","category_nicename":"vetternwirtschaft","category_parent":0}],"tags":[],"class_list":["post-3518","post","type-post","status-publish","format-standard","hentry","category-aberglaube","category-armut","category-bestechlichkeit","category-betrug","category-bildungslose-politiker","category-doppelte-staatsangehoerigkeit","category-filz","category-islamische-republik-deutschland","category-islamischer-staat-deutschland","category-islamismus","category-kalifat","category-luegen","category-milliarden-deals-unbemerkt","category-rechtsstaat","category-tuerkei-politik","category-versager","category-vetternwirtschaft"],"images":{"thumbnail":false,"medium":false,"medium_large":false,"large":false,"full":false},"_links":{"self":[{"href":"https:\/\/hpaulick.de\/index.php?rest_route=\/wp\/v2\/posts\/3518","targetHints":{"allow":["GET"]}}],"collection":[{"href":"https:\/\/hpaulick.de\/index.php?rest_route=\/wp\/v2\/posts"}],"about":[{"href":"https:\/\/hpaulick.de\/index.php?rest_route=\/wp\/v2\/types\/post"}],"author":[{"embeddable":true,"href":"https:\/\/hpaulick.de\/index.php?rest_route=\/wp\/v2\/users\/1"}],"replies":[{"embeddable":true,"href":"https:\/\/hpaulick.de\/index.php?rest_route=%2Fwp%2Fv2%2Fcomments&post=3518"}],"version-history":[{"count":3,"href":"https:\/\/hpaulick.de\/index.php?rest_route=\/wp\/v2\/posts\/3518\/revisions"}],"predecessor-version":[{"id":3522,"href":"https:\/\/hpaulick.de\/index.php?rest_route=\/wp\/v2\/posts\/3518\/revisions\/3522"}],"wp:attachment":[{"href":"https:\/\/hpaulick.de\/index.php?rest_route=%2Fwp%2Fv2%2Fmedia&parent=3518"}],"wp:term":[{"taxonomy":"category","embeddable":true,"href":"https:\/\/hpaulick.de\/index.php?rest_route=%2Fwp%2Fv2%2Fcategories&post=3518"},{"taxonomy":"post_tag","embeddable":true,"href":"https:\/\/hpaulick.de\/index.php?rest_route=%2Fwp%2Fv2%2Ftags&post=3518"}],"curies":[{"name":"wp","href":"https:\/\/api.w.org\/{rel}","templated":true}]}}