{"id":3590,"date":"2025-05-22T07:36:11","date_gmt":"2025-05-22T07:36:11","guid":{"rendered":"https:\/\/hpaulick.de\/?p=3590"},"modified":"2025-05-22T07:36:12","modified_gmt":"2025-05-22T07:36:12","slug":"trump-fuehrt-suedafrika-praesident-vor","status":"publish","type":"post","link":"https:\/\/hpaulick.de\/?p=3590","title":{"rendered":"Trump f\u00fchrt S\u00fcdafrika-Pr\u00e4sident vor"},"content":{"rendered":"\n<figure class=\"wp-block-embed is-type-rich is-provider-twitter wp-block-embed-twitter\"><div class=\"wp-block-embed__wrapper\">\n<div class=\"twitter-tweet\"><blockquote class=\"twitter-tweet\" data-lang=\"de\"><p lang=\"de\" dir=\"ltr\">Trump f\u00fchrt S\u00fcdafrika-Pr\u00e4sident vor \u2013 nach Konter zu Katar-Jet wird es wild. Fr\u00fcher hatten wir Elefanten im Porzellanladen. Heute tobt der T-REX \u00fcber die ERDE.  USA leisten sich einen TOTALAUSFALL als PR\u00c4SIDENTEN, einen DEALER eben!<br>Harald Paulick<br>Blogger<a href=\"https:\/\/t.co\/H1VTpix2uM\">https:\/\/t.co\/H1VTpix2uM<\/a><\/p>&mdash; Metaphysischer Blogger &amp; Menippeischer Satiriker ! (@Scheinheilig16) <a href=\"https:\/\/twitter.com\/Scheinheilig16\/status\/1925454971148832923?ref_src=twsrc%5Etfw\">22. Mai 2025<\/a><\/blockquote><\/div>\n<\/div><\/figure>\n\n<div class=\"twitter-share\"><a href=\"https:\/\/twitter.com\/intent\/tweet?via=haraldpaulick\" class=\"twitter-share-button\" data-size=\"large\">Twittern<\/a><\/div>\n","protected":false},"excerpt":{"rendered":"","protected":false},"author":1,"featured_media":0,"comment_status":"closed","ping_status":"open","sticky":false,"template":"","format":"standard","meta":{"footnotes":""},"categories":[{"term_id":202,"name":"Die T\u00e4ter sind unter uns!","slug":"die-taeter-sind-unter-uns","term_group":0,"term_taxonomy_id":202,"taxonomy":"category","description":"","parent":0,"count":316,"filter":"raw","cat_ID":202,"category_count":316,"category_description":"","cat_name":"Die T\u00e4ter sind unter uns!","category_nicename":"die-taeter-sind-unter-uns","category_parent":0},{"term_id":117,"name":"Diktatur","slug":"diktatur","term_group":0,"term_taxonomy_id":117,"taxonomy":"category","description":"","parent":0,"count":391,"filter":"raw","cat_ID":117,"category_count":391,"category_description":"","cat_name":"Diktatur","category_nicename":"diktatur","category_parent":0},{"term_id":220,"name":"Krieg um Rohstoffe","slug":"krieg-um-rohstoffe","term_group":0,"term_taxonomy_id":220,"taxonomy":"category","description":"","parent":0,"count":33,"filter":"raw","cat_ID":220,"category_count":33,"category_description":"","cat_name":"Krieg um Rohstoffe","category_nicename":"krieg-um-rohstoffe","category_parent":0},{"term_id":102,"name":"L\u00dcGEN","slug":"luegen","term_group":0,"term_taxonomy_id":102,"taxonomy":"category","description":"","parent":0,"count":389,"filter":"raw","cat_ID":102,"category_count":389,"category_description":"","cat_name":"L\u00dcGEN","category_nicename":"luegen","category_parent":0},{"term_id":137,"name":"Moralapostel","slug":"moralapostel","term_group":0,"term_taxonomy_id":137,"taxonomy":"category","description":"","parent":0,"count":210,"filter":"raw","cat_ID":137,"category_count":210,"category_description":"","cat_name":"Moralapostel","category_nicename":"moralapostel","category_parent":0},{"term_id":205,"name":"Nebenkriegsschaupl\u00e4tze","slug":"nebenkriegsschauplaetze","term_group":0,"term_taxonomy_id":205,"taxonomy":"category","description":"","parent":0,"count":40,"filter":"raw","cat_ID":205,"category_count":40,"category_description":"","cat_name":"Nebenkriegsschaupl\u00e4tze","category_nicename":"nebenkriegsschauplaetze","category_parent":0},{"term_id":197,"name":"Politik zur Verantwortung ziehen","slug":"politik-zur-verantwortung-ziehen","term_group":0,"term_taxonomy_id":197,"taxonomy":"category","description":"","parent":0,"count":249,"filter":"raw","cat_ID":197,"category_count":249,"category_description":"","cat_name":"Politik zur Verantwortung ziehen","category_nicename":"politik-zur-verantwortung-ziehen","category_parent":0},{"term_id":152,"name":"USA","slug":"usa","term_group":0,"term_taxonomy_id":152,"taxonomy":"category","description":"","parent":0,"count":53,"filter":"raw","cat_ID":152,"category_count":53,"category_description":"","cat_name":"USA","category_nicename":"usa","category_parent":0},{"term_id":175,"name":"VERSAGER","slug":"versager","term_group":0,"term_taxonomy_id":175,"taxonomy":"category","description":"","parent":0,"count":222,"filter":"raw","cat_ID":175,"category_count":222,"category_description":"","cat_name":"VERSAGER","category_nicename":"versager","category_parent":0}],"tags":[],"class_list":["post-3590","post","type-post","status-publish","format-standard","hentry","category-die-taeter-sind-unter-uns","category-diktatur","category-krieg-um-rohstoffe","category-luegen","category-moralapostel","category-nebenkriegsschauplaetze","category-politik-zur-verantwortung-ziehen","category-usa","category-versager"],"images":{"thumbnail":false,"medium":false,"medium_large":false,"large":false,"full":false},"_links":{"self":[{"href":"https:\/\/hpaulick.de\/index.php?rest_route=\/wp\/v2\/posts\/3590","targetHints":{"allow":["GET"]}}],"collection":[{"href":"https:\/\/hpaulick.de\/index.php?rest_route=\/wp\/v2\/posts"}],"about":[{"href":"https:\/\/hpaulick.de\/index.php?rest_route=\/wp\/v2\/types\/post"}],"author":[{"embeddable":true,"href":"https:\/\/hpaulick.de\/index.php?rest_route=\/wp\/v2\/users\/1"}],"replies":[{"embeddable":true,"href":"https:\/\/hpaulick.de\/index.php?rest_route=%2Fwp%2Fv2%2Fcomments&post=3590"}],"version-history":[{"count":1,"href":"https:\/\/hpaulick.de\/index.php?rest_route=\/wp\/v2\/posts\/3590\/revisions"}],"predecessor-version":[{"id":3591,"href":"https:\/\/hpaulick.de\/index.php?rest_route=\/wp\/v2\/posts\/3590\/revisions\/3591"}],"wp:attachment":[{"href":"https:\/\/hpaulick.de\/index.php?rest_route=%2Fwp%2Fv2%2Fmedia&parent=3590"}],"wp:term":[{"taxonomy":"category","embeddable":true,"href":"https:\/\/hpaulick.de\/index.php?rest_route=%2Fwp%2Fv2%2Fcategories&post=3590"},{"taxonomy":"post_tag","embeddable":true,"href":"https:\/\/hpaulick.de\/index.php?rest_route=%2Fwp%2Fv2%2Ftags&post=3590"}],"curies":[{"name":"wp","href":"https:\/\/api.w.org\/{rel}","templated":true}]}}