{"id":3673,"date":"2025-06-29T10:23:20","date_gmt":"2025-06-29T10:23:20","guid":{"rendered":"https:\/\/hpaulick.de\/?p=3673"},"modified":"2025-06-29T10:23:20","modified_gmt":"2025-06-29T10:23:20","slug":"immer-wieder-zeigt-sich-dass-der-deutsche-staat-nur-zwei-rechte-augen-hat","status":"publish","type":"post","link":"https:\/\/hpaulick.de\/?p=3673","title":{"rendered":"Immer wieder zeigt sich, da\u00df der DEUTSCHE Staat nur zwei rechte AUGEN hat."},"content":{"rendered":"\n<figure class=\"wp-block-embed is-type-rich is-provider-twitter wp-block-embed-twitter\"><div class=\"wp-block-embed__wrapper\">\n<div class=\"twitter-tweet\"><blockquote class=\"twitter-tweet\" data-lang=\"de\"><p lang=\"de\" dir=\"ltr\">Immer wieder zeigt sich, da\u00df der DEUTSCHE Staat nur zwei rechte AUGEN hat, die Gewalt von LINK tolleriert &amp; teilweise \u00fcber den UMWEG von NGS noch f\u00f6rdert.<br>Das wollte <a href=\"https:\/\/twitter.com\/hashtag\/Merz?src=hash&amp;ref_src=twsrc%5Etfw\">#Merz<\/a> \u00e4ndern? Habt ihr davon etwas bemerkt?<br>Oder bin nur ich blind?<br>Harald Paulick<br>Blogger<a href=\"https:\/\/t.co\/Z8NBOryNVh\">https:\/\/t.co\/Z8NBOryNVh<\/a> <a href=\"https:\/\/t.co\/ZX2gQg9bnq\">https:\/\/t.co\/ZX2gQg9bnq<\/a><\/p>&mdash; Metaphysischer Blogger &amp; Menippeischer Satiriker ! (@Scheinheilig16) <a href=\"https:\/\/twitter.com\/Scheinheilig16\/status\/1939263277160157510?ref_src=twsrc%5Etfw\">29. Juni 2025<\/a><\/blockquote><\/div>\n<\/div><\/figure>\n\n<div class=\"twitter-share\"><a href=\"https:\/\/twitter.com\/intent\/tweet?via=haraldpaulick\" class=\"twitter-share-button\" data-size=\"large\">Twittern<\/a><\/div>\n","protected":false},"excerpt":{"rendered":"","protected":false},"author":1,"featured_media":0,"comment_status":"closed","ping_status":"open","sticky":false,"template":"","format":"standard","meta":{"footnotes":""},"categories":[{"term_id":95,"name":"Antisemitismus","slug":"antisemitismus","term_group":0,"term_taxonomy_id":95,"taxonomy":"category","description":"","parent":0,"count":61,"filter":"raw","cat_ID":95,"category_count":61,"category_description":"","cat_name":"Antisemitismus","category_nicename":"antisemitismus","category_parent":0},{"term_id":226,"name":"Asylbetrug","slug":"asylbetrug","term_group":0,"term_taxonomy_id":226,"taxonomy":"category","description":"","parent":0,"count":109,"filter":"raw","cat_ID":226,"category_count":109,"category_description":"","cat_name":"Asylbetrug","category_nicename":"asylbetrug","category_parent":0},{"term_id":214,"name":"Asylbewerber","slug":"asylbewerber","term_group":0,"term_taxonomy_id":214,"taxonomy":"category","description":"","parent":0,"count":93,"filter":"raw","cat_ID":214,"category_count":93,"category_description":"","cat_name":"Asylbewerber","category_nicename":"asylbewerber","category_parent":0},{"term_id":27,"name":"Asylpolitik","slug":"asylpolitik","term_group":0,"term_taxonomy_id":27,"taxonomy":"category","description":"","parent":0,"count":337,"filter":"raw","cat_ID":27,"category_count":337,"category_description":"","cat_name":"Asylpolitik","category_nicename":"asylpolitik","category_parent":0},{"term_id":71,"name":"Clan-Kriminalit\u00e4t","slug":"clan-kriminalitaet","term_group":0,"term_taxonomy_id":71,"taxonomy":"category","description":"","parent":0,"count":107,"filter":"raw","cat_ID":71,"category_count":107,"category_description":"","cat_name":"Clan-Kriminalit\u00e4t","category_nicename":"clan-kriminalitaet","category_parent":0},{"term_id":117,"name":"Diktatur","slug":"diktatur","term_group":0,"term_taxonomy_id":117,"taxonomy":"category","description":"","parent":0,"count":395,"filter":"raw","cat_ID":117,"category_count":395,"category_description":"","cat_name":"Diktatur","category_nicename":"diktatur","category_parent":0},{"term_id":144,"name":"Doppelte Staatsangeh\u00f6rigkeit","slug":"doppelte-staatsangehoerigkeit","term_group":0,"term_taxonomy_id":144,"taxonomy":"category","description":"","parent":0,"count":220,"filter":"raw","cat_ID":144,"category_count":220,"category_description":"","cat_name":"Doppelte Staatsangeh\u00f6rigkeit","category_nicename":"doppelte-staatsangehoerigkeit","category_parent":0},{"term_id":103,"name":"EU-Inkompetenz","slug":"eu-inkompetenz","term_group":0,"term_taxonomy_id":103,"taxonomy":"category","description":"","parent":0,"count":40,"filter":"raw","cat_ID":103,"category_count":40,"category_description":"","cat_name":"EU-Inkompetenz","category_nicename":"eu-inkompetenz","category_parent":0},{"term_id":65,"name":"Fl\u00fcchtlinge","slug":"fluechtlinge","term_group":0,"term_taxonomy_id":65,"taxonomy":"category","description":"","parent":0,"count":189,"filter":"raw","cat_ID":65,"category_count":189,"category_description":"","cat_name":"Fl\u00fcchtlinge","category_nicename":"fluechtlinge","category_parent":0},{"term_id":224,"name":"Gedanken zur Zeit","slug":"gedanken-zur-zeit","term_group":0,"term_taxonomy_id":224,"taxonomy":"category","description":"","parent":0,"count":138,"filter":"raw","cat_ID":224,"category_count":138,"category_description":"","cat_name":"Gedanken zur Zeit","category_nicename":"gedanken-zur-zeit","category_parent":0},{"term_id":133,"name":"GR\u00dcNISMUS","slug":"gruenismus","term_group":0,"term_taxonomy_id":133,"taxonomy":"category","description":"","parent":0,"count":321,"filter":"raw","cat_ID":133,"category_count":321,"category_description":"","cat_name":"GR\u00dcNISMUS","category_nicename":"gruenismus","category_parent":0},{"term_id":154,"name":"Illusion vom Frieden","slug":"illusion-vom-frieden","term_group":0,"term_taxonomy_id":154,"taxonomy":"category","description":"","parent":0,"count":93,"filter":"raw","cat_ID":154,"category_count":93,"category_description":"","cat_name":"Illusion vom Frieden","category_nicename":"illusion-vom-frieden","category_parent":0},{"term_id":209,"name":"Illusion von Integration","slug":"illusion-von-integration","term_group":0,"term_taxonomy_id":209,"taxonomy":"category","description":"","parent":0,"count":210,"filter":"raw","cat_ID":209,"category_count":210,"category_description":"","cat_name":"Illusion von Integration","category_nicename":"illusion-von-integration","category_parent":0},{"term_id":50,"name":"Linksextremismus","slug":"linksextremismus","term_group":0,"term_taxonomy_id":50,"taxonomy":"category","description":"","parent":0,"count":326,"filter":"raw","cat_ID":50,"category_count":326,"category_description":"","cat_name":"Linksextremismus","category_nicename":"linksextremismus","category_parent":0},{"term_id":190,"name":"Zwangsma\u00dfnahmen gegen nicht-gr\u00fcnes-Denken","slug":"zwangsmassnahmen-gegen-nicht-gruenes-denken","term_group":0,"term_taxonomy_id":190,"taxonomy":"category","description":"","parent":0,"count":263,"filter":"raw","cat_ID":190,"category_count":263,"category_description":"","cat_name":"Zwangsma\u00dfnahmen gegen nicht-gr\u00fcnes-Denken","category_nicename":"zwangsmassnahmen-gegen-nicht-gruenes-denken","category_parent":0}],"tags":[],"class_list":["post-3673","post","type-post","status-publish","format-standard","hentry","category-antisemitismus","category-asylbetrug","category-asylbewerber","category-asylpolitik","category-clan-kriminalitaet","category-diktatur","category-doppelte-staatsangehoerigkeit","category-eu-inkompetenz","category-fluechtlinge","category-gedanken-zur-zeit","category-gruenismus","category-illusion-vom-frieden","category-illusion-von-integration","category-linksextremismus","category-zwangsmassnahmen-gegen-nicht-gruenes-denken"],"jetpack_featured_media_url":"","images":{"thumbnail":false,"medium":false,"medium_large":false,"large":false,"full":false},"_links":{"self":[{"href":"https:\/\/hpaulick.de\/index.php?rest_route=\/wp\/v2\/posts\/3673","targetHints":{"allow":["GET"]}}],"collection":[{"href":"https:\/\/hpaulick.de\/index.php?rest_route=\/wp\/v2\/posts"}],"about":[{"href":"https:\/\/hpaulick.de\/index.php?rest_route=\/wp\/v2\/types\/post"}],"author":[{"embeddable":true,"href":"https:\/\/hpaulick.de\/index.php?rest_route=\/wp\/v2\/users\/1"}],"replies":[{"embeddable":true,"href":"https:\/\/hpaulick.de\/index.php?rest_route=%2Fwp%2Fv2%2Fcomments&post=3673"}],"version-history":[{"count":1,"href":"https:\/\/hpaulick.de\/index.php?rest_route=\/wp\/v2\/posts\/3673\/revisions"}],"predecessor-version":[{"id":3674,"href":"https:\/\/hpaulick.de\/index.php?rest_route=\/wp\/v2\/posts\/3673\/revisions\/3674"}],"wp:attachment":[{"href":"https:\/\/hpaulick.de\/index.php?rest_route=%2Fwp%2Fv2%2Fmedia&parent=3673"}],"wp:term":[{"taxonomy":"category","embeddable":true,"href":"https:\/\/hpaulick.de\/index.php?rest_route=%2Fwp%2Fv2%2Fcategories&post=3673"},{"taxonomy":"post_tag","embeddable":true,"href":"https:\/\/hpaulick.de\/index.php?rest_route=%2Fwp%2Fv2%2Ftags&post=3673"}],"curies":[{"name":"wp","href":"https:\/\/api.w.org\/{rel}","templated":true}]}}