{"id":3735,"date":"2025-07-11T07:51:50","date_gmt":"2025-07-11T07:51:50","guid":{"rendered":"https:\/\/hpaulick.de\/?p=3735"},"modified":"2025-07-11T07:53:07","modified_gmt":"2025-07-11T07:53:07","slug":"deutschland-waehlt-den-untergang","status":"publish","type":"post","link":"https:\/\/hpaulick.de\/?p=3735","title":{"rendered":"Deutschland w\u00e4hlt den Untergang:"},"content":{"rendered":"\n<figure class=\"wp-block-embed is-type-rich is-provider-twitter wp-block-embed-twitter\"><div class=\"wp-block-embed__wrapper\">\n<div class=\"twitter-tweet\"><blockquote class=\"twitter-tweet\" data-lang=\"de\"><p lang=\"de\" dir=\"ltr\">Deutschland w\u00e4hlt den Untergang: <a href=\"https:\/\/t.co\/vL9WHWBHbr\">pic.twitter.com\/vL9WHWBHbr<\/a><\/p>&mdash; atheist (@Matheistos) <a href=\"https:\/\/twitter.com\/Matheistos\/status\/1943554435101397455?ref_src=twsrc%5Etfw\">11. Juli 2025<\/a><\/blockquote><\/div>\n<\/div><\/figure>\n\n\n\n<p>Man kann sich als B\u00fcrger nicht \u00fcber fachlich inkorrekte Entscheidungen der mit 16.000 \u20ac pro Monat Einkommen gew\u00e4hlten Volksvertreter aufregen, wenn man als B\u00fcrger unqualifiziert inkompetente Volksvertreter w\u00e4hlt.<br><br>WER MIST W\u00c4HLT, BEKOMMT MIST!<\/p>\n\n\n\n<figure class=\"wp-block-image size-full\"><img loading=\"lazy\" decoding=\"async\" width=\"768\" height=\"536\" src=\"https:\/\/hpaulick.de\/wp-content\/uploads\/2025\/07\/image-2.png\" alt=\"\" class=\"wp-image-3738\" srcset=\"https:\/\/hpaulick.de\/wp-content\/uploads\/2025\/07\/image-2.png 768w, https:\/\/hpaulick.de\/wp-content\/uploads\/2025\/07\/image-2-300x209.png 300w\" sizes=\"auto, (max-width: 768px) 100vw, 768px\" \/><\/figure>\n\n\n\n<p><br>KEINER MACHT EINEN der zur 6 Klassen Hauptschule hat zum Gesch\u00e4ftsf\u00fchrer!<br><br>Fazit: DIE DEUTSCHEN W\u00dcNSCHEN SICH UNTERGANG, damit sie wie 1945 wieder neu anfangen k\u00f6nnen!<br><br><strong>DEUTSCHLAND MACHT SICH ZUM GESP\u00d6TT DER GANZEN WELT.<\/strong><br><br><\/p>\n\n\n\n<figure class=\"wp-block-image size-large\"><img loading=\"lazy\" decoding=\"async\" width=\"1024\" height=\"770\" src=\"https:\/\/hpaulick.de\/wp-content\/uploads\/2025\/07\/image-1024x770.png\" alt=\"\" class=\"wp-image-3736\" srcset=\"https:\/\/hpaulick.de\/wp-content\/uploads\/2025\/07\/image-1024x770.png 1024w, https:\/\/hpaulick.de\/wp-content\/uploads\/2025\/07\/image-300x225.png 300w, https:\/\/hpaulick.de\/wp-content\/uploads\/2025\/07\/image-768x577.png 768w, https:\/\/hpaulick.de\/wp-content\/uploads\/2025\/07\/image.png 1360w\" sizes=\"auto, (max-width: 1024px) 100vw, 1024px\" \/><\/figure>\n\n\n\n<p>Bildungsabschl\u00fcsse sind die Voraussetzung f\u00fcr die besten Entscheidungen.<br><br>Sarazin sagt: &#8222;DEUTSCHLAND SCHAFFT SICH AB!&#8220;<br><br><\/p>\n\n\n\n<figure class=\"wp-block-image size-full\"><img loading=\"lazy\" decoding=\"async\" width=\"284\" height=\"178\" src=\"https:\/\/hpaulick.de\/wp-content\/uploads\/2025\/07\/image-3.png\" alt=\"\" class=\"wp-image-3739\"\/><\/figure>\n\n\n\n<p><\/p>\n\n<div class=\"twitter-share\"><a href=\"https:\/\/twitter.com\/intent\/tweet?via=haraldpaulick\" class=\"twitter-share-button\" data-size=\"large\">Twittern<\/a><\/div>\n","protected":false},"excerpt":{"rendered":"<p>Man kann sich als B\u00fcrger nicht \u00fcber fachlich inkorrekte Entscheidungen der mit 16.000 \u20ac pro Monat Einkommen gew\u00e4hlten Volksvertreter aufregen, wenn man als B\u00fcrger unqualifiziert inkompetente Volksvertreter w\u00e4hlt. WER MIST W\u00c4HLT, BEKOMMT MIST! KEINER MACHT EINEN der zur 6 Klassen Hauptschule hat zum Gesch\u00e4ftsf\u00fchrer! Fazit: DIE DEUTSCHEN W\u00dcNSCHEN SICH UNTERGANG, damit sie wie 1945 wieder &hellip; <a href=\"https:\/\/hpaulick.de\/?p=3735\" class=\"more-link\"><span class=\"screen-reader-text\">Deutschland w\u00e4hlt den Untergang:<\/span> weiterlesen<\/a><\/p>\n","protected":false},"author":1,"featured_media":0,"comment_status":"closed","ping_status":"open","sticky":false,"template":"","format":"standard","meta":{"footnotes":""},"categories":[{"term_id":63,"name":"Aberglaube","slug":"aberglaube","term_group":0,"term_taxonomy_id":63,"taxonomy":"category","description":"","parent":0,"count":404,"filter":"raw","cat_ID":63,"category_count":404,"category_description":"","cat_name":"Aberglaube","category_nicename":"aberglaube","category_parent":0},{"term_id":121,"name":"Armut","slug":"armut","term_group":0,"term_taxonomy_id":121,"taxonomy":"category","description":"","parent":0,"count":76,"filter":"raw","cat_ID":121,"category_count":76,"category_description":"","cat_name":"Armut","category_nicename":"armut","category_parent":0},{"term_id":226,"name":"Asylbetrug","slug":"asylbetrug","term_group":0,"term_taxonomy_id":226,"taxonomy":"category","description":"","parent":0,"count":98,"filter":"raw","cat_ID":226,"category_count":98,"category_description":"","cat_name":"Asylbetrug","category_nicename":"asylbetrug","category_parent":0},{"term_id":27,"name":"Asylpolitik","slug":"asylpolitik","term_group":0,"term_taxonomy_id":27,"taxonomy":"category","description":"","parent":0,"count":326,"filter":"raw","cat_ID":27,"category_count":326,"category_description":"","cat_name":"Asylpolitik","category_nicename":"asylpolitik","category_parent":0},{"term_id":54,"name":"Bildungslose Politiker","slug":"bildungslose-politiker","term_group":0,"term_taxonomy_id":54,"taxonomy":"category","description":"","parent":0,"count":676,"filter":"raw","cat_ID":54,"category_count":676,"category_description":"","cat_name":"Bildungslose Politiker","category_nicename":"bildungslose-politiker","category_parent":0},{"term_id":181,"name":"B\u00fcrgergeld","slug":"buergergeld","term_group":0,"term_taxonomy_id":181,"taxonomy":"category","description":"","parent":0,"count":79,"filter":"raw","cat_ID":181,"category_count":79,"category_description":"","cat_name":"B\u00fcrgergeld","category_nicename":"buergergeld","category_parent":0},{"term_id":49,"name":"Deutschland schafft sich ab","slug":"deutschland-schafft-sich-ab","term_group":0,"term_taxonomy_id":49,"taxonomy":"category","description":"","parent":0,"count":663,"filter":"raw","cat_ID":49,"category_count":663,"category_description":"","cat_name":"Deutschland schafft sich ab","category_nicename":"deutschland-schafft-sich-ab","category_parent":0},{"term_id":140,"name":"Experten ohne Abschl\u00fcsse","slug":"experten-ohne-abschluesse","term_group":0,"term_taxonomy_id":140,"taxonomy":"category","description":"","parent":0,"count":279,"filter":"raw","cat_ID":140,"category_count":279,"category_description":"","cat_name":"Experten ohne Abschl\u00fcsse","category_nicename":"experten-ohne-abschluesse","category_parent":0},{"term_id":253,"name":"Multikulti","slug":"multikulti","term_group":0,"term_taxonomy_id":253,"taxonomy":"category","description":"","parent":0,"count":83,"filter":"raw","cat_ID":253,"category_count":83,"category_description":"","cat_name":"Multikulti","category_nicename":"multikulti","category_parent":0},{"term_id":197,"name":"Politik zur Verantwortung ziehen","slug":"politik-zur-verantwortung-ziehen","term_group":0,"term_taxonomy_id":197,"taxonomy":"category","description":"","parent":0,"count":249,"filter":"raw","cat_ID":197,"category_count":249,"category_description":"","cat_name":"Politik zur Verantwortung ziehen","category_nicename":"politik-zur-verantwortung-ziehen","category_parent":0},{"term_id":249,"name":"Schwarz Rote Regierung","slug":"schwarz-rote-regierung","term_group":0,"term_taxonomy_id":249,"taxonomy":"category","description":"","parent":0,"count":145,"filter":"raw","cat_ID":249,"category_count":145,"category_description":"","cat_name":"Schwarz Rote Regierung","category_nicename":"schwarz-rote-regierung","category_parent":0},{"term_id":134,"name":"Selbstbedienungsladen Bundestag","slug":"selbstbedienungsladen-bundestag","term_group":0,"term_taxonomy_id":134,"taxonomy":"category","description":"","parent":0,"count":374,"filter":"raw","cat_ID":134,"category_count":374,"category_description":"","cat_name":"Selbstbedienungsladen Bundestag","category_nicename":"selbstbedienungsladen-bundestag","category_parent":0},{"term_id":190,"name":"Zwangsma\u00dfnahmen gegen nicht-gr\u00fcnes-Denken","slug":"zwangsmassnahmen-gegen-nicht-gruenes-denken","term_group":0,"term_taxonomy_id":190,"taxonomy":"category","description":"","parent":0,"count":246,"filter":"raw","cat_ID":190,"category_count":246,"category_description":"","cat_name":"Zwangsma\u00dfnahmen gegen nicht-gr\u00fcnes-Denken","category_nicename":"zwangsmassnahmen-gegen-nicht-gruenes-denken","category_parent":0}],"tags":[],"class_list":["post-3735","post","type-post","status-publish","format-standard","hentry","category-aberglaube","category-armut","category-asylbetrug","category-asylpolitik","category-bildungslose-politiker","category-buergergeld","category-deutschland-schafft-sich-ab","category-experten-ohne-abschluesse","category-multikulti","category-politik-zur-verantwortung-ziehen","category-schwarz-rote-regierung","category-selbstbedienungsladen-bundestag","category-zwangsmassnahmen-gegen-nicht-gruenes-denken"],"images":{"thumbnail":false,"medium":false,"medium_large":false,"large":false,"full":false},"_links":{"self":[{"href":"https:\/\/hpaulick.de\/index.php?rest_route=\/wp\/v2\/posts\/3735","targetHints":{"allow":["GET"]}}],"collection":[{"href":"https:\/\/hpaulick.de\/index.php?rest_route=\/wp\/v2\/posts"}],"about":[{"href":"https:\/\/hpaulick.de\/index.php?rest_route=\/wp\/v2\/types\/post"}],"author":[{"embeddable":true,"href":"https:\/\/hpaulick.de\/index.php?rest_route=\/wp\/v2\/users\/1"}],"replies":[{"embeddable":true,"href":"https:\/\/hpaulick.de\/index.php?rest_route=%2Fwp%2Fv2%2Fcomments&post=3735"}],"version-history":[{"count":2,"href":"https:\/\/hpaulick.de\/index.php?rest_route=\/wp\/v2\/posts\/3735\/revisions"}],"predecessor-version":[{"id":3741,"href":"https:\/\/hpaulick.de\/index.php?rest_route=\/wp\/v2\/posts\/3735\/revisions\/3741"}],"wp:attachment":[{"href":"https:\/\/hpaulick.de\/index.php?rest_route=%2Fwp%2Fv2%2Fmedia&parent=3735"}],"wp:term":[{"taxonomy":"category","embeddable":true,"href":"https:\/\/hpaulick.de\/index.php?rest_route=%2Fwp%2Fv2%2Fcategories&post=3735"},{"taxonomy":"post_tag","embeddable":true,"href":"https:\/\/hpaulick.de\/index.php?rest_route=%2Fwp%2Fv2%2Ftags&post=3735"}],"curies":[{"name":"wp","href":"https:\/\/api.w.org\/{rel}","templated":true}]}}