{"id":3757,"date":"2025-07-12T12:22:08","date_gmt":"2025-07-12T12:22:08","guid":{"rendered":"https:\/\/hpaulick.de\/?p=3757"},"modified":"2025-07-12T12:26:08","modified_gmt":"2025-07-12T12:26:08","slug":"ex-richter-peter-mueller-kritisiert-unionsfuehrung-scharf","status":"publish","type":"post","link":"https:\/\/hpaulick.de\/?p=3757","title":{"rendered":"Ex-Richter Peter M\u00fcller kritisiert Unionsf\u00fchrung scharf"},"content":{"rendered":"\n<figure class=\"wp-block-embed is-type-rich is-provider-twitter wp-block-embed-twitter\"><div class=\"wp-block-embed__wrapper\">\n<div class=\"twitter-tweet\"><blockquote class=\"twitter-tweet\" data-lang=\"de\"><p lang=\"de\" dir=\"ltr\">Ex-Richter Peter M\u00fcller kritisiert Unionsf\u00fchrung scharf<a href=\"https:\/\/twitter.com\/hashtag\/Bundesverfassungsgericht?src=hash&amp;ref_src=twsrc%5Etfw\">#Bundesverfassungsgericht<\/a> braucht unterschiedliche Pers\u00f6nlichkeiten. Es z\u00e4hlen in Beratungen dort nur juristische Argument, sonst nichts. Wer da versucht, Politik zu machen, ist nicht gespr\u00e4chsf\u00e4hig. <a href=\"https:\/\/t.co\/IQ4qGWDCa2\">https:\/\/t.co\/IQ4qGWDCa2<\/a><\/p>&mdash; HaraldPaulick &#8211; Gibt immer Alternativen zu ALLEM (@HaraldPaulick) <a href=\"https:\/\/twitter.com\/HaraldPaulick\/status\/1944003977055510996?ref_src=twsrc%5Etfw\">12. Juli 2025<\/a><\/blockquote><\/div>\n<\/div><\/figure>\n\n\n\n<p>Es entsteht der Eindruck, dass die Parteien nur Kandidaten beim OBERSTEN GERICHT nominieren und durchsetzen wollen, die konform zur PARTEILINIE sind.<br>Merkel hat das auch gemacht, in dem sie im HINTERZIMMER am Parlament vorbei ihren Kandidaten Harbarth w\u00e4hlen lie\u00df, um ihre politische Agende besser durchsetzen zu k\u00f6nnen.<br>Das Pikannte daran ist, das dieser Sieg von Merkel bei einem gemeinsamen Abendessen gefeiert wurde!<br>Wer die Justiz beherrscht, beherrscht auch das RECHT, sagen aber auch die GR\u00dcNEN. 95% der Richter &amp; Staatsanw\u00e4lte sind Symphatisanten oder Mitglied der Gr\u00fcnen!<br>F\u00fcr die CDU eine \u00dcbermacht, was durch Merz und Co nicht auch noch bei Bundesverfassungsgericht so laufen soll, deswegen dieser Aufstand!<\/p>\n\n\n\n<figure class=\"wp-block-image size-large\"><img loading=\"lazy\" decoding=\"async\" width=\"1024\" height=\"589\" src=\"https:\/\/hpaulick.de\/wp-content\/uploads\/2025\/07\/image-4-1024x589.png\" alt=\"\" class=\"wp-image-3758\" srcset=\"https:\/\/hpaulick.de\/wp-content\/uploads\/2025\/07\/image-4-1024x589.png 1024w, https:\/\/hpaulick.de\/wp-content\/uploads\/2025\/07\/image-4-300x172.png 300w, https:\/\/hpaulick.de\/wp-content\/uploads\/2025\/07\/image-4-768x441.png 768w, https:\/\/hpaulick.de\/wp-content\/uploads\/2025\/07\/image-4.png 1378w\" sizes=\"auto, (max-width: 1024px) 100vw, 1024px\" \/><\/figure>\n\n\n\n<p>Schauen wir in die Geschichte:<br>In der DDR waren alle Richter und Staatsanw\u00e4lte Mitglieder der SED und waren weisungsgebunden von Mielke (MfS) und Honecker (Staatschef). Kein Urteil ohne ihre Zustimmung.<br><\/p>\n\n\n\n<figure class=\"wp-block-image size-full\"><img loading=\"lazy\" decoding=\"async\" width=\"795\" height=\"590\" src=\"https:\/\/hpaulick.de\/wp-content\/uploads\/2025\/07\/image-5.png\" alt=\"\" class=\"wp-image-3759\" srcset=\"https:\/\/hpaulick.de\/wp-content\/uploads\/2025\/07\/image-5.png 795w, https:\/\/hpaulick.de\/wp-content\/uploads\/2025\/07\/image-5-300x223.png 300w, https:\/\/hpaulick.de\/wp-content\/uploads\/2025\/07\/image-5-768x570.png 768w\" sizes=\"auto, (max-width: 795px) 100vw, 795px\" \/><\/figure>\n\n\n\n<p><br><br>Im 3. Reich waren alle Richter und Staatsanw\u00e4lte Mitglieder der NSDAP. Alle Urteile wurdem im Sinne und Verantwortung der Staatsf\u00fchrung verh\u00e4ngt.<br><\/p>\n\n\n\n<figure class=\"wp-block-image size-full\"><img loading=\"lazy\" decoding=\"async\" width=\"835\" height=\"418\" src=\"https:\/\/hpaulick.de\/wp-content\/uploads\/2025\/07\/image-6.png\" alt=\"\" class=\"wp-image-3760\" srcset=\"https:\/\/hpaulick.de\/wp-content\/uploads\/2025\/07\/image-6.png 835w, https:\/\/hpaulick.de\/wp-content\/uploads\/2025\/07\/image-6-300x150.png 300w, https:\/\/hpaulick.de\/wp-content\/uploads\/2025\/07\/image-6-768x384.png 768w\" sizes=\"auto, (max-width: 835px) 100vw, 835px\" \/><\/figure>\n\n<div class=\"twitter-share\"><a href=\"https:\/\/twitter.com\/intent\/tweet?via=haraldpaulick\" class=\"twitter-share-button\" data-size=\"large\">Twittern<\/a><\/div>\n","protected":false},"excerpt":{"rendered":"<p>Es entsteht der Eindruck, dass die Parteien nur Kandidaten beim OBERSTEN GERICHT nominieren und durchsetzen wollen, die konform zur PARTEILINIE sind.Merkel hat das auch gemacht, in dem sie im HINTERZIMMER am Parlament vorbei ihren Kandidaten Harbarth w\u00e4hlen lie\u00df, um ihre politische Agende besser durchsetzen zu k\u00f6nnen.Das Pikannte daran ist, das dieser Sieg von Merkel bei &hellip; <a href=\"https:\/\/hpaulick.de\/?p=3757\" class=\"more-link\"><span class=\"screen-reader-text\">Ex-Richter Peter M\u00fcller kritisiert Unionsf\u00fchrung scharf<\/span> weiterlesen<\/a><\/p>\n","protected":false},"author":1,"featured_media":0,"comment_status":"closed","ping_status":"open","sticky":false,"template":"","format":"standard","meta":{"footnotes":""},"categories":[{"term_id":113,"name":"3. Reich","slug":"3-reich","term_group":0,"term_taxonomy_id":113,"taxonomy":"category","description":"","parent":0,"count":21,"filter":"raw","cat_ID":113,"category_count":21,"category_description":"","cat_name":"3. Reich","category_nicename":"3-reich","category_parent":0},{"term_id":35,"name":"Aff\u00e4ren","slug":"affaeren","term_group":0,"term_taxonomy_id":35,"taxonomy":"category","description":"","parent":0,"count":246,"filter":"raw","cat_ID":35,"category_count":246,"category_description":"","cat_name":"Aff\u00e4ren","category_nicename":"affaeren","category_parent":0},{"term_id":222,"name":"Altparteien","slug":"altparteien","term_group":0,"term_taxonomy_id":222,"taxonomy":"category","description":"","parent":0,"count":140,"filter":"raw","cat_ID":222,"category_count":140,"category_description":"","cat_name":"Altparteien","category_nicename":"altparteien","category_parent":0},{"term_id":142,"name":"Betrug","slug":"betrug","term_group":0,"term_taxonomy_id":142,"taxonomy":"category","description":"","parent":0,"count":148,"filter":"raw","cat_ID":142,"category_count":148,"category_description":"","cat_name":"Betrug","category_nicename":"betrug","category_parent":0},{"term_id":81,"name":"CDU","slug":"cdu","term_group":0,"term_taxonomy_id":81,"taxonomy":"category","description":"","parent":0,"count":123,"filter":"raw","cat_ID":81,"category_count":123,"category_description":"","cat_name":"CDU","category_nicename":"cdu","category_parent":0},{"term_id":132,"name":"Das 4. Reich GR\u00dcNER Pr\u00e4gung","slug":"das-4-reich-gruener-praegung","term_group":0,"term_taxonomy_id":132,"taxonomy":"category","description":"","parent":0,"count":458,"filter":"raw","cat_ID":132,"category_count":458,"category_description":"","cat_name":"Das 4. Reich GR\u00dcNER Pr\u00e4gung","category_nicename":"das-4-reich-gruener-praegung","category_parent":0},{"term_id":83,"name":"DDR2.0","slug":"ddr2-0","term_group":0,"term_taxonomy_id":83,"taxonomy":"category","description":"","parent":0,"count":161,"filter":"raw","cat_ID":83,"category_count":161,"category_description":"","cat_name":"DDR2.0","category_nicename":"ddr2-0","category_parent":0},{"term_id":70,"name":"Demokratie","slug":"demokratie","term_group":0,"term_taxonomy_id":70,"taxonomy":"category","description":"","parent":0,"count":122,"filter":"raw","cat_ID":70,"category_count":122,"category_description":"","cat_name":"Demokratie","category_nicename":"demokratie","category_parent":0},{"term_id":202,"name":"Die T\u00e4ter sind unter uns!","slug":"die-taeter-sind-unter-uns","term_group":0,"term_taxonomy_id":202,"taxonomy":"category","description":"","parent":0,"count":316,"filter":"raw","cat_ID":202,"category_count":316,"category_description":"","cat_name":"Die T\u00e4ter sind unter uns!","category_nicename":"die-taeter-sind-unter-uns","category_parent":0},{"term_id":117,"name":"Diktatur","slug":"diktatur","term_group":0,"term_taxonomy_id":117,"taxonomy":"category","description":"","parent":0,"count":391,"filter":"raw","cat_ID":117,"category_count":391,"category_description":"","cat_name":"Diktatur","category_nicename":"diktatur","category_parent":0},{"term_id":37,"name":"GROKO","slug":"groko","term_group":0,"term_taxonomy_id":37,"taxonomy":"category","description":"","parent":0,"count":12,"filter":"raw","cat_ID":37,"category_count":12,"category_description":"","cat_name":"GROKO","category_nicename":"groko","category_parent":0},{"term_id":192,"name":"Gr\u00fcne","slug":"gruene","term_group":0,"term_taxonomy_id":192,"taxonomy":"category","description":"","parent":0,"count":85,"filter":"raw","cat_ID":192,"category_count":85,"category_description":"","cat_name":"Gr\u00fcne","category_nicename":"gruene","category_parent":0},{"term_id":170,"name":"Hass der GR\u00dcNEN LINKEN auf alles ANDERSDENKENDE","slug":"hass-der-gruenen-linken-auf-alles-andersdenkende","term_group":0,"term_taxonomy_id":170,"taxonomy":"category","description":"","parent":0,"count":256,"filter":"raw","cat_ID":170,"category_count":256,"category_description":"","cat_name":"Hass der GR\u00dcNEN LINKEN auf alles ANDERSDENKENDE","category_nicename":"hass-der-gruenen-linken-auf-alles-andersdenkende","category_parent":0},{"term_id":197,"name":"Politik zur Verantwortung ziehen","slug":"politik-zur-verantwortung-ziehen","term_group":0,"term_taxonomy_id":197,"taxonomy":"category","description":"","parent":0,"count":249,"filter":"raw","cat_ID":197,"category_count":249,"category_description":"","cat_name":"Politik zur Verantwortung ziehen","category_nicename":"politik-zur-verantwortung-ziehen","category_parent":0},{"term_id":249,"name":"Schwarz Rote Regierung","slug":"schwarz-rote-regierung","term_group":0,"term_taxonomy_id":249,"taxonomy":"category","description":"","parent":0,"count":145,"filter":"raw","cat_ID":249,"category_count":145,"category_description":"","cat_name":"Schwarz Rote Regierung","category_nicename":"schwarz-rote-regierung","category_parent":0},{"term_id":134,"name":"Selbstbedienungsladen Bundestag","slug":"selbstbedienungsladen-bundestag","term_group":0,"term_taxonomy_id":134,"taxonomy":"category","description":"","parent":0,"count":374,"filter":"raw","cat_ID":134,"category_count":374,"category_description":"","cat_name":"Selbstbedienungsladen Bundestag","category_nicename":"selbstbedienungsladen-bundestag","category_parent":0},{"term_id":79,"name":"SPD","slug":"spd","term_group":0,"term_taxonomy_id":79,"taxonomy":"category","description":"","parent":0,"count":232,"filter":"raw","cat_ID":79,"category_count":232,"category_description":"","cat_name":"SPD","category_nicename":"spd","category_parent":0},{"term_id":240,"name":"Union (CDU+CSU)","slug":"union-cducsu","term_group":0,"term_taxonomy_id":240,"taxonomy":"category","description":"","parent":0,"count":31,"filter":"raw","cat_ID":240,"category_count":31,"category_description":"","cat_name":"Union (CDU+CSU)","category_nicename":"union-cducsu","category_parent":0},{"term_id":119,"name":"Vetternwirtschaft","slug":"vetternwirtschaft","term_group":0,"term_taxonomy_id":119,"taxonomy":"category","description":"","parent":0,"count":491,"filter":"raw","cat_ID":119,"category_count":491,"category_description":"","cat_name":"Vetternwirtschaft","category_nicename":"vetternwirtschaft","category_parent":0}],"tags":[],"class_list":["post-3757","post","type-post","status-publish","format-standard","hentry","category-3-reich","category-affaeren","category-altparteien","category-betrug","category-cdu","category-das-4-reich-gruener-praegung","category-ddr2-0","category-demokratie","category-die-taeter-sind-unter-uns","category-diktatur","category-groko","category-gruene","category-hass-der-gruenen-linken-auf-alles-andersdenkende","category-politik-zur-verantwortung-ziehen","category-schwarz-rote-regierung","category-selbstbedienungsladen-bundestag","category-spd","category-union-cducsu","category-vetternwirtschaft"],"images":{"thumbnail":false,"medium":false,"medium_large":false,"large":false,"full":false},"_links":{"self":[{"href":"https:\/\/hpaulick.de\/index.php?rest_route=\/wp\/v2\/posts\/3757","targetHints":{"allow":["GET"]}}],"collection":[{"href":"https:\/\/hpaulick.de\/index.php?rest_route=\/wp\/v2\/posts"}],"about":[{"href":"https:\/\/hpaulick.de\/index.php?rest_route=\/wp\/v2\/types\/post"}],"author":[{"embeddable":true,"href":"https:\/\/hpaulick.de\/index.php?rest_route=\/wp\/v2\/users\/1"}],"replies":[{"embeddable":true,"href":"https:\/\/hpaulick.de\/index.php?rest_route=%2Fwp%2Fv2%2Fcomments&post=3757"}],"version-history":[{"count":2,"href":"https:\/\/hpaulick.de\/index.php?rest_route=\/wp\/v2\/posts\/3757\/revisions"}],"predecessor-version":[{"id":3762,"href":"https:\/\/hpaulick.de\/index.php?rest_route=\/wp\/v2\/posts\/3757\/revisions\/3762"}],"wp:attachment":[{"href":"https:\/\/hpaulick.de\/index.php?rest_route=%2Fwp%2Fv2%2Fmedia&parent=3757"}],"wp:term":[{"taxonomy":"category","embeddable":true,"href":"https:\/\/hpaulick.de\/index.php?rest_route=%2Fwp%2Fv2%2Fcategories&post=3757"},{"taxonomy":"post_tag","embeddable":true,"href":"https:\/\/hpaulick.de\/index.php?rest_route=%2Fwp%2Fv2%2Ftags&post=3757"}],"curies":[{"name":"wp","href":"https:\/\/api.w.org\/{rel}","templated":true}]}}