{"id":3899,"date":"2025-07-23T13:17:02","date_gmt":"2025-07-23T13:17:02","guid":{"rendered":"https:\/\/hpaulick.de\/?p=3899"},"modified":"2025-07-23T13:21:14","modified_gmt":"2025-07-23T13:21:14","slug":"aufenthalt-im-ausland-buergergeld-empfaenger-muessen-33-000-euro-ans-jobcenter-zurueckzahlen","status":"publish","type":"post","link":"https:\/\/hpaulick.de\/?p=3899","title":{"rendered":"Aufenthalt im Ausland: B\u00fcrgergeld-Empf\u00e4nger m\u00fcssen 33.000 Euro ans Jobcenter zur\u00fcckzahlen"},"content":{"rendered":"\n<figure class=\"wp-block-embed is-type-rich is-provider-twitter wp-block-embed-twitter\"><div class=\"wp-block-embed__wrapper\">\n<div class=\"twitter-tweet\"><blockquote class=\"twitter-tweet\" data-lang=\"de\"><p lang=\"de\" dir=\"ltr\">Aufenthalt im Ausland: B\u00fcrgergeld-Empf\u00e4nger m\u00fcssen 33.000 Euro ans Jobcenter zur\u00fcckzahlen<br>Endlich wird aufger\u00e4umt.<br>Nur 1% Spitze des Eisberges. Wenn&#39;s nur noch 600\u20ac Mietzuschuss inkl. Heizung f\u00fcr B\u00fcrgergeldempf\u00e4nger gibt, spart Staat 15 Milliarden \u20ac.<br>HP.<a href=\"https:\/\/t.co\/gBkUr5irnE\">https:\/\/t.co\/gBkUr5irnE<\/a><\/p>&mdash; Metaphysischer Blogger &amp; Menippeischer Satiriker ! (@Scheinheilig16) <a href=\"https:\/\/twitter.com\/Scheinheilig16\/status\/1948007392513491011?ref_src=twsrc%5Etfw\">23. Juli 2025<\/a><\/blockquote><\/div>\n<\/div><\/figure>\n\n\n\n<p>20.000.000.000 \u20ac gibt der Staat allein f\u00fcr Mietkostenzuschuss und Heizung f\u00fcr B\u00fcrgergeld-Empf\u00e4nger pro Jahr aus.<br>Das bewirkt, das Mieten von bis zu 3.500 \u20ac im Monat in Innenst\u00e4dten von B\u00fcrgergeld-Empf\u00e4nger gezahlt werden, was der Staat selbstverst\u00e4ndlich \u00fcbernimmt.<br>Gleichzeitig kann sich der NORMALVERDIENER solche Mieten nicht leisten und wird an die Stadtgrenzen verdr\u00e4ngt. SOZIALISMUS pur in seiner perversesten Form durch die SPD, welche fast ununterbrochen seit 1998 an der Macht im Bund ist und somit dieses Problem erst erzeugt hat.<br><br>In D\u00e4nemarkt bekommen B\u00fcrgergeltempf\u00e4nger maximal 600 \u20ac Zuschuss inklusive Heizkosten pro Wohnung.<br><br>Den Rentnern Geld abziehen, damit B\u00fcrgergeld-Empf\u00e4nger in Innenst\u00e4dten in SAUS &amp; BRAUS LEBEN K\u00d6NNEN, daf\u00fcr w\u00fcrde ich die SPD auch w\u00e4hlen!<\/p>\n\n\n\n<p><\/p>\n\n<div class=\"twitter-share\"><a href=\"https:\/\/twitter.com\/intent\/tweet?via=haraldpaulick\" class=\"twitter-share-button\" data-size=\"large\">Twittern<\/a><\/div>\n","protected":false},"excerpt":{"rendered":"<p>20.000.000.000 \u20ac gibt der Staat allein f\u00fcr Mietkostenzuschuss und Heizung f\u00fcr B\u00fcrgergeld-Empf\u00e4nger pro Jahr aus.Das bewirkt, das Mieten von bis zu 3.500 \u20ac im Monat in Innenst\u00e4dten von B\u00fcrgergeld-Empf\u00e4nger gezahlt werden, was der Staat selbstverst\u00e4ndlich \u00fcbernimmt.Gleichzeitig kann sich der NORMALVERDIENER solche Mieten nicht leisten und wird an die Stadtgrenzen verdr\u00e4ngt. SOZIALISMUS pur in seiner perversesten &hellip; <a href=\"https:\/\/hpaulick.de\/?p=3899\" class=\"more-link\"><span class=\"screen-reader-text\">Aufenthalt im Ausland: B\u00fcrgergeld-Empf\u00e4nger m\u00fcssen 33.000 Euro ans Jobcenter zur\u00fcckzahlen<\/span> weiterlesen<\/a><\/p>\n","protected":false},"author":1,"featured_media":0,"comment_status":"closed","ping_status":"open","sticky":false,"template":"","format":"standard","meta":{"footnotes":""},"categories":[{"term_id":226,"name":"Asylbetrug","slug":"asylbetrug","term_group":0,"term_taxonomy_id":226,"taxonomy":"category","description":"","parent":0,"count":98,"filter":"raw","cat_ID":226,"category_count":98,"category_description":"","cat_name":"Asylbetrug","category_nicename":"asylbetrug","category_parent":0},{"term_id":214,"name":"Asylbewerber","slug":"asylbewerber","term_group":0,"term_taxonomy_id":214,"taxonomy":"category","description":"","parent":0,"count":89,"filter":"raw","cat_ID":214,"category_count":89,"category_description":"","cat_name":"Asylbewerber","category_nicename":"asylbewerber","category_parent":0},{"term_id":27,"name":"Asylpolitik","slug":"asylpolitik","term_group":0,"term_taxonomy_id":27,"taxonomy":"category","description":"","parent":0,"count":326,"filter":"raw","cat_ID":27,"category_count":326,"category_description":"","cat_name":"Asylpolitik","category_nicename":"asylpolitik","category_parent":0},{"term_id":54,"name":"Bildungslose Politiker","slug":"bildungslose-politiker","term_group":0,"term_taxonomy_id":54,"taxonomy":"category","description":"","parent":0,"count":676,"filter":"raw","cat_ID":54,"category_count":676,"category_description":"","cat_name":"Bildungslose Politiker","category_nicename":"bildungslose-politiker","category_parent":0},{"term_id":181,"name":"B\u00fcrgergeld","slug":"buergergeld","term_group":0,"term_taxonomy_id":181,"taxonomy":"category","description":"","parent":0,"count":79,"filter":"raw","cat_ID":181,"category_count":79,"category_description":"","cat_name":"B\u00fcrgergeld","category_nicename":"buergergeld","category_parent":0},{"term_id":268,"name":"B\u00fcrgergeld-Empf\u00e4nger","slug":"buergergeld-empfaenger","term_group":0,"term_taxonomy_id":268,"taxonomy":"category","description":"","parent":0,"count":81,"filter":"raw","cat_ID":268,"category_count":81,"category_description":"","cat_name":"B\u00fcrgergeld-Empf\u00e4nger","category_nicename":"buergergeld-empfaenger","category_parent":0},{"term_id":81,"name":"CDU","slug":"cdu","term_group":0,"term_taxonomy_id":81,"taxonomy":"category","description":"","parent":0,"count":123,"filter":"raw","cat_ID":81,"category_count":123,"category_description":"","cat_name":"CDU","category_nicename":"cdu","category_parent":0},{"term_id":171,"name":"Den DEUTSCHEN geht es viel zu gut","slug":"den-deutschen-geht-es-viel-zu-gut","term_group":0,"term_taxonomy_id":171,"taxonomy":"category","description":"","parent":0,"count":219,"filter":"raw","cat_ID":171,"category_count":219,"category_description":"","cat_name":"Den DEUTSCHEN geht es viel zu gut","category_nicename":"den-deutschen-geht-es-viel-zu-gut","category_parent":0},{"term_id":144,"name":"Doppelte Staatsangeh\u00f6rigkeit","slug":"doppelte-staatsangehoerigkeit","term_group":0,"term_taxonomy_id":144,"taxonomy":"category","description":"","parent":0,"count":217,"filter":"raw","cat_ID":144,"category_count":217,"category_description":"","cat_name":"Doppelte Staatsangeh\u00f6rigkeit","category_nicename":"doppelte-staatsangehoerigkeit","category_parent":0},{"term_id":267,"name":"Enteignung von Pflegebed\u00fcrftigen","slug":"enteignung-von-pflegebeduerftigen","term_group":0,"term_taxonomy_id":267,"taxonomy":"category","description":"","parent":0,"count":39,"filter":"raw","cat_ID":267,"category_count":39,"category_description":"","cat_name":"Enteignung von Pflegebed\u00fcrftigen","category_nicename":"enteignung-von-pflegebeduerftigen","category_parent":0},{"term_id":260,"name":"Fachkr\u00e4ftemangel","slug":"fachkraeftemangel","term_group":0,"term_taxonomy_id":260,"taxonomy":"category","description":"","parent":0,"count":67,"filter":"raw","cat_ID":260,"category_count":67,"category_description":"","cat_name":"Fachkr\u00e4ftemangel","category_nicename":"fachkraeftemangel","category_parent":0},{"term_id":65,"name":"Fl\u00fcchtlinge","slug":"fluechtlinge","term_group":0,"term_taxonomy_id":65,"taxonomy":"category","description":"","parent":0,"count":187,"filter":"raw","cat_ID":65,"category_count":187,"category_description":"","cat_name":"Fl\u00fcchtlinge","category_nicename":"fluechtlinge","category_parent":0},{"term_id":224,"name":"Gedanken zur Zeit","slug":"gedanken-zur-zeit","term_group":0,"term_taxonomy_id":224,"taxonomy":"category","description":"","parent":0,"count":125,"filter":"raw","cat_ID":224,"category_count":125,"category_description":"","cat_name":"Gedanken zur Zeit","category_nicename":"gedanken-zur-zeit","category_parent":0},{"term_id":73,"name":"Heizen","slug":"heizen","term_group":0,"term_taxonomy_id":73,"taxonomy":"category","description":"","parent":0,"count":7,"filter":"raw","cat_ID":73,"category_count":7,"category_description":"","cat_name":"Heizen","category_nicename":"heizen","category_parent":0},{"term_id":36,"name":"Heizungsgesetz","slug":"heizungsgesetz","term_group":0,"term_taxonomy_id":36,"taxonomy":"category","description":"","parent":0,"count":27,"filter":"raw","cat_ID":36,"category_count":27,"category_description":"","cat_name":"Heizungsgesetz","category_nicename":"heizungsgesetz","category_parent":0},{"term_id":161,"name":"Migranten aus Afrika gleichgestellt","slug":"migranten-aus-afrika-gleichgestellt","term_group":0,"term_taxonomy_id":161,"taxonomy":"category","description":"","parent":0,"count":240,"filter":"raw","cat_ID":161,"category_count":240,"category_description":"","cat_name":"Migranten aus Afrika gleichgestellt","category_nicename":"migranten-aus-afrika-gleichgestellt","category_parent":0},{"term_id":66,"name":"Minderheiten","slug":"minderheiten","term_group":0,"term_taxonomy_id":66,"taxonomy":"category","description":"","parent":0,"count":47,"filter":"raw","cat_ID":66,"category_count":47,"category_description":"","cat_name":"Minderheiten","category_nicename":"minderheiten","category_parent":0},{"term_id":215,"name":"POSTKOMUNISTEN","slug":"postkomunisten","term_group":0,"term_taxonomy_id":215,"taxonomy":"category","description":"","parent":0,"count":32,"filter":"raw","cat_ID":215,"category_count":32,"category_description":"","cat_name":"POSTKOMUNISTEN","category_nicename":"postkomunisten","category_parent":0},{"term_id":189,"name":"RENTENL\u00dcGE","slug":"rentenluege","term_group":0,"term_taxonomy_id":189,"taxonomy":"category","description":"","parent":0,"count":85,"filter":"raw","cat_ID":189,"category_count":85,"category_description":"","cat_name":"RENTENL\u00dcGE","category_nicename":"rentenluege","category_parent":0},{"term_id":221,"name":"Scheinheilige","slug":"scheinheilige","term_group":0,"term_taxonomy_id":221,"taxonomy":"category","description":"","parent":0,"count":195,"filter":"raw","cat_ID":221,"category_count":195,"category_description":"","cat_name":"Scheinheilige","category_nicename":"scheinheilige","category_parent":0},{"term_id":79,"name":"SPD","slug":"spd","term_group":0,"term_taxonomy_id":79,"taxonomy":"category","description":"","parent":0,"count":232,"filter":"raw","cat_ID":79,"category_count":232,"category_description":"","cat_name":"SPD","category_nicename":"spd","category_parent":0},{"term_id":52,"name":"Vermieter","slug":"vermieter","term_group":0,"term_taxonomy_id":52,"taxonomy":"category","description":"","parent":0,"count":5,"filter":"raw","cat_ID":52,"category_count":5,"category_description":"","cat_name":"Vermieter","category_nicename":"vermieter","category_parent":0},{"term_id":119,"name":"Vetternwirtschaft","slug":"vetternwirtschaft","term_group":0,"term_taxonomy_id":119,"taxonomy":"category","description":"","parent":0,"count":491,"filter":"raw","cat_ID":119,"category_count":491,"category_description":"","cat_name":"Vetternwirtschaft","category_nicename":"vetternwirtschaft","category_parent":0},{"term_id":264,"name":"Zwangsma\u00dfnahmen gegen Nicht-SPD-Denken","slug":"zwangsmassnahmen-gegen-nicht-spd-denken","term_group":0,"term_taxonomy_id":264,"taxonomy":"category","description":"","parent":0,"count":152,"filter":"raw","cat_ID":264,"category_count":152,"category_description":"","cat_name":"Zwangsma\u00dfnahmen gegen Nicht-SPD-Denken","category_nicename":"zwangsmassnahmen-gegen-nicht-spd-denken","category_parent":0}],"tags":[],"class_list":["post-3899","post","type-post","status-publish","format-standard","hentry","category-asylbetrug","category-asylbewerber","category-asylpolitik","category-bildungslose-politiker","category-buergergeld","category-buergergeld-empfaenger","category-cdu","category-den-deutschen-geht-es-viel-zu-gut","category-doppelte-staatsangehoerigkeit","category-enteignung-von-pflegebeduerftigen","category-fachkraeftemangel","category-fluechtlinge","category-gedanken-zur-zeit","category-heizen","category-heizungsgesetz","category-migranten-aus-afrika-gleichgestellt","category-minderheiten","category-postkomunisten","category-rentenluege","category-scheinheilige","category-spd","category-vermieter","category-vetternwirtschaft","category-zwangsmassnahmen-gegen-nicht-spd-denken"],"images":{"thumbnail":false,"medium":false,"medium_large":false,"large":false,"full":false},"_links":{"self":[{"href":"https:\/\/hpaulick.de\/index.php?rest_route=\/wp\/v2\/posts\/3899","targetHints":{"allow":["GET"]}}],"collection":[{"href":"https:\/\/hpaulick.de\/index.php?rest_route=\/wp\/v2\/posts"}],"about":[{"href":"https:\/\/hpaulick.de\/index.php?rest_route=\/wp\/v2\/types\/post"}],"author":[{"embeddable":true,"href":"https:\/\/hpaulick.de\/index.php?rest_route=\/wp\/v2\/users\/1"}],"replies":[{"embeddable":true,"href":"https:\/\/hpaulick.de\/index.php?rest_route=%2Fwp%2Fv2%2Fcomments&post=3899"}],"version-history":[{"count":3,"href":"https:\/\/hpaulick.de\/index.php?rest_route=\/wp\/v2\/posts\/3899\/revisions"}],"predecessor-version":[{"id":3902,"href":"https:\/\/hpaulick.de\/index.php?rest_route=\/wp\/v2\/posts\/3899\/revisions\/3902"}],"wp:attachment":[{"href":"https:\/\/hpaulick.de\/index.php?rest_route=%2Fwp%2Fv2%2Fmedia&parent=3899"}],"wp:term":[{"taxonomy":"category","embeddable":true,"href":"https:\/\/hpaulick.de\/index.php?rest_route=%2Fwp%2Fv2%2Fcategories&post=3899"},{"taxonomy":"post_tag","embeddable":true,"href":"https:\/\/hpaulick.de\/index.php?rest_route=%2Fwp%2Fv2%2Ftags&post=3899"}],"curies":[{"name":"wp","href":"https:\/\/api.w.org\/{rel}","templated":true}]}}