{"id":3968,"date":"2025-07-26T09:39:21","date_gmt":"2025-07-26T09:39:21","guid":{"rendered":"https:\/\/hpaulick.de\/?p=3968"},"modified":"2025-07-26T09:57:57","modified_gmt":"2025-07-26T09:57:57","slug":"innenstadt-zerfall-an-der-ostsee-geht-weiter-gleicht-einer-geisterstadt","status":"publish","type":"post","link":"https:\/\/hpaulick.de\/?p=3968","title":{"rendered":"Innenstadt-Zerfall an der Ostsee geht weiter \u2013 \u201eGleicht einer Geisterstadt\u201c"},"content":{"rendered":"\n<figure class=\"wp-block-embed is-type-rich is-provider-twitter wp-block-embed-twitter\"><div class=\"wp-block-embed__wrapper\">\n<div class=\"twitter-tweet\"><blockquote class=\"twitter-tweet\" data-lang=\"de\"><p lang=\"de\" dir=\"ltr\">Innenstadt-Zerfall an der Ostsee geht weiter \u2013 \u201eGleicht einer Geisterstadt\u201c<br>Bl\u00fchenden Landschaften sind wieder vorbei, jetzt kommt die OSTDEUTSCHE W\u00dcSTE, wo keiner mehr hin will, au\u00dfer Windr\u00e4der &amp; Niederl\u00e4ndische Acker-Investoren.<br>Wer regiert da? DIE SPD!<a href=\"https:\/\/t.co\/RhFDBEplgQ\">https:\/\/t.co\/RhFDBEplgQ<\/a><\/p>&mdash; Metaphysischer Blogger &amp; Menippeischer Satiriker ! (@Scheinheilig16) <a href=\"https:\/\/twitter.com\/Scheinheilig16\/status\/1949041673981342166?ref_src=twsrc%5Etfw\">26. Juli 2025<\/a><\/blockquote><\/div>\n<\/div><\/figure>\n\n\n\n<p>Selbst die Seeb\u00e4der an der K\u00fcste verlieren ihre Kunden. Kaum einer will l\u00e4nger dort \u00fcbernachten und Restaurantbesuche kann sich kaum noch einer leisten.<br>Der OSTSEE geht die PUSTE AUS.<\/p>\n\n\n\n<p>Daf\u00fcr haben wir jetzt dort GAS-TERMINALS f\u00fcr US-Amerikanisches Fracking-Gas und bald Erd\u00f6l- und Erdgasf\u00f6rderung. Man muss ja das gr\u00f6\u00dfere BILD sehen.<br><br>Eine Umfrage in Mecklenburg-Vorpommer zur Wahl 2017 ergab:<br>Man w\u00fcrde hier 37% CSU w\u00e4hlen, wenn sie den antreten w\u00fcrde.<br>Als GRUND gaben die meisten an:<br>&#8211; Wir wurden vor 1945 beschissen, da lebten hier nur die Reichen gut<br>&#8211; Nach 1945 beschissen, da lebten hier nur die PARTEIBONZEN gut<br>&#8211; Nach der Wende beschissen, die K\u00fcste konnten sich nur WESSIS leisten<br>&#8211; Heute ist das Land abgewirtschaftet und keiner will mehr hin<br><br>POLITISCH VERANTWORTLICH ist dort die SPD. Mit der SPD kam noch nie Wohlstand!<br><br><\/p>\n\n<div class=\"twitter-share\"><a href=\"https:\/\/twitter.com\/intent\/tweet?via=haraldpaulick\" class=\"twitter-share-button\" data-size=\"large\">Twittern<\/a><\/div>\n","protected":false},"excerpt":{"rendered":"<p>Selbst die Seeb\u00e4der an der K\u00fcste verlieren ihre Kunden. Kaum einer will l\u00e4nger dort \u00fcbernachten und Restaurantbesuche kann sich kaum noch einer leisten.Der OSTSEE geht die PUSTE AUS. Daf\u00fcr haben wir jetzt dort GAS-TERMINALS f\u00fcr US-Amerikanisches Fracking-Gas und bald Erd\u00f6l- und Erdgasf\u00f6rderung. Man muss ja das gr\u00f6\u00dfere BILD sehen. Eine Umfrage in Mecklenburg-Vorpommer zur Wahl &hellip; <a href=\"https:\/\/hpaulick.de\/?p=3968\" class=\"more-link\"><span class=\"screen-reader-text\">Innenstadt-Zerfall an der Ostsee geht weiter \u2013 \u201eGleicht einer Geisterstadt\u201c<\/span> weiterlesen<\/a><\/p>\n","protected":false},"author":1,"featured_media":0,"comment_status":"closed","ping_status":"open","sticky":false,"template":"","format":"standard","meta":{"footnotes":""},"categories":[{"term_id":266,"name":"Altersarmut","slug":"altersarmut","term_group":0,"term_taxonomy_id":266,"taxonomy":"category","description":"","parent":0,"count":35,"filter":"raw","cat_ID":266,"category_count":35,"category_description":"","cat_name":"Altersarmut","category_nicename":"altersarmut","category_parent":0},{"term_id":222,"name":"Altparteien","slug":"altparteien","term_group":0,"term_taxonomy_id":222,"taxonomy":"category","description":"","parent":0,"count":140,"filter":"raw","cat_ID":222,"category_count":140,"category_description":"","cat_name":"Altparteien","category_nicename":"altparteien","category_parent":0},{"term_id":125,"name":"Ampel-Regierung","slug":"ampel-regierung","term_group":0,"term_taxonomy_id":125,"taxonomy":"category","description":"","parent":0,"count":403,"filter":"raw","cat_ID":125,"category_count":403,"category_description":"","cat_name":"Ampel-Regierung","category_nicename":"ampel-regierung","category_parent":0},{"term_id":121,"name":"Armut","slug":"armut","term_group":0,"term_taxonomy_id":121,"taxonomy":"category","description":"","parent":0,"count":76,"filter":"raw","cat_ID":121,"category_count":76,"category_description":"","cat_name":"Armut","category_nicename":"armut","category_parent":0},{"term_id":132,"name":"Das 4. Reich GR\u00dcNER Pr\u00e4gung","slug":"das-4-reich-gruener-praegung","term_group":0,"term_taxonomy_id":132,"taxonomy":"category","description":"","parent":0,"count":458,"filter":"raw","cat_ID":132,"category_count":458,"category_description":"","cat_name":"Das 4. Reich GR\u00dcNER Pr\u00e4gung","category_nicename":"das-4-reich-gruener-praegung","category_parent":0},{"term_id":265,"name":"Der NEUE SOZIALISMUS von SPD, Gr\u00fcnen &amp; LINKEN","slug":"der-neue-sozialismus-von-spd-gruenen-linken","term_group":0,"term_taxonomy_id":265,"taxonomy":"category","description":"","parent":0,"count":181,"filter":"raw","cat_ID":265,"category_count":181,"category_description":"","cat_name":"Der NEUE SOZIALISMUS von SPD, Gr\u00fcnen &amp; LINKEN","category_nicename":"der-neue-sozialismus-von-spd-gruenen-linken","category_parent":0},{"term_id":202,"name":"Die T\u00e4ter sind unter uns!","slug":"die-taeter-sind-unter-uns","term_group":0,"term_taxonomy_id":202,"taxonomy":"category","description":"","parent":0,"count":316,"filter":"raw","cat_ID":202,"category_count":316,"category_description":"","cat_name":"Die T\u00e4ter sind unter uns!","category_nicename":"die-taeter-sind-unter-uns","category_parent":0},{"term_id":267,"name":"Enteignung von Pflegebed\u00fcrftigen","slug":"enteignung-von-pflegebeduerftigen","term_group":0,"term_taxonomy_id":267,"taxonomy":"category","description":"","parent":0,"count":39,"filter":"raw","cat_ID":267,"category_count":39,"category_description":"","cat_name":"Enteignung von Pflegebed\u00fcrftigen","category_nicename":"enteignung-von-pflegebeduerftigen","category_parent":0},{"term_id":167,"name":"Gewalt und Terror von LINKS","slug":"gewalt-und-terror-von-links","term_group":0,"term_taxonomy_id":167,"taxonomy":"category","description":"","parent":0,"count":234,"filter":"raw","cat_ID":167,"category_count":234,"category_description":"","cat_name":"Gewalt und Terror von LINKS","category_nicename":"gewalt-und-terror-von-links","category_parent":0},{"term_id":30,"name":"GR\u00dcNE Murks Politik","slug":"gruene-murks-politik","term_group":0,"term_taxonomy_id":30,"taxonomy":"category","description":"","parent":0,"count":805,"filter":"raw","cat_ID":30,"category_count":805,"category_description":"","cat_name":"GR\u00dcNE Murks Politik","category_nicename":"gruene-murks-politik","category_parent":0},{"term_id":161,"name":"Migranten aus Afrika gleichgestellt","slug":"migranten-aus-afrika-gleichgestellt","term_group":0,"term_taxonomy_id":161,"taxonomy":"category","description":"","parent":0,"count":240,"filter":"raw","cat_ID":161,"category_count":240,"category_description":"","cat_name":"Migranten aus Afrika gleichgestellt","category_nicename":"migranten-aus-afrika-gleichgestellt","category_parent":0},{"term_id":64,"name":"Migrationspolitik","slug":"migrationspolitik","term_group":0,"term_taxonomy_id":64,"taxonomy":"category","description":"","parent":0,"count":398,"filter":"raw","cat_ID":64,"category_count":398,"category_description":"","cat_name":"Migrationspolitik","category_nicename":"migrationspolitik","category_parent":0},{"term_id":112,"name":"Milliarden Deals UNBEMERKT","slug":"milliarden-deals-unbemerkt","term_group":0,"term_taxonomy_id":112,"taxonomy":"category","description":"","parent":0,"count":559,"filter":"raw","cat_ID":112,"category_count":559,"category_description":"","cat_name":"Milliarden Deals UNBEMERKT","category_nicename":"milliarden-deals-unbemerkt","category_parent":0},{"term_id":141,"name":"NEUE AMPELVARIANTE Schwarz+Rot+Gr\u00fcn","slug":"neue-ampelvariante-schwarzrotgruen","term_group":0,"term_taxonomy_id":141,"taxonomy":"category","description":"","parent":0,"count":153,"filter":"raw","cat_ID":141,"category_count":153,"category_description":"","cat_name":"NEUE AMPELVARIANTE Schwarz+Rot+Gr\u00fcn","category_nicename":"neue-ampelvariante-schwarzrotgruen","category_parent":0},{"term_id":96,"name":"Pleitewelle","slug":"pleitewelle","term_group":0,"term_taxonomy_id":96,"taxonomy":"category","description":"","parent":0,"count":54,"filter":"raw","cat_ID":96,"category_count":54,"category_description":"","cat_name":"Pleitewelle","category_nicename":"pleitewelle","category_parent":0},{"term_id":249,"name":"Schwarz Rote Regierung","slug":"schwarz-rote-regierung","term_group":0,"term_taxonomy_id":249,"taxonomy":"category","description":"","parent":0,"count":145,"filter":"raw","cat_ID":249,"category_count":145,"category_description":"","cat_name":"Schwarz Rote Regierung","category_nicename":"schwarz-rote-regierung","category_parent":0},{"term_id":134,"name":"Selbstbedienungsladen Bundestag","slug":"selbstbedienungsladen-bundestag","term_group":0,"term_taxonomy_id":134,"taxonomy":"category","description":"","parent":0,"count":374,"filter":"raw","cat_ID":134,"category_count":374,"category_description":"","cat_name":"Selbstbedienungsladen Bundestag","category_nicename":"selbstbedienungsladen-bundestag","category_parent":0},{"term_id":111,"name":"Sozialismus","slug":"sozialismus","term_group":0,"term_taxonomy_id":111,"taxonomy":"category","description":"","parent":0,"count":280,"filter":"raw","cat_ID":111,"category_count":280,"category_description":"","cat_name":"Sozialismus","category_nicename":"sozialismus","category_parent":0},{"term_id":79,"name":"SPD","slug":"spd","term_group":0,"term_taxonomy_id":79,"taxonomy":"category","description":"","parent":0,"count":232,"filter":"raw","cat_ID":79,"category_count":232,"category_description":"","cat_name":"SPD","category_nicename":"spd","category_parent":0},{"term_id":175,"name":"VERSAGER","slug":"versager","term_group":0,"term_taxonomy_id":175,"taxonomy":"category","description":"","parent":0,"count":222,"filter":"raw","cat_ID":175,"category_count":222,"category_description":"","cat_name":"VERSAGER","category_nicename":"versager","category_parent":0},{"term_id":119,"name":"Vetternwirtschaft","slug":"vetternwirtschaft","term_group":0,"term_taxonomy_id":119,"taxonomy":"category","description":"","parent":0,"count":491,"filter":"raw","cat_ID":119,"category_count":491,"category_description":"","cat_name":"Vetternwirtschaft","category_nicename":"vetternwirtschaft","category_parent":0},{"term_id":174,"name":"VON LINKS provozierter RECHTSRUCK","slug":"von-links-provozierter-rechtsruck","term_group":0,"term_taxonomy_id":174,"taxonomy":"category","description":"","parent":0,"count":305,"filter":"raw","cat_ID":174,"category_count":305,"category_description":"","cat_name":"VON LINKS provozierter RECHTSRUCK","category_nicename":"von-links-provozierter-rechtsruck","category_parent":0},{"term_id":190,"name":"Zwangsma\u00dfnahmen gegen nicht-gr\u00fcnes-Denken","slug":"zwangsmassnahmen-gegen-nicht-gruenes-denken","term_group":0,"term_taxonomy_id":190,"taxonomy":"category","description":"","parent":0,"count":246,"filter":"raw","cat_ID":190,"category_count":246,"category_description":"","cat_name":"Zwangsma\u00dfnahmen gegen nicht-gr\u00fcnes-Denken","category_nicename":"zwangsmassnahmen-gegen-nicht-gruenes-denken","category_parent":0},{"term_id":264,"name":"Zwangsma\u00dfnahmen gegen Nicht-SPD-Denken","slug":"zwangsmassnahmen-gegen-nicht-spd-denken","term_group":0,"term_taxonomy_id":264,"taxonomy":"category","description":"","parent":0,"count":152,"filter":"raw","cat_ID":264,"category_count":152,"category_description":"","cat_name":"Zwangsma\u00dfnahmen gegen Nicht-SPD-Denken","category_nicename":"zwangsmassnahmen-gegen-nicht-spd-denken","category_parent":0}],"tags":[],"class_list":["post-3968","post","type-post","status-publish","format-standard","hentry","category-altersarmut","category-altparteien","category-ampel-regierung","category-armut","category-das-4-reich-gruener-praegung","category-der-neue-sozialismus-von-spd-gruenen-linken","category-die-taeter-sind-unter-uns","category-enteignung-von-pflegebeduerftigen","category-gewalt-und-terror-von-links","category-gruene-murks-politik","category-migranten-aus-afrika-gleichgestellt","category-migrationspolitik","category-milliarden-deals-unbemerkt","category-neue-ampelvariante-schwarzrotgruen","category-pleitewelle","category-schwarz-rote-regierung","category-selbstbedienungsladen-bundestag","category-sozialismus","category-spd","category-versager","category-vetternwirtschaft","category-von-links-provozierter-rechtsruck","category-zwangsmassnahmen-gegen-nicht-gruenes-denken","category-zwangsmassnahmen-gegen-nicht-spd-denken"],"images":{"thumbnail":false,"medium":false,"medium_large":false,"large":false,"full":false},"_links":{"self":[{"href":"https:\/\/hpaulick.de\/index.php?rest_route=\/wp\/v2\/posts\/3968","targetHints":{"allow":["GET"]}}],"collection":[{"href":"https:\/\/hpaulick.de\/index.php?rest_route=\/wp\/v2\/posts"}],"about":[{"href":"https:\/\/hpaulick.de\/index.php?rest_route=\/wp\/v2\/types\/post"}],"author":[{"embeddable":true,"href":"https:\/\/hpaulick.de\/index.php?rest_route=\/wp\/v2\/users\/1"}],"replies":[{"embeddable":true,"href":"https:\/\/hpaulick.de\/index.php?rest_route=%2Fwp%2Fv2%2Fcomments&post=3968"}],"version-history":[{"count":3,"href":"https:\/\/hpaulick.de\/index.php?rest_route=\/wp\/v2\/posts\/3968\/revisions"}],"predecessor-version":[{"id":3973,"href":"https:\/\/hpaulick.de\/index.php?rest_route=\/wp\/v2\/posts\/3968\/revisions\/3973"}],"wp:attachment":[{"href":"https:\/\/hpaulick.de\/index.php?rest_route=%2Fwp%2Fv2%2Fmedia&parent=3968"}],"wp:term":[{"taxonomy":"category","embeddable":true,"href":"https:\/\/hpaulick.de\/index.php?rest_route=%2Fwp%2Fv2%2Fcategories&post=3968"},{"taxonomy":"post_tag","embeddable":true,"href":"https:\/\/hpaulick.de\/index.php?rest_route=%2Fwp%2Fv2%2Ftags&post=3968"}],"curies":[{"name":"wp","href":"https:\/\/api.w.org\/{rel}","templated":true}]}}