{"id":4011,"date":"2025-07-28T07:30:57","date_gmt":"2025-07-28T07:30:57","guid":{"rendered":"https:\/\/hpaulick.de\/?p=4011"},"modified":"2025-07-28T07:47:37","modified_gmt":"2025-07-28T07:47:37","slug":"weitere-600-mitarbeiter-arbeitslos-in-baden-wuerttemberg","status":"publish","type":"post","link":"https:\/\/hpaulick.de\/?p=4011","title":{"rendered":"Weitere 600 Mitarbeiter arbeitslos in Baden-W\u00fcrttemberg"},"content":{"rendered":"\n<figure class=\"wp-block-embed is-type-rich is-provider-twitter wp-block-embed-twitter\"><div class=\"wp-block-embed__wrapper\">\n<div class=\"twitter-tweet\"><blockquote class=\"twitter-tweet\" data-lang=\"de\"><p lang=\"de\" dir=\"ltr\">Weitere 600 Mitarbeiter arbeitslos in Baden-W\u00fcrttemberg<br>Deutscher Schrauben-Riese Joseph Dresselhaus GmbH &amp; Co. KG insolvent \u2013 Sparma\u00dfnahmen gescheitert<br>Insolvenzen durch falsche POLITIK verursacht im S\u00fcdWesten. Da schl\u00e4ft man noch!<br>Harald Paulick<br>Blogger <a href=\"https:\/\/t.co\/b2P3bBFXVG\">https:\/\/t.co\/b2P3bBFXVG<\/a><\/p>&mdash; Metaphysischer Blogger &amp; Menippeischer Satiriker ! (@Scheinheilig16) <a href=\"https:\/\/twitter.com\/Scheinheilig16\/status\/1949734157753463123?ref_src=twsrc%5Etfw\">28. Juli 2025<\/a><\/blockquote><\/div>\n<\/div><\/figure>\n\n\n\n<p>35 Jahre nach der Wende und dem hohen Ro\u00df auf dem der Westen sa\u00df, geht es im S\u00dcDEN und Westen Deutschlands jetzt bergab. Der Westen darf jetzt nachempfinden was im OSTEN <strong><em>KAHLSCHLAG<\/em><\/strong> bedeutet hat.<br>Warum trifft es den Osten nicht so? Im Osten ist nichts mehr, was noch insolvent gehen k\u00f6nnte und was erw\u00e4hnenswert w\u00e4re.<\/p>\n\n\n\n<p>Somit Lieber WESTEN genie\u00dft es: Arbeitslosigkeit &amp; Trostlosigkeit werden einziehen in eure H\u00c4USER, die ihr euch dann nicht mehr leisten k\u00f6nnt.<\/p>\n\n\n\n<p>Gr\u00fcne und SPD, die das alles ma\u00dfgeblich verursacht haben und noch verursachen, muss man sich leisten k\u00f6nnen. Das DURCHF\u00dcTTERN von Wirtschaftsfl\u00fcchtlingen und Helfer aus ASIEN, wurde von EUCH gew\u00fcnscht, denn ihr habt weiter MULTIKULTI-ALTPARTEIEN gew\u00e4hlt, wo der OSTEN schon lange erkannte, dass diese POLITIK uns gegen die Wand fahren l\u00e4\u00dft.<\/p>\n\n\n\n<p>Egal: &#8222;Wer nicht h\u00f6ren will, muss f\u00fchlen!&#8220;. VIEL SPASS DABEI!<br><br>Einen TROST habe ich noch: Der Fachkr\u00e4ftemange ist bald beendet!<\/p>\n\n<div class=\"twitter-share\"><a href=\"https:\/\/twitter.com\/intent\/tweet?via=haraldpaulick\" class=\"twitter-share-button\" data-size=\"large\">Twittern<\/a><\/div>\n","protected":false},"excerpt":{"rendered":"<p>35 Jahre nach der Wende und dem hohen Ro\u00df auf dem der Westen sa\u00df, geht es im S\u00dcDEN und Westen Deutschlands jetzt bergab. Der Westen darf jetzt nachempfinden was im OSTEN KAHLSCHLAG bedeutet hat.Warum trifft es den Osten nicht so? Im Osten ist nichts mehr, was noch insolvent gehen k\u00f6nnte und was erw\u00e4hnenswert w\u00e4re. Somit &hellip; <a href=\"https:\/\/hpaulick.de\/?p=4011\" class=\"more-link\"><span class=\"screen-reader-text\">Weitere 600 Mitarbeiter arbeitslos in Baden-W\u00fcrttemberg<\/span> weiterlesen<\/a><\/p>\n","protected":false},"author":1,"featured_media":0,"comment_status":"closed","ping_status":"open","sticky":false,"template":"","format":"standard","meta":{"footnotes":""},"categories":[{"term_id":63,"name":"Aberglaube","slug":"aberglaube","term_group":0,"term_taxonomy_id":63,"taxonomy":"category","description":"","parent":0,"count":404,"filter":"raw","cat_ID":63,"category_count":404,"category_description":"","cat_name":"Aberglaube","category_nicename":"aberglaube","category_parent":0},{"term_id":122,"name":"Abschiebung","slug":"abschiebung","term_group":0,"term_taxonomy_id":122,"taxonomy":"category","description":"","parent":0,"count":121,"filter":"raw","cat_ID":122,"category_count":121,"category_description":"","cat_name":"Abschiebung","category_nicename":"abschiebung","category_parent":0},{"term_id":222,"name":"Altparteien","slug":"altparteien","term_group":0,"term_taxonomy_id":222,"taxonomy":"category","description":"","parent":0,"count":140,"filter":"raw","cat_ID":222,"category_count":140,"category_description":"","cat_name":"Altparteien","category_nicename":"altparteien","category_parent":0},{"term_id":125,"name":"Ampel-Regierung","slug":"ampel-regierung","term_group":0,"term_taxonomy_id":125,"taxonomy":"category","description":"","parent":0,"count":403,"filter":"raw","cat_ID":125,"category_count":403,"category_description":"","cat_name":"Ampel-Regierung","category_nicename":"ampel-regierung","category_parent":0},{"term_id":214,"name":"Asylbewerber","slug":"asylbewerber","term_group":0,"term_taxonomy_id":214,"taxonomy":"category","description":"","parent":0,"count":89,"filter":"raw","cat_ID":214,"category_count":89,"category_description":"","cat_name":"Asylbewerber","category_nicename":"asylbewerber","category_parent":0},{"term_id":27,"name":"Asylpolitik","slug":"asylpolitik","term_group":0,"term_taxonomy_id":27,"taxonomy":"category","description":"","parent":0,"count":326,"filter":"raw","cat_ID":27,"category_count":326,"category_description":"","cat_name":"Asylpolitik","category_nicename":"asylpolitik","category_parent":0},{"term_id":54,"name":"Bildungslose Politiker","slug":"bildungslose-politiker","term_group":0,"term_taxonomy_id":54,"taxonomy":"category","description":"","parent":0,"count":676,"filter":"raw","cat_ID":54,"category_count":676,"category_description":"","cat_name":"Bildungslose Politiker","category_nicename":"bildungslose-politiker","category_parent":0},{"term_id":181,"name":"B\u00fcrgergeld","slug":"buergergeld","term_group":0,"term_taxonomy_id":181,"taxonomy":"category","description":"","parent":0,"count":79,"filter":"raw","cat_ID":181,"category_count":79,"category_description":"","cat_name":"B\u00fcrgergeld","category_nicename":"buergergeld","category_parent":0},{"term_id":268,"name":"B\u00fcrgergeld-Empf\u00e4nger","slug":"buergergeld-empfaenger","term_group":0,"term_taxonomy_id":268,"taxonomy":"category","description":"","parent":0,"count":81,"filter":"raw","cat_ID":268,"category_count":81,"category_description":"","cat_name":"B\u00fcrgergeld-Empf\u00e4nger","category_nicename":"buergergeld-empfaenger","category_parent":0},{"term_id":254,"name":"B\u00fcrokratie","slug":"buerokratie","term_group":0,"term_taxonomy_id":254,"taxonomy":"category","description":"","parent":0,"count":39,"filter":"raw","cat_ID":254,"category_count":39,"category_description":"","cat_name":"B\u00fcrokratie","category_nicename":"buerokratie","category_parent":0},{"term_id":255,"name":"B\u00fcrokratie-Abbau","slug":"buerokratie-abbau","term_group":0,"term_taxonomy_id":255,"taxonomy":"category","description":"","parent":0,"count":51,"filter":"raw","cat_ID":255,"category_count":51,"category_description":"","cat_name":"B\u00fcrokratie-Abbau","category_nicename":"buerokratie-abbau","category_parent":0},{"term_id":132,"name":"Das 4. Reich GR\u00dcNER Pr\u00e4gung","slug":"das-4-reich-gruener-praegung","term_group":0,"term_taxonomy_id":132,"taxonomy":"category","description":"","parent":0,"count":458,"filter":"raw","cat_ID":132,"category_count":458,"category_description":"","cat_name":"Das 4. Reich GR\u00dcNER Pr\u00e4gung","category_nicename":"das-4-reich-gruener-praegung","category_parent":0},{"term_id":171,"name":"Den DEUTSCHEN geht es viel zu gut","slug":"den-deutschen-geht-es-viel-zu-gut","term_group":0,"term_taxonomy_id":171,"taxonomy":"category","description":"","parent":0,"count":219,"filter":"raw","cat_ID":171,"category_count":219,"category_description":"","cat_name":"Den DEUTSCHEN geht es viel zu gut","category_nicename":"den-deutschen-geht-es-viel-zu-gut","category_parent":0},{"term_id":265,"name":"Der NEUE SOZIALISMUS von SPD, Gr\u00fcnen &amp; LINKEN","slug":"der-neue-sozialismus-von-spd-gruenen-linken","term_group":0,"term_taxonomy_id":265,"taxonomy":"category","description":"","parent":0,"count":181,"filter":"raw","cat_ID":265,"category_count":181,"category_description":"","cat_name":"Der NEUE SOZIALISMUS von SPD, Gr\u00fcnen &amp; LINKEN","category_nicename":"der-neue-sozialismus-von-spd-gruenen-linken","category_parent":0},{"term_id":49,"name":"Deutschland schafft sich ab","slug":"deutschland-schafft-sich-ab","term_group":0,"term_taxonomy_id":49,"taxonomy":"category","description":"","parent":0,"count":663,"filter":"raw","cat_ID":49,"category_count":663,"category_description":"","cat_name":"Deutschland schafft sich ab","category_nicename":"deutschland-schafft-sich-ab","category_parent":0},{"term_id":202,"name":"Die T\u00e4ter sind unter uns!","slug":"die-taeter-sind-unter-uns","term_group":0,"term_taxonomy_id":202,"taxonomy":"category","description":"","parent":0,"count":316,"filter":"raw","cat_ID":202,"category_count":316,"category_description":"","cat_name":"Die T\u00e4ter sind unter uns!","category_nicename":"die-taeter-sind-unter-uns","category_parent":0},{"term_id":117,"name":"Diktatur","slug":"diktatur","term_group":0,"term_taxonomy_id":117,"taxonomy":"category","description":"","parent":0,"count":391,"filter":"raw","cat_ID":117,"category_count":391,"category_description":"","cat_name":"Diktatur","category_nicename":"diktatur","category_parent":0},{"term_id":144,"name":"Doppelte Staatsangeh\u00f6rigkeit","slug":"doppelte-staatsangehoerigkeit","term_group":0,"term_taxonomy_id":144,"taxonomy":"category","description":"","parent":0,"count":217,"filter":"raw","cat_ID":144,"category_count":217,"category_description":"","cat_name":"Doppelte Staatsangeh\u00f6rigkeit","category_nicename":"doppelte-staatsangehoerigkeit","category_parent":0},{"term_id":140,"name":"Experten ohne Abschl\u00fcsse","slug":"experten-ohne-abschluesse","term_group":0,"term_taxonomy_id":140,"taxonomy":"category","description":"","parent":0,"count":279,"filter":"raw","cat_ID":140,"category_count":279,"category_description":"","cat_name":"Experten ohne Abschl\u00fcsse","category_nicename":"experten-ohne-abschluesse","category_parent":0},{"term_id":260,"name":"Fachkr\u00e4ftemangel","slug":"fachkraeftemangel","term_group":0,"term_taxonomy_id":260,"taxonomy":"category","description":"","parent":0,"count":67,"filter":"raw","cat_ID":260,"category_count":67,"category_description":"","cat_name":"Fachkr\u00e4ftemangel","category_nicename":"fachkraeftemangel","category_parent":0},{"term_id":62,"name":"Geldverschwendung","slug":"geldverschwendung","term_group":0,"term_taxonomy_id":62,"taxonomy":"category","description":"","parent":0,"count":185,"filter":"raw","cat_ID":62,"category_count":185,"category_description":"","cat_name":"Geldverschwendung","category_nicename":"geldverschwendung","category_parent":0},{"term_id":192,"name":"Gr\u00fcne","slug":"gruene","term_group":0,"term_taxonomy_id":192,"taxonomy":"category","description":"","parent":0,"count":85,"filter":"raw","cat_ID":192,"category_count":85,"category_description":"","cat_name":"Gr\u00fcne","category_nicename":"gruene","category_parent":0},{"term_id":30,"name":"GR\u00dcNE Murks Politik","slug":"gruene-murks-politik","term_group":0,"term_taxonomy_id":30,"taxonomy":"category","description":"","parent":0,"count":805,"filter":"raw","cat_ID":30,"category_count":805,"category_description":"","cat_name":"GR\u00dcNE Murks Politik","category_nicename":"gruene-murks-politik","category_parent":0},{"term_id":170,"name":"Hass der GR\u00dcNEN LINKEN auf alles ANDERSDENKENDE","slug":"hass-der-gruenen-linken-auf-alles-andersdenkende","term_group":0,"term_taxonomy_id":170,"taxonomy":"category","description":"","parent":0,"count":256,"filter":"raw","cat_ID":170,"category_count":256,"category_description":"","cat_name":"Hass der GR\u00dcNEN LINKEN auf alles ANDERSDENKENDE","category_nicename":"hass-der-gruenen-linken-auf-alles-andersdenkende","category_parent":0},{"term_id":154,"name":"Illusion vom Frieden","slug":"illusion-vom-frieden","term_group":0,"term_taxonomy_id":154,"taxonomy":"category","description":"","parent":0,"count":91,"filter":"raw","cat_ID":154,"category_count":91,"category_description":"","cat_name":"Illusion vom Frieden","category_nicename":"illusion-vom-frieden","category_parent":0},{"term_id":209,"name":"Illusion von Integration","slug":"illusion-von-integration","term_group":0,"term_taxonomy_id":209,"taxonomy":"category","description":"","parent":0,"count":200,"filter":"raw","cat_ID":209,"category_count":200,"category_description":"","cat_name":"Illusion von Integration","category_nicename":"illusion-von-integration","category_parent":0},{"term_id":227,"name":"Insolvenzen","slug":"insolvenzen","term_group":0,"term_taxonomy_id":227,"taxonomy":"category","description":"","parent":0,"count":11,"filter":"raw","cat_ID":227,"category_count":11,"category_description":"","cat_name":"Insolvenzen","category_nicename":"insolvenzen","category_parent":0},{"term_id":271,"name":"L\u00e4nderfinanzausgleich","slug":"laenderfinanzausgleich","term_group":0,"term_taxonomy_id":271,"taxonomy":"category","description":"","parent":0,"count":20,"filter":"raw","cat_ID":271,"category_count":20,"category_description":"","cat_name":"L\u00e4nderfinanzausgleich","category_nicename":"laenderfinanzausgleich","category_parent":0},{"term_id":55,"name":"LINKE","slug":"linke","term_group":0,"term_taxonomy_id":55,"taxonomy":"category","description":"","parent":0,"count":53,"filter":"raw","cat_ID":55,"category_count":53,"category_description":"","cat_name":"LINKE","category_nicename":"linke","category_parent":0},{"term_id":50,"name":"Linksextremismus","slug":"linksextremismus","term_group":0,"term_taxonomy_id":50,"taxonomy":"category","description":"","parent":0,"count":313,"filter":"raw","cat_ID":50,"category_count":313,"category_description":"","cat_name":"Linksextremismus","category_nicename":"linksextremismus","category_parent":0},{"term_id":102,"name":"L\u00dcGEN","slug":"luegen","term_group":0,"term_taxonomy_id":102,"taxonomy":"category","description":"","parent":0,"count":389,"filter":"raw","cat_ID":102,"category_count":389,"category_description":"","cat_name":"L\u00dcGEN","category_nicename":"luegen","category_parent":0},{"term_id":64,"name":"Migrationspolitik","slug":"migrationspolitik","term_group":0,"term_taxonomy_id":64,"taxonomy":"category","description":"","parent":0,"count":398,"filter":"raw","cat_ID":64,"category_count":398,"category_description":"","cat_name":"Migrationspolitik","category_nicename":"migrationspolitik","category_parent":0},{"term_id":112,"name":"Milliarden Deals UNBEMERKT","slug":"milliarden-deals-unbemerkt","term_group":0,"term_taxonomy_id":112,"taxonomy":"category","description":"","parent":0,"count":559,"filter":"raw","cat_ID":112,"category_count":559,"category_description":"","cat_name":"Milliarden Deals UNBEMERKT","category_nicename":"milliarden-deals-unbemerkt","category_parent":0},{"term_id":141,"name":"NEUE AMPELVARIANTE Schwarz+Rot+Gr\u00fcn","slug":"neue-ampelvariante-schwarzrotgruen","term_group":0,"term_taxonomy_id":141,"taxonomy":"category","description":"","parent":0,"count":153,"filter":"raw","cat_ID":141,"category_count":153,"category_description":"","cat_name":"NEUE AMPELVARIANTE Schwarz+Rot+Gr\u00fcn","category_nicename":"neue-ampelvariante-schwarzrotgruen","category_parent":0},{"term_id":256,"name":"NGO's","slug":"ngos","term_group":0,"term_taxonomy_id":256,"taxonomy":"category","description":"","parent":0,"count":37,"filter":"raw","cat_ID":256,"category_count":37,"category_description":"","cat_name":"NGO's","category_nicename":"ngos","category_parent":0},{"term_id":197,"name":"Politik zur Verantwortung ziehen","slug":"politik-zur-verantwortung-ziehen","term_group":0,"term_taxonomy_id":197,"taxonomy":"category","description":"","parent":0,"count":249,"filter":"raw","cat_ID":197,"category_count":249,"category_description":"","cat_name":"Politik zur Verantwortung ziehen","category_nicename":"politik-zur-verantwortung-ziehen","category_parent":0},{"term_id":221,"name":"Scheinheilige","slug":"scheinheilige","term_group":0,"term_taxonomy_id":221,"taxonomy":"category","description":"","parent":0,"count":195,"filter":"raw","cat_ID":221,"category_count":195,"category_description":"","cat_name":"Scheinheilige","category_nicename":"scheinheilige","category_parent":0},{"term_id":249,"name":"Schwarz Rote Regierung","slug":"schwarz-rote-regierung","term_group":0,"term_taxonomy_id":249,"taxonomy":"category","description":"","parent":0,"count":145,"filter":"raw","cat_ID":249,"category_count":145,"category_description":"","cat_name":"Schwarz Rote Regierung","category_nicename":"schwarz-rote-regierung","category_parent":0},{"term_id":177,"name":"Schwarz-Gr\u00fcne Regierung","slug":"schwarz-gruene-regierung","term_group":0,"term_taxonomy_id":177,"taxonomy":"category","description":"","parent":0,"count":63,"filter":"raw","cat_ID":177,"category_count":63,"category_description":"","cat_name":"Schwarz-Gr\u00fcne Regierung","category_nicename":"schwarz-gruene-regierung","category_parent":0},{"term_id":134,"name":"Selbstbedienungsladen Bundestag","slug":"selbstbedienungsladen-bundestag","term_group":0,"term_taxonomy_id":134,"taxonomy":"category","description":"","parent":0,"count":374,"filter":"raw","cat_ID":134,"category_count":374,"category_description":"","cat_name":"Selbstbedienungsladen Bundestag","category_nicename":"selbstbedienungsladen-bundestag","category_parent":0},{"term_id":111,"name":"Sozialismus","slug":"sozialismus","term_group":0,"term_taxonomy_id":111,"taxonomy":"category","description":"","parent":0,"count":280,"filter":"raw","cat_ID":111,"category_count":280,"category_description":"","cat_name":"Sozialismus","category_nicename":"sozialismus","category_parent":0},{"term_id":79,"name":"SPD","slug":"spd","term_group":0,"term_taxonomy_id":79,"taxonomy":"category","description":"","parent":0,"count":232,"filter":"raw","cat_ID":79,"category_count":232,"category_description":"","cat_name":"SPD","category_nicename":"spd","category_parent":0},{"term_id":175,"name":"VERSAGER","slug":"versager","term_group":0,"term_taxonomy_id":175,"taxonomy":"category","description":"","parent":0,"count":222,"filter":"raw","cat_ID":175,"category_count":222,"category_description":"","cat_name":"VERSAGER","category_nicename":"versager","category_parent":0},{"term_id":119,"name":"Vetternwirtschaft","slug":"vetternwirtschaft","term_group":0,"term_taxonomy_id":119,"taxonomy":"category","description":"","parent":0,"count":491,"filter":"raw","cat_ID":119,"category_count":491,"category_description":"","cat_name":"Vetternwirtschaft","category_nicename":"vetternwirtschaft","category_parent":0},{"term_id":174,"name":"VON LINKS provozierter RECHTSRUCK","slug":"von-links-provozierter-rechtsruck","term_group":0,"term_taxonomy_id":174,"taxonomy":"category","description":"","parent":0,"count":305,"filter":"raw","cat_ID":174,"category_count":305,"category_description":"","cat_name":"VON LINKS provozierter RECHTSRUCK","category_nicename":"von-links-provozierter-rechtsruck","category_parent":0},{"term_id":190,"name":"Zwangsma\u00dfnahmen gegen nicht-gr\u00fcnes-Denken","slug":"zwangsmassnahmen-gegen-nicht-gruenes-denken","term_group":0,"term_taxonomy_id":190,"taxonomy":"category","description":"","parent":0,"count":246,"filter":"raw","cat_ID":190,"category_count":246,"category_description":"","cat_name":"Zwangsma\u00dfnahmen gegen nicht-gr\u00fcnes-Denken","category_nicename":"zwangsmassnahmen-gegen-nicht-gruenes-denken","category_parent":0},{"term_id":264,"name":"Zwangsma\u00dfnahmen gegen Nicht-SPD-Denken","slug":"zwangsmassnahmen-gegen-nicht-spd-denken","term_group":0,"term_taxonomy_id":264,"taxonomy":"category","description":"","parent":0,"count":152,"filter":"raw","cat_ID":264,"category_count":152,"category_description":"","cat_name":"Zwangsma\u00dfnahmen gegen Nicht-SPD-Denken","category_nicename":"zwangsmassnahmen-gegen-nicht-spd-denken","category_parent":0}],"tags":[],"class_list":["post-4011","post","type-post","status-publish","format-standard","hentry","category-aberglaube","category-abschiebung","category-altparteien","category-ampel-regierung","category-asylbewerber","category-asylpolitik","category-bildungslose-politiker","category-buergergeld","category-buergergeld-empfaenger","category-buerokratie","category-buerokratie-abbau","category-das-4-reich-gruener-praegung","category-den-deutschen-geht-es-viel-zu-gut","category-der-neue-sozialismus-von-spd-gruenen-linken","category-deutschland-schafft-sich-ab","category-die-taeter-sind-unter-uns","category-diktatur","category-doppelte-staatsangehoerigkeit","category-experten-ohne-abschluesse","category-fachkraeftemangel","category-geldverschwendung","category-gruene","category-gruene-murks-politik","category-hass-der-gruenen-linken-auf-alles-andersdenkende","category-illusion-vom-frieden","category-illusion-von-integration","category-insolvenzen","category-laenderfinanzausgleich","category-linke","category-linksextremismus","category-luegen","category-migrationspolitik","category-milliarden-deals-unbemerkt","category-neue-ampelvariante-schwarzrotgruen","category-ngos","category-politik-zur-verantwortung-ziehen","category-scheinheilige","category-schwarz-rote-regierung","category-schwarz-gruene-regierung","category-selbstbedienungsladen-bundestag","category-sozialismus","category-spd","category-versager","category-vetternwirtschaft","category-von-links-provozierter-rechtsruck","category-zwangsmassnahmen-gegen-nicht-gruenes-denken","category-zwangsmassnahmen-gegen-nicht-spd-denken"],"images":{"thumbnail":false,"medium":false,"medium_large":false,"large":false,"full":false},"_links":{"self":[{"href":"https:\/\/hpaulick.de\/index.php?rest_route=\/wp\/v2\/posts\/4011","targetHints":{"allow":["GET"]}}],"collection":[{"href":"https:\/\/hpaulick.de\/index.php?rest_route=\/wp\/v2\/posts"}],"about":[{"href":"https:\/\/hpaulick.de\/index.php?rest_route=\/wp\/v2\/types\/post"}],"author":[{"embeddable":true,"href":"https:\/\/hpaulick.de\/index.php?rest_route=\/wp\/v2\/users\/1"}],"replies":[{"embeddable":true,"href":"https:\/\/hpaulick.de\/index.php?rest_route=%2Fwp%2Fv2%2Fcomments&post=4011"}],"version-history":[{"count":4,"href":"https:\/\/hpaulick.de\/index.php?rest_route=\/wp\/v2\/posts\/4011\/revisions"}],"predecessor-version":[{"id":4015,"href":"https:\/\/hpaulick.de\/index.php?rest_route=\/wp\/v2\/posts\/4011\/revisions\/4015"}],"wp:attachment":[{"href":"https:\/\/hpaulick.de\/index.php?rest_route=%2Fwp%2Fv2%2Fmedia&parent=4011"}],"wp:term":[{"taxonomy":"category","embeddable":true,"href":"https:\/\/hpaulick.de\/index.php?rest_route=%2Fwp%2Fv2%2Fcategories&post=4011"},{"taxonomy":"post_tag","embeddable":true,"href":"https:\/\/hpaulick.de\/index.php?rest_route=%2Fwp%2Fv2%2Ftags&post=4011"}],"curies":[{"name":"wp","href":"https:\/\/api.w.org\/{rel}","templated":true}]}}