{"id":4022,"date":"2025-07-28T08:22:59","date_gmt":"2025-07-28T08:22:59","guid":{"rendered":"https:\/\/hpaulick.de\/?p=4022"},"modified":"2025-07-28T08:27:45","modified_gmt":"2025-07-28T08:27:45","slug":"von-der-leyens-taeuschung-eu-fuehrung-hat-im-zollstreit-jaemmerlich-versagt-wozu-brauchen-wir-die-noch","status":"publish","type":"post","link":"https:\/\/hpaulick.de\/?p=4022","title":{"rendered":"Von der Leyens T\u00e4uschung: EU-F\u00fchrung hat im Zollstreit j\u00e4mmerlich versagt. WOZU brauchen wir die noch?"},"content":{"rendered":"\n<figure class=\"wp-block-embed is-type-rich is-provider-twitter wp-block-embed-twitter\"><div class=\"wp-block-embed__wrapper\">\n<div class=\"twitter-tweet\"><blockquote class=\"twitter-tweet\" data-lang=\"de\"><p lang=\"de\" dir=\"ltr\">Von der Leyens T\u00e4uschung: EU-F\u00fchrung hat im Zollstreit j\u00e4mmerlich versagt. WOZU brauchen wir die noch?<br>Kanzler Merz ist f\u00fcr diesen DEAL. Er ist Protektoratsleiter DEUTSCHLANDs von GNADEN TRUMPS (aller amerikanischer Pr\u00e4sidenten seit 1945).<br>Harald Paulick<br> <a href=\"https:\/\/t.co\/vqYnHPjpyR\">https:\/\/t.co\/vqYnHPjpyR<\/a><\/p>&mdash; Metaphysischer Blogger &amp; Menippeischer Satiriker ! (@Scheinheilig16) <a href=\"https:\/\/twitter.com\/Scheinheilig16\/status\/1949745768853573806?ref_src=twsrc%5Etfw\">28. Juli 2025<\/a><\/blockquote><\/div>\n<\/div><\/figure>\n\n\n\n<p>Das einzige was Trump an Merz st\u00f6rt ist, dass Deutschland zur Zeit von Asylbewerber, Wirtschaftsfl\u00fcchtlingen, Kriegsfl\u00fcchtlingen, Kriminellen und anderen PARASITEN ausgesaugt wird. Das schm\u00e4lert den AMERIKANISCHEN GEWINN des Protektorates Deutschland. Aus diesem Grund schickt er seine Stellvertreter, wie DG VANCE ab und zu mal nach Deutschland um die zZ. einzige Kraft, welche den Amerikanern wieder sprudelde PROFITE verschaffen k\u00f6nnte, die AfD, unter die Arme zu greifen!<\/p>\n\n<div class=\"twitter-share\"><a href=\"https:\/\/twitter.com\/intent\/tweet?via=haraldpaulick\" class=\"twitter-share-button\" data-size=\"large\">Twittern<\/a><\/div>\n","protected":false},"excerpt":{"rendered":"<p>Das einzige was Trump an Merz st\u00f6rt ist, dass Deutschland zur Zeit von Asylbewerber, Wirtschaftsfl\u00fcchtlingen, Kriegsfl\u00fcchtlingen, Kriminellen und anderen PARASITEN ausgesaugt wird. Das schm\u00e4lert den AMERIKANISCHEN GEWINN des Protektorates Deutschland. Aus diesem Grund schickt er seine Stellvertreter, wie DG VANCE ab und zu mal nach Deutschland um die zZ. einzige Kraft, welche den Amerikanern wieder &hellip; <a href=\"https:\/\/hpaulick.de\/?p=4022\" class=\"more-link\"><span class=\"screen-reader-text\">Von der Leyens T\u00e4uschung: EU-F\u00fchrung hat im Zollstreit j\u00e4mmerlich versagt. WOZU brauchen wir die noch?<\/span> weiterlesen<\/a><\/p>\n","protected":false},"author":1,"featured_media":0,"comment_status":"closed","ping_status":"open","sticky":false,"template":"","format":"standard","meta":{"footnotes":""},"categories":[{"term_id":226,"name":"Asylbetrug","slug":"asylbetrug","term_group":0,"term_taxonomy_id":226,"taxonomy":"category","description":"","parent":0,"count":98,"filter":"raw","cat_ID":226,"category_count":98,"category_description":"","cat_name":"Asylbetrug","category_nicename":"asylbetrug","category_parent":0},{"term_id":214,"name":"Asylbewerber","slug":"asylbewerber","term_group":0,"term_taxonomy_id":214,"taxonomy":"category","description":"","parent":0,"count":89,"filter":"raw","cat_ID":214,"category_count":89,"category_description":"","cat_name":"Asylbewerber","category_nicename":"asylbewerber","category_parent":0},{"term_id":27,"name":"Asylpolitik","slug":"asylpolitik","term_group":0,"term_taxonomy_id":27,"taxonomy":"category","description":"","parent":0,"count":326,"filter":"raw","cat_ID":27,"category_count":326,"category_description":"","cat_name":"Asylpolitik","category_nicename":"asylpolitik","category_parent":0},{"term_id":142,"name":"Betrug","slug":"betrug","term_group":0,"term_taxonomy_id":142,"taxonomy":"category","description":"","parent":0,"count":148,"filter":"raw","cat_ID":142,"category_count":148,"category_description":"","cat_name":"Betrug","category_nicename":"betrug","category_parent":0},{"term_id":71,"name":"Clan-Kriminalit\u00e4t","slug":"clan-kriminalitaet","term_group":0,"term_taxonomy_id":71,"taxonomy":"category","description":"","parent":0,"count":102,"filter":"raw","cat_ID":71,"category_count":102,"category_description":"","cat_name":"Clan-Kriminalit\u00e4t","category_nicename":"clan-kriminalitaet","category_parent":0},{"term_id":132,"name":"Das 4. Reich GR\u00dcNER Pr\u00e4gung","slug":"das-4-reich-gruener-praegung","term_group":0,"term_taxonomy_id":132,"taxonomy":"category","description":"","parent":0,"count":458,"filter":"raw","cat_ID":132,"category_count":458,"category_description":"","cat_name":"Das 4. Reich GR\u00dcNER Pr\u00e4gung","category_nicename":"das-4-reich-gruener-praegung","category_parent":0},{"term_id":171,"name":"Den DEUTSCHEN geht es viel zu gut","slug":"den-deutschen-geht-es-viel-zu-gut","term_group":0,"term_taxonomy_id":171,"taxonomy":"category","description":"","parent":0,"count":219,"filter":"raw","cat_ID":171,"category_count":219,"category_description":"","cat_name":"Den DEUTSCHEN geht es viel zu gut","category_nicename":"den-deutschen-geht-es-viel-zu-gut","category_parent":0},{"term_id":265,"name":"Der NEUE SOZIALISMUS von SPD, Gr\u00fcnen &amp; LINKEN","slug":"der-neue-sozialismus-von-spd-gruenen-linken","term_group":0,"term_taxonomy_id":265,"taxonomy":"category","description":"","parent":0,"count":181,"filter":"raw","cat_ID":265,"category_count":181,"category_description":"","cat_name":"Der NEUE SOZIALISMUS von SPD, Gr\u00fcnen &amp; LINKEN","category_nicename":"der-neue-sozialismus-von-spd-gruenen-linken","category_parent":0},{"term_id":49,"name":"Deutschland schafft sich ab","slug":"deutschland-schafft-sich-ab","term_group":0,"term_taxonomy_id":49,"taxonomy":"category","description":"","parent":0,"count":663,"filter":"raw","cat_ID":49,"category_count":663,"category_description":"","cat_name":"Deutschland schafft sich ab","category_nicename":"deutschland-schafft-sich-ab","category_parent":0},{"term_id":202,"name":"Die T\u00e4ter sind unter uns!","slug":"die-taeter-sind-unter-uns","term_group":0,"term_taxonomy_id":202,"taxonomy":"category","description":"","parent":0,"count":316,"filter":"raw","cat_ID":202,"category_count":316,"category_description":"","cat_name":"Die T\u00e4ter sind unter uns!","category_nicename":"die-taeter-sind-unter-uns","category_parent":0},{"term_id":144,"name":"Doppelte Staatsangeh\u00f6rigkeit","slug":"doppelte-staatsangehoerigkeit","term_group":0,"term_taxonomy_id":144,"taxonomy":"category","description":"","parent":0,"count":217,"filter":"raw","cat_ID":144,"category_count":217,"category_description":"","cat_name":"Doppelte Staatsangeh\u00f6rigkeit","category_nicename":"doppelte-staatsangehoerigkeit","category_parent":0},{"term_id":267,"name":"Enteignung von Pflegebed\u00fcrftigen","slug":"enteignung-von-pflegebeduerftigen","term_group":0,"term_taxonomy_id":267,"taxonomy":"category","description":"","parent":0,"count":39,"filter":"raw","cat_ID":267,"category_count":39,"category_description":"","cat_name":"Enteignung von Pflegebed\u00fcrftigen","category_nicename":"enteignung-von-pflegebeduerftigen","category_parent":0},{"term_id":65,"name":"Fl\u00fcchtlinge","slug":"fluechtlinge","term_group":0,"term_taxonomy_id":65,"taxonomy":"category","description":"","parent":0,"count":187,"filter":"raw","cat_ID":65,"category_count":187,"category_description":"","cat_name":"Fl\u00fcchtlinge","category_nicename":"fluechtlinge","category_parent":0},{"term_id":224,"name":"Gedanken zur Zeit","slug":"gedanken-zur-zeit","term_group":0,"term_taxonomy_id":224,"taxonomy":"category","description":"","parent":0,"count":125,"filter":"raw","cat_ID":224,"category_count":125,"category_description":"","cat_name":"Gedanken zur Zeit","category_nicename":"gedanken-zur-zeit","category_parent":0},{"term_id":162,"name":"GR\u00dcNE BILDUNGSPOLITIK","slug":"gruene-bildungspolitik","term_group":0,"term_taxonomy_id":162,"taxonomy":"category","description":"","parent":0,"count":127,"filter":"raw","cat_ID":162,"category_count":127,"category_description":"","cat_name":"GR\u00dcNE BILDUNGSPOLITIK","category_nicename":"gruene-bildungspolitik","category_parent":0},{"term_id":30,"name":"GR\u00dcNE Murks Politik","slug":"gruene-murks-politik","term_group":0,"term_taxonomy_id":30,"taxonomy":"category","description":"","parent":0,"count":805,"filter":"raw","cat_ID":30,"category_count":805,"category_description":"","cat_name":"GR\u00dcNE Murks Politik","category_nicename":"gruene-murks-politik","category_parent":0},{"term_id":170,"name":"Hass der GR\u00dcNEN LINKEN auf alles ANDERSDENKENDE","slug":"hass-der-gruenen-linken-auf-alles-andersdenkende","term_group":0,"term_taxonomy_id":170,"taxonomy":"category","description":"","parent":0,"count":256,"filter":"raw","cat_ID":170,"category_count":256,"category_description":"","cat_name":"Hass der GR\u00dcNEN LINKEN auf alles ANDERSDENKENDE","category_nicename":"hass-der-gruenen-linken-auf-alles-andersdenkende","category_parent":0},{"term_id":209,"name":"Illusion von Integration","slug":"illusion-von-integration","term_group":0,"term_taxonomy_id":209,"taxonomy":"category","description":"","parent":0,"count":200,"filter":"raw","cat_ID":209,"category_count":200,"category_description":"","cat_name":"Illusion von Integration","category_nicename":"illusion-von-integration","category_parent":0},{"term_id":131,"name":"Informationen","slug":"informationen","term_group":0,"term_taxonomy_id":131,"taxonomy":"category","description":"","parent":0,"count":158,"filter":"raw","cat_ID":131,"category_count":158,"category_description":"","cat_name":"Informationen","category_nicename":"informationen","category_parent":0},{"term_id":102,"name":"L\u00dcGEN","slug":"luegen","term_group":0,"term_taxonomy_id":102,"taxonomy":"category","description":"","parent":0,"count":389,"filter":"raw","cat_ID":102,"category_count":389,"category_description":"","cat_name":"L\u00dcGEN","category_nicename":"luegen","category_parent":0},{"term_id":161,"name":"Migranten aus Afrika gleichgestellt","slug":"migranten-aus-afrika-gleichgestellt","term_group":0,"term_taxonomy_id":161,"taxonomy":"category","description":"","parent":0,"count":240,"filter":"raw","cat_ID":161,"category_count":240,"category_description":"","cat_name":"Migranten aus Afrika gleichgestellt","category_nicename":"migranten-aus-afrika-gleichgestellt","category_parent":0},{"term_id":64,"name":"Migrationspolitik","slug":"migrationspolitik","term_group":0,"term_taxonomy_id":64,"taxonomy":"category","description":"","parent":0,"count":398,"filter":"raw","cat_ID":64,"category_count":398,"category_description":"","cat_name":"Migrationspolitik","category_nicename":"migrationspolitik","category_parent":0},{"term_id":112,"name":"Milliarden Deals UNBEMERKT","slug":"milliarden-deals-unbemerkt","term_group":0,"term_taxonomy_id":112,"taxonomy":"category","description":"","parent":0,"count":559,"filter":"raw","cat_ID":112,"category_count":559,"category_description":"","cat_name":"Milliarden Deals UNBEMERKT","category_nicename":"milliarden-deals-unbemerkt","category_parent":0},{"term_id":253,"name":"Multikulti","slug":"multikulti","term_group":0,"term_taxonomy_id":253,"taxonomy":"category","description":"","parent":0,"count":83,"filter":"raw","cat_ID":253,"category_count":83,"category_description":"","cat_name":"Multikulti","category_nicename":"multikulti","category_parent":0},{"term_id":141,"name":"NEUE AMPELVARIANTE Schwarz+Rot+Gr\u00fcn","slug":"neue-ampelvariante-schwarzrotgruen","term_group":0,"term_taxonomy_id":141,"taxonomy":"category","description":"","parent":0,"count":153,"filter":"raw","cat_ID":141,"category_count":153,"category_description":"","cat_name":"NEUE AMPELVARIANTE Schwarz+Rot+Gr\u00fcn","category_nicename":"neue-ampelvariante-schwarzrotgruen","category_parent":0},{"term_id":197,"name":"Politik zur Verantwortung ziehen","slug":"politik-zur-verantwortung-ziehen","term_group":0,"term_taxonomy_id":197,"taxonomy":"category","description":"","parent":0,"count":249,"filter":"raw","cat_ID":197,"category_count":249,"category_description":"","cat_name":"Politik zur Verantwortung ziehen","category_nicename":"politik-zur-verantwortung-ziehen","category_parent":0},{"term_id":221,"name":"Scheinheilige","slug":"scheinheilige","term_group":0,"term_taxonomy_id":221,"taxonomy":"category","description":"","parent":0,"count":195,"filter":"raw","cat_ID":221,"category_count":195,"category_description":"","cat_name":"Scheinheilige","category_nicename":"scheinheilige","category_parent":0},{"term_id":249,"name":"Schwarz Rote Regierung","slug":"schwarz-rote-regierung","term_group":0,"term_taxonomy_id":249,"taxonomy":"category","description":"","parent":0,"count":145,"filter":"raw","cat_ID":249,"category_count":145,"category_description":"","cat_name":"Schwarz Rote Regierung","category_nicename":"schwarz-rote-regierung","category_parent":0},{"term_id":119,"name":"Vetternwirtschaft","slug":"vetternwirtschaft","term_group":0,"term_taxonomy_id":119,"taxonomy":"category","description":"","parent":0,"count":491,"filter":"raw","cat_ID":119,"category_count":491,"category_description":"","cat_name":"Vetternwirtschaft","category_nicename":"vetternwirtschaft","category_parent":0}],"tags":[],"class_list":["post-4022","post","type-post","status-publish","format-standard","hentry","category-asylbetrug","category-asylbewerber","category-asylpolitik","category-betrug","category-clan-kriminalitaet","category-das-4-reich-gruener-praegung","category-den-deutschen-geht-es-viel-zu-gut","category-der-neue-sozialismus-von-spd-gruenen-linken","category-deutschland-schafft-sich-ab","category-die-taeter-sind-unter-uns","category-doppelte-staatsangehoerigkeit","category-enteignung-von-pflegebeduerftigen","category-fluechtlinge","category-gedanken-zur-zeit","category-gruene-bildungspolitik","category-gruene-murks-politik","category-hass-der-gruenen-linken-auf-alles-andersdenkende","category-illusion-von-integration","category-informationen","category-luegen","category-migranten-aus-afrika-gleichgestellt","category-migrationspolitik","category-milliarden-deals-unbemerkt","category-multikulti","category-neue-ampelvariante-schwarzrotgruen","category-politik-zur-verantwortung-ziehen","category-scheinheilige","category-schwarz-rote-regierung","category-vetternwirtschaft"],"images":{"thumbnail":false,"medium":false,"medium_large":false,"large":false,"full":false},"_links":{"self":[{"href":"https:\/\/hpaulick.de\/index.php?rest_route=\/wp\/v2\/posts\/4022","targetHints":{"allow":["GET"]}}],"collection":[{"href":"https:\/\/hpaulick.de\/index.php?rest_route=\/wp\/v2\/posts"}],"about":[{"href":"https:\/\/hpaulick.de\/index.php?rest_route=\/wp\/v2\/types\/post"}],"author":[{"embeddable":true,"href":"https:\/\/hpaulick.de\/index.php?rest_route=\/wp\/v2\/users\/1"}],"replies":[{"embeddable":true,"href":"https:\/\/hpaulick.de\/index.php?rest_route=%2Fwp%2Fv2%2Fcomments&post=4022"}],"version-history":[{"count":2,"href":"https:\/\/hpaulick.de\/index.php?rest_route=\/wp\/v2\/posts\/4022\/revisions"}],"predecessor-version":[{"id":4024,"href":"https:\/\/hpaulick.de\/index.php?rest_route=\/wp\/v2\/posts\/4022\/revisions\/4024"}],"wp:attachment":[{"href":"https:\/\/hpaulick.de\/index.php?rest_route=%2Fwp%2Fv2%2Fmedia&parent=4022"}],"wp:term":[{"taxonomy":"category","embeddable":true,"href":"https:\/\/hpaulick.de\/index.php?rest_route=%2Fwp%2Fv2%2Fcategories&post=4022"},{"taxonomy":"post_tag","embeddable":true,"href":"https:\/\/hpaulick.de\/index.php?rest_route=%2Fwp%2Fv2%2Ftags&post=4022"}],"curies":[{"name":"wp","href":"https:\/\/api.w.org\/{rel}","templated":true}]}}