{"id":4248,"date":"2025-08-04T11:18:21","date_gmt":"2025-08-04T11:18:21","guid":{"rendered":"https:\/\/hpaulick.de\/?p=4248"},"modified":"2025-08-04T11:19:56","modified_gmt":"2025-08-04T11:19:56","slug":"grosse-buergergeld-versprechen-des-kanzlers-die-hintertuer-der-spd-die-alles-ausbremst","status":"publish","type":"post","link":"https:\/\/hpaulick.de\/?p=4248","title":{"rendered":"Gro\u00dfe B\u00fcrgergeld-Versprechen des Kanzlers &amp; die Hintert\u00fcr der SPD, die alles ausbremst!"},"content":{"rendered":"\n<figure class=\"wp-block-embed is-type-rich is-provider-twitter wp-block-embed-twitter\"><div class=\"wp-block-embed__wrapper\">\n<div class=\"twitter-tweet\"><blockquote class=\"twitter-tweet\" data-lang=\"de\"><p lang=\"de\" dir=\"ltr\">Reform der Sozialleistung<br>Gro\u00dfe B\u00fcrgergeld-Versprechen des Kanzlers &amp; die Hintert\u00fcr der SPD, die alles ausbremst!<br>Wenn Merz in den n\u00e4chsten MONATEN nicht liefert, wird die AfD es liefern, wenn sie n\u00e4chste Bundestagswahl gewonnen hat. Die Geduld ist am ENDE<a href=\"https:\/\/t.co\/xia7OmJMAh\">https:\/\/t.co\/xia7OmJMAh<\/a><\/p>&mdash; HaraldPaulick &#8211; Gibt immer Alternativen zu ALLEM (@HaraldPaulick) <a href=\"https:\/\/twitter.com\/HaraldPaulick\/status\/1952328097035866348?ref_src=twsrc%5Etfw\">4. August 2025<\/a><\/blockquote><\/div>\n<\/div><\/figure>\n\n<div class=\"twitter-share\"><a href=\"https:\/\/twitter.com\/intent\/tweet?via=haraldpaulick\" class=\"twitter-share-button\" data-size=\"large\">Twittern<\/a><\/div>\n","protected":false},"excerpt":{"rendered":"","protected":false},"author":1,"featured_media":0,"comment_status":"closed","ping_status":"open","sticky":false,"template":"","format":"standard","meta":{"footnotes":""},"categories":[{"term_id":42,"name":"AfD","slug":"afd","term_group":0,"term_taxonomy_id":42,"taxonomy":"category","description":"","parent":0,"count":121,"filter":"raw","cat_ID":42,"category_count":121,"category_description":"","cat_name":"AfD","category_nicename":"afd","category_parent":0},{"term_id":249,"name":"Schwarz Rote Regierung","slug":"schwarz-rote-regierung","term_group":0,"term_taxonomy_id":249,"taxonomy":"category","description":"","parent":0,"count":145,"filter":"raw","cat_ID":249,"category_count":145,"category_description":"","cat_name":"Schwarz Rote Regierung","category_nicename":"schwarz-rote-regierung","category_parent":0},{"term_id":264,"name":"Zwangsma\u00dfnahmen gegen Nicht-SPD-Denken","slug":"zwangsmassnahmen-gegen-nicht-spd-denken","term_group":0,"term_taxonomy_id":264,"taxonomy":"category","description":"","parent":0,"count":152,"filter":"raw","cat_ID":264,"category_count":152,"category_description":"","cat_name":"Zwangsma\u00dfnahmen gegen Nicht-SPD-Denken","category_nicename":"zwangsmassnahmen-gegen-nicht-spd-denken","category_parent":0}],"tags":[],"class_list":["post-4248","post","type-post","status-publish","format-standard","hentry","category-afd","category-schwarz-rote-regierung","category-zwangsmassnahmen-gegen-nicht-spd-denken"],"images":{"thumbnail":false,"medium":false,"medium_large":false,"large":false,"full":false},"_links":{"self":[{"href":"https:\/\/hpaulick.de\/index.php?rest_route=\/wp\/v2\/posts\/4248","targetHints":{"allow":["GET"]}}],"collection":[{"href":"https:\/\/hpaulick.de\/index.php?rest_route=\/wp\/v2\/posts"}],"about":[{"href":"https:\/\/hpaulick.de\/index.php?rest_route=\/wp\/v2\/types\/post"}],"author":[{"embeddable":true,"href":"https:\/\/hpaulick.de\/index.php?rest_route=\/wp\/v2\/users\/1"}],"replies":[{"embeddable":true,"href":"https:\/\/hpaulick.de\/index.php?rest_route=%2Fwp%2Fv2%2Fcomments&post=4248"}],"version-history":[{"count":1,"href":"https:\/\/hpaulick.de\/index.php?rest_route=\/wp\/v2\/posts\/4248\/revisions"}],"predecessor-version":[{"id":4249,"href":"https:\/\/hpaulick.de\/index.php?rest_route=\/wp\/v2\/posts\/4248\/revisions\/4249"}],"wp:attachment":[{"href":"https:\/\/hpaulick.de\/index.php?rest_route=%2Fwp%2Fv2%2Fmedia&parent=4248"}],"wp:term":[{"taxonomy":"category","embeddable":true,"href":"https:\/\/hpaulick.de\/index.php?rest_route=%2Fwp%2Fv2%2Fcategories&post=4248"},{"taxonomy":"post_tag","embeddable":true,"href":"https:\/\/hpaulick.de\/index.php?rest_route=%2Fwp%2Fv2%2Ftags&post=4248"}],"curies":[{"name":"wp","href":"https:\/\/api.w.org\/{rel}","templated":true}]}}