{"id":4306,"date":"2025-08-13T11:20:10","date_gmt":"2025-08-13T11:20:10","guid":{"rendered":"https:\/\/hpaulick.de\/?p=4306"},"modified":"2025-08-13T11:31:15","modified_gmt":"2025-08-13T11:31:15","slug":"100-tage-kanzler-merz-er-schaft-das","status":"publish","type":"post","link":"https:\/\/hpaulick.de\/?p=4306","title":{"rendered":"100 Tage Kanzler Merz. ER SCHAFT das!"},"content":{"rendered":"\n<p>Einfach mal machen, st\u00f6\u00dft bei vielen B\u00fcrgern auf. Im Gegensatz zu Merkel, hat Merz Visionen und lullt seine FREUNDE &amp; GEGNER NICHT ein oder gl\u00e4nzt durch nichts tun, wie Scholz.<br><br>Er hat sich nun mal den \u00fcberschweren unflexiblen Klotz SPD ans Bein gebunden, denn alle zZ. strategischen PROBLEME liegen im Ressort der SPD, die sich bisher in den ersten 100 TAGEN keinen mm bewegt hat!<br>Egal, es bleiben ihm noch die Vertrauensfrage und Minderheitsregierung. <br>Wenn er Neuwahlen machen w\u00fcrde, landet die Union als Juniorpartner der AfD stand HEUTE 13.08.2025 zum Jahrestag des Mauerbaus!<\/p>\n\n\n\n<figure class=\"wp-block-image size-large is-style-rounded\"><img loading=\"lazy\" decoding=\"async\" width=\"1600\" height=\"1067\" src=\"https:\/\/hpaulick.de\/wp-content\/uploads\/2025\/08\/image-6-edited.png\" alt=\"\" class=\"wp-image-4310\" srcset=\"https:\/\/hpaulick.de\/wp-content\/uploads\/2025\/08\/image-6-edited.png 1600w, https:\/\/hpaulick.de\/wp-content\/uploads\/2025\/08\/image-6-edited-300x200.png 300w, https:\/\/hpaulick.de\/wp-content\/uploads\/2025\/08\/image-6-edited-1024x683.png 1024w, https:\/\/hpaulick.de\/wp-content\/uploads\/2025\/08\/image-6-edited-768x512.png 768w, https:\/\/hpaulick.de\/wp-content\/uploads\/2025\/08\/image-6-edited-1536x1024.png 1536w\" sizes=\"auto, (max-width: 1600px) 100vw, 1600px\" \/><\/figure>\n\n\n\n<p><a href=\"https:\/\/www.tagesschau.de\/inland\/innenpolitik\/bundeskanzler-merz-100.html\">https:\/\/www.tagesschau.de\/inland\/innenpolitik\/bundeskanzler-merz-100.html<\/a><\/p>\n\n<div class=\"twitter-share\"><a href=\"https:\/\/twitter.com\/intent\/tweet?via=haraldpaulick\" class=\"twitter-share-button\" data-size=\"large\">Twittern<\/a><\/div>\n","protected":false},"excerpt":{"rendered":"<p>Einfach mal machen, st\u00f6\u00dft bei vielen B\u00fcrgern auf. Im Gegensatz zu Merkel, hat Merz Visionen und lullt seine FREUNDE &amp; GEGNER NICHT ein oder gl\u00e4nzt durch nichts tun, wie Scholz. Er hat sich nun mal den \u00fcberschweren unflexiblen Klotz SPD ans Bein gebunden, denn alle zZ. strategischen PROBLEME liegen im Ressort der SPD, die sich &hellip; <a href=\"https:\/\/hpaulick.de\/?p=4306\" class=\"more-link\"><span class=\"screen-reader-text\">100 Tage Kanzler Merz. ER SCHAFT das!<\/span> weiterlesen<\/a><\/p>\n","protected":false},"author":1,"featured_media":0,"comment_status":"closed","ping_status":"open","sticky":false,"template":"","format":"standard","meta":{"footnotes":""},"categories":[{"term_id":42,"name":"AfD","slug":"afd","term_group":0,"term_taxonomy_id":42,"taxonomy":"category","description":"","parent":0,"count":121,"filter":"raw","cat_ID":42,"category_count":121,"category_description":"","cat_name":"AfD","category_nicename":"afd","category_parent":0},{"term_id":255,"name":"B\u00fcrokratie-Abbau","slug":"buerokratie-abbau","term_group":0,"term_taxonomy_id":255,"taxonomy":"category","description":"","parent":0,"count":51,"filter":"raw","cat_ID":255,"category_count":51,"category_description":"","cat_name":"B\u00fcrokratie-Abbau","category_nicename":"buerokratie-abbau","category_parent":0},{"term_id":250,"name":"Dealmaker","slug":"dealmaker","term_group":0,"term_taxonomy_id":250,"taxonomy":"category","description":"","parent":0,"count":107,"filter":"raw","cat_ID":250,"category_count":107,"category_description":"","cat_name":"Dealmaker","category_nicename":"dealmaker","category_parent":0},{"term_id":208,"name":"Gewalt und Terror von Migranten","slug":"gewalt-und-terror-von-migranten","term_group":0,"term_taxonomy_id":208,"taxonomy":"category","description":"","parent":0,"count":156,"filter":"raw","cat_ID":208,"category_count":156,"category_description":"","cat_name":"Gewalt und Terror von Migranten","category_nicename":"gewalt-und-terror-von-migranten","category_parent":0},{"term_id":131,"name":"Informationen","slug":"informationen","term_group":0,"term_taxonomy_id":131,"taxonomy":"category","description":"","parent":0,"count":158,"filter":"raw","cat_ID":131,"category_count":158,"category_description":"","cat_name":"Informationen","category_nicename":"informationen","category_parent":0},{"term_id":271,"name":"L\u00e4nderfinanzausgleich","slug":"laenderfinanzausgleich","term_group":0,"term_taxonomy_id":271,"taxonomy":"category","description":"","parent":0,"count":20,"filter":"raw","cat_ID":271,"category_count":20,"category_description":"","cat_name":"L\u00e4nderfinanzausgleich","category_nicename":"laenderfinanzausgleich","category_parent":0},{"term_id":102,"name":"L\u00dcGEN","slug":"luegen","term_group":0,"term_taxonomy_id":102,"taxonomy":"category","description":"","parent":0,"count":389,"filter":"raw","cat_ID":102,"category_count":389,"category_description":"","cat_name":"L\u00dcGEN","category_nicename":"luegen","category_parent":0},{"term_id":64,"name":"Migrationspolitik","slug":"migrationspolitik","term_group":0,"term_taxonomy_id":64,"taxonomy":"category","description":"","parent":0,"count":398,"filter":"raw","cat_ID":64,"category_count":398,"category_description":"","cat_name":"Migrationspolitik","category_nicename":"migrationspolitik","category_parent":0},{"term_id":240,"name":"Union (CDU+CSU)","slug":"union-cducsu","term_group":0,"term_taxonomy_id":240,"taxonomy":"category","description":"","parent":0,"count":31,"filter":"raw","cat_ID":240,"category_count":31,"category_description":"","cat_name":"Union (CDU+CSU)","category_nicename":"union-cducsu","category_parent":0},{"term_id":119,"name":"Vetternwirtschaft","slug":"vetternwirtschaft","term_group":0,"term_taxonomy_id":119,"taxonomy":"category","description":"","parent":0,"count":491,"filter":"raw","cat_ID":119,"category_count":491,"category_description":"","cat_name":"Vetternwirtschaft","category_nicename":"vetternwirtschaft","category_parent":0},{"term_id":174,"name":"VON LINKS provozierter RECHTSRUCK","slug":"von-links-provozierter-rechtsruck","term_group":0,"term_taxonomy_id":174,"taxonomy":"category","description":"","parent":0,"count":305,"filter":"raw","cat_ID":174,"category_count":305,"category_description":"","cat_name":"VON LINKS provozierter RECHTSRUCK","category_nicename":"von-links-provozierter-rechtsruck","category_parent":0}],"tags":[],"class_list":["post-4306","post","type-post","status-publish","format-standard","hentry","category-afd","category-buerokratie-abbau","category-dealmaker","category-gewalt-und-terror-von-migranten","category-informationen","category-laenderfinanzausgleich","category-luegen","category-migrationspolitik","category-union-cducsu","category-vetternwirtschaft","category-von-links-provozierter-rechtsruck"],"images":{"thumbnail":false,"medium":false,"medium_large":false,"large":false,"full":false},"_links":{"self":[{"href":"https:\/\/hpaulick.de\/index.php?rest_route=\/wp\/v2\/posts\/4306","targetHints":{"allow":["GET"]}}],"collection":[{"href":"https:\/\/hpaulick.de\/index.php?rest_route=\/wp\/v2\/posts"}],"about":[{"href":"https:\/\/hpaulick.de\/index.php?rest_route=\/wp\/v2\/types\/post"}],"author":[{"embeddable":true,"href":"https:\/\/hpaulick.de\/index.php?rest_route=\/wp\/v2\/users\/1"}],"replies":[{"embeddable":true,"href":"https:\/\/hpaulick.de\/index.php?rest_route=%2Fwp%2Fv2%2Fcomments&post=4306"}],"version-history":[{"count":2,"href":"https:\/\/hpaulick.de\/index.php?rest_route=\/wp\/v2\/posts\/4306\/revisions"}],"predecessor-version":[{"id":4311,"href":"https:\/\/hpaulick.de\/index.php?rest_route=\/wp\/v2\/posts\/4306\/revisions\/4311"}],"wp:attachment":[{"href":"https:\/\/hpaulick.de\/index.php?rest_route=%2Fwp%2Fv2%2Fmedia&parent=4306"}],"wp:term":[{"taxonomy":"category","embeddable":true,"href":"https:\/\/hpaulick.de\/index.php?rest_route=%2Fwp%2Fv2%2Fcategories&post=4306"},{"taxonomy":"post_tag","embeddable":true,"href":"https:\/\/hpaulick.de\/index.php?rest_route=%2Fwp%2Fv2%2Ftags&post=4306"}],"curies":[{"name":"wp","href":"https:\/\/api.w.org\/{rel}","templated":true}]}}