{"id":4347,"date":"2025-08-17T06:06:22","date_gmt":"2025-08-17T06:06:22","guid":{"rendered":"https:\/\/hpaulick.de\/?p=4347"},"modified":"2025-08-17T06:58:11","modified_gmt":"2025-08-17T06:58:11","slug":"was-man-linnemann-cdu-zugute-halten-muss","status":"publish","type":"post","link":"https:\/\/hpaulick.de\/?p=4347","title":{"rendered":"Was man Linnemann CDU zugute halten muss"},"content":{"rendered":"\n<p>Was man Linnemann CDU zugute halten muss, er &amp; Bosbach scheinen die einzigen in der CDU zu sein, welche noch klar denken k\u00f6nnen. Alle anderen erkennen nicht, dass unser Staat von innen aufgefressen wird, von Menschen die hier nicht hingeh\u00f6ren &amp; ihre eigenen L\u00e4nder aufbauen sollten!<\/p>\n\n\n\n<p>Wenn wir den Krebs der unsere Gesellschaft immer weiter auffrisst, nicht entfernen gibt es nur noch 2 L\u00f6sungen. Die Deutschen werden eine Minderheit und das Kalifat mit Scharia wird fr\u00fcher oder sp\u00e4ter ganz demokratisch eingef\u00fchrt! Denn die Reproduktionsquote der Muslime ist 10-mal so hoch wie die der Deutschen.<br>Zumal das noch mit 250 \u20ac Kindergeld pro Kind belohnt wird.<\/p>\n\n\n\n<p>Oder, es gibt einen B\u00fcrgerkrieg, wenn die Politik weiter vor sich hind\u00f6st und sich mit Sachen besch\u00e4ftigt die nicht wichtig f\u00fcr die Mehrheit ist. Dann werden die B\u00fcrger wieder das RECHT in die eigenen H\u00e4nde nehmen und selber ORDNUNG schaffen.<br>Nur dann gibt es Tote. Die T\u00dcRKER, Afghaner, Tunesier, Algerier, Araber und andere MUSLIME in Deutschland sind gr\u00f6\u00dften Teils bewaffnet. Nicht nur mit Messern, sondern mit Handfeuerwaffen. Aussage der Berliner Polizei bei Kontrollen in der Stadt.<br><a href=\"https:\/\/www.rbb24.de\/panorama\/beitrag\/2025\/08\/berlin-messerverbotszonen-erster-monat-bilanz-oepnv-waffen.html\">https:\/\/www.rbb24.de\/panorama\/beitrag\/2025\/08\/berlin-messerverbotszonen-erster-monat-bilanz-oepnv-waffen.html<\/a><\/p>\n\n\n\n<figure class=\"wp-block-image size-full\"><img loading=\"lazy\" decoding=\"async\" width=\"300\" height=\"168\" src=\"https:\/\/hpaulick.de\/wp-content\/uploads\/2025\/08\/image-12.png\" alt=\"\" class=\"wp-image-4353\"\/><\/figure>\n\n\n\n<p>Der Deutsche, der sich an Gesetz und Ordnung h\u00e4lt, ist der DUMME und wird umgebracht, vergewaltigt, gemessert und andersweitig bedroht.<\/p>\n\n\n\n<p>Wenn unsere Altparteien nicht endlich erkennen, dass eine Remigration von Menschen die nur KOSTEN und nicht VOLLTAGS arbeiten, notwendig ist, wird das Fass \u00fcberlaufen und auch der NORMALE MITTE w\u00e4hlenden DEUTSCHEN w\u00e4hlt dann AfD. <br>Vor 100 Jahren hatten wir eine \u00e4hnliche Situation in Deutschland. Der feine Unterschied war aber, die Probleme waren hausgemacht und der Mob suchte ein Ventil um gegen andere B\u00fcrger Deutschlands als vermeintlich Schuldige Stimmung zu machen.<\/p>\n\n\n\n<p>Heute holen wir uns die Probleme selber ins Land und provozieren damit die Abkehr der B\u00fcrger von den &#8222;DEMOKRATISCHEN PARTEIEN&#8220;!<br>Grund: Sie nehmem den Volkszorn nicht war und besch\u00e4ftigen sich mit Gendersprache, Heizgesetz, Elekromobilit\u00e4t und Multikulti.<\/p>\n\n\n\n<p>Andere L\u00e4nder zeigen wie es geht.<br>Schweden schickt auch Menschen die integriert sind und seit 30 Jahren im Land leben nach hause.<br>D\u00e4nemark, mit seiner Sozialdemokratischen Regierung, hat das sch\u00e4rfste Recht f\u00fcr Migraten. Wem das Bleiben abgelehnt wird, wird bis zur Ausreise interniert.<br>Wessen Asylantrag noch nicht entschieden oder eine Duldung ausgesprochen wurde, der erh\u00e4lt MINIMALE Zuwendung und zur Miete etc. max 600 \u20ac \/ Wohnung dazu.<\/p>\n\n\n\n<figure class=\"wp-block-image size-full\"><img loading=\"lazy\" decoding=\"async\" width=\"654\" height=\"680\" src=\"https:\/\/hpaulick.de\/wp-content\/uploads\/2025\/08\/image-9.png\" alt=\"\" class=\"wp-image-4350\" srcset=\"https:\/\/hpaulick.de\/wp-content\/uploads\/2025\/08\/image-9.png 654w, https:\/\/hpaulick.de\/wp-content\/uploads\/2025\/08\/image-9-289x300.png 289w\" sizes=\"auto, (max-width: 654px) 100vw, 654px\" \/><\/figure>\n\n\n\n<p>In Deutschland werden Mietzusch\u00fcsse bis 3.500 \u20ac zzgl. Nebenkosten erstattet. Es ist m\u00f6glich gleichzeitig (das ist nachgewiesen) in mehreren St\u00e4dten und Bundesl\u00e4ndern B\u00fcrgergeld zu beantragen und dem DEUTSCHEN BEAMTEN f\u00e4llt das nicht auf!<\/p>\n\n\n\n<figure class=\"wp-block-image size-full\"><img loading=\"lazy\" decoding=\"async\" width=\"992\" height=\"558\" src=\"https:\/\/hpaulick.de\/wp-content\/uploads\/2025\/08\/image-13.png\" alt=\"\" class=\"wp-image-4354\" srcset=\"https:\/\/hpaulick.de\/wp-content\/uploads\/2025\/08\/image-13.png 992w, https:\/\/hpaulick.de\/wp-content\/uploads\/2025\/08\/image-13-300x169.png 300w, https:\/\/hpaulick.de\/wp-content\/uploads\/2025\/08\/image-13-768x432.png 768w\" sizes=\"auto, (max-width: 992px) 100vw, 992px\" \/><\/figure>\n\n\n\n<p><a href=\"https:\/\/www.bild.de\/politik\/inland\/jobcenter-faelle-von-bandenmaessigem-buergergeld-betrug-gestiegen-6886cc690e680a76f4e977df\">https:\/\/www.bild.de\/politik\/inland\/jobcenter-faelle-von-bandenmaessigem-buergergeld-betrug-gestiegen-6886cc690e680a76f4e977df<\/a><\/p>\n\n\n\n<p>Auch Fl\u00fcchtlinge aus der Ukraine m\u00fcssen f\u00fcr ihren Lebensunterhalt selber sorgen.<br>Die Erwerbsquote der Ukrainischen Fl\u00fcchtlinge in Deutschland ist die niedrigste in der ganzen EU.<\/p>\n\n\n\n<p>Wenn man diese Unzul\u00e4nglichkeiten der DEUTSCHEN B\u00dcROKRATIE nicht endlich anpackt, ist die AfD f\u00fcr viele die einzige L\u00d6SUNG!<\/p>\n\n\n\n<p><strong><em>Kurzfassung dieses Beitrages:<\/em><\/strong><br><a href=\"https:\/\/x.com\/Scheinheilig16\/status\/1956960205209497862\">https:\/\/x.com\/Scheinheilig16\/status\/1956960205209497862<\/a><\/p>\n\n<div class=\"twitter-share\"><a href=\"https:\/\/twitter.com\/intent\/tweet?via=haraldpaulick\" class=\"twitter-share-button\" data-size=\"large\">Twittern<\/a><\/div>\n","protected":false},"excerpt":{"rendered":"<p>Was man Linnemann CDU zugute halten muss, er &amp; Bosbach scheinen die einzigen in der CDU zu sein, welche noch klar denken k\u00f6nnen. Alle anderen erkennen nicht, dass unser Staat von innen aufgefressen wird, von Menschen die hier nicht hingeh\u00f6ren &amp; ihre eigenen L\u00e4nder aufbauen sollten! Wenn wir den Krebs der unsere Gesellschaft immer weiter &hellip; <a href=\"https:\/\/hpaulick.de\/?p=4347\" class=\"more-link\"><span class=\"screen-reader-text\">Was man Linnemann CDU zugute halten muss<\/span> weiterlesen<\/a><\/p>\n","protected":false},"author":1,"featured_media":0,"comment_status":"closed","ping_status":"open","sticky":false,"template":"","format":"standard","meta":{"footnotes":""},"categories":[{"term_id":226,"name":"Asylbetrug","slug":"asylbetrug","term_group":0,"term_taxonomy_id":226,"taxonomy":"category","description":"","parent":0,"count":97,"filter":"raw","cat_ID":226,"category_count":97,"category_description":"","cat_name":"Asylbetrug","category_nicename":"asylbetrug","category_parent":0},{"term_id":27,"name":"Asylpolitik","slug":"asylpolitik","term_group":0,"term_taxonomy_id":27,"taxonomy":"category","description":"","parent":0,"count":325,"filter":"raw","cat_ID":27,"category_count":325,"category_description":"","cat_name":"Asylpolitik","category_nicename":"asylpolitik","category_parent":0},{"term_id":54,"name":"Bildungslose Politiker","slug":"bildungslose-politiker","term_group":0,"term_taxonomy_id":54,"taxonomy":"category","description":"","parent":0,"count":676,"filter":"raw","cat_ID":54,"category_count":676,"category_description":"","cat_name":"Bildungslose Politiker","category_nicename":"bildungslose-politiker","category_parent":0},{"term_id":181,"name":"B\u00fcrgergeld","slug":"buergergeld","term_group":0,"term_taxonomy_id":181,"taxonomy":"category","description":"","parent":0,"count":79,"filter":"raw","cat_ID":181,"category_count":79,"category_description":"","cat_name":"B\u00fcrgergeld","category_nicename":"buergergeld","category_parent":0},{"term_id":268,"name":"B\u00fcrgergeld-Empf\u00e4nger","slug":"buergergeld-empfaenger","term_group":0,"term_taxonomy_id":268,"taxonomy":"category","description":"","parent":0,"count":81,"filter":"raw","cat_ID":268,"category_count":81,"category_description":"","cat_name":"B\u00fcrgergeld-Empf\u00e4nger","category_nicename":"buergergeld-empfaenger","category_parent":0},{"term_id":254,"name":"B\u00fcrokratie","slug":"buerokratie","term_group":0,"term_taxonomy_id":254,"taxonomy":"category","description":"","parent":0,"count":39,"filter":"raw","cat_ID":254,"category_count":39,"category_description":"","cat_name":"B\u00fcrokratie","category_nicename":"buerokratie","category_parent":0},{"term_id":255,"name":"B\u00fcrokratie-Abbau","slug":"buerokratie-abbau","term_group":0,"term_taxonomy_id":255,"taxonomy":"category","description":"","parent":0,"count":50,"filter":"raw","cat_ID":255,"category_count":50,"category_description":"","cat_name":"B\u00fcrokratie-Abbau","category_nicename":"buerokratie-abbau","category_parent":0},{"term_id":265,"name":"Der NEUE SOZIALISMUS von SPD, Gr\u00fcnen &amp; LINKEN","slug":"der-neue-sozialismus-von-spd-gruenen-linken","term_group":0,"term_taxonomy_id":265,"taxonomy":"category","description":"","parent":0,"count":180,"filter":"raw","cat_ID":265,"category_count":180,"category_description":"","cat_name":"Der NEUE SOZIALISMUS von SPD, Gr\u00fcnen &amp; LINKEN","category_nicename":"der-neue-sozialismus-von-spd-gruenen-linken","category_parent":0},{"term_id":49,"name":"Deutschland schafft sich ab","slug":"deutschland-schafft-sich-ab","term_group":0,"term_taxonomy_id":49,"taxonomy":"category","description":"","parent":0,"count":662,"filter":"raw","cat_ID":49,"category_count":662,"category_description":"","cat_name":"Deutschland schafft sich ab","category_nicename":"deutschland-schafft-sich-ab","category_parent":0},{"term_id":209,"name":"Illusion von Integration","slug":"illusion-von-integration","term_group":0,"term_taxonomy_id":209,"taxonomy":"category","description":"","parent":0,"count":199,"filter":"raw","cat_ID":209,"category_count":199,"category_description":"","cat_name":"Illusion von Integration","category_nicename":"illusion-von-integration","category_parent":0},{"term_id":148,"name":"Islamischer Staat Deutschland","slug":"islamischer-staat-deutschland","term_group":0,"term_taxonomy_id":148,"taxonomy":"category","description":"","parent":0,"count":123,"filter":"raw","cat_ID":148,"category_count":123,"category_description":"","cat_name":"Islamischer Staat Deutschland","category_nicename":"islamischer-staat-deutschland","category_parent":0},{"term_id":161,"name":"Migranten aus Afrika gleichgestellt","slug":"migranten-aus-afrika-gleichgestellt","term_group":0,"term_taxonomy_id":161,"taxonomy":"category","description":"","parent":0,"count":239,"filter":"raw","cat_ID":161,"category_count":239,"category_description":"","cat_name":"Migranten aus Afrika gleichgestellt","category_nicename":"migranten-aus-afrika-gleichgestellt","category_parent":0},{"term_id":64,"name":"Migrationspolitik","slug":"migrationspolitik","term_group":0,"term_taxonomy_id":64,"taxonomy":"category","description":"","parent":0,"count":398,"filter":"raw","cat_ID":64,"category_count":398,"category_description":"","cat_name":"Migrationspolitik","category_nicename":"migrationspolitik","category_parent":0},{"term_id":112,"name":"Milliarden Deals UNBEMERKT","slug":"milliarden-deals-unbemerkt","term_group":0,"term_taxonomy_id":112,"taxonomy":"category","description":"","parent":0,"count":558,"filter":"raw","cat_ID":112,"category_count":558,"category_description":"","cat_name":"Milliarden Deals UNBEMERKT","category_nicename":"milliarden-deals-unbemerkt","category_parent":0},{"term_id":253,"name":"Multikulti","slug":"multikulti","term_group":0,"term_taxonomy_id":253,"taxonomy":"category","description":"","parent":0,"count":82,"filter":"raw","cat_ID":253,"category_count":82,"category_description":"","cat_name":"Multikulti","category_nicename":"multikulti","category_parent":0},{"term_id":141,"name":"NEUE AMPELVARIANTE Schwarz+Rot+Gr\u00fcn","slug":"neue-ampelvariante-schwarzrotgruen","term_group":0,"term_taxonomy_id":141,"taxonomy":"category","description":"","parent":0,"count":152,"filter":"raw","cat_ID":141,"category_count":152,"category_description":"","cat_name":"NEUE AMPELVARIANTE Schwarz+Rot+Gr\u00fcn","category_nicename":"neue-ampelvariante-schwarzrotgruen","category_parent":0},{"term_id":249,"name":"Schwarz Rote Regierung","slug":"schwarz-rote-regierung","term_group":0,"term_taxonomy_id":249,"taxonomy":"category","description":"","parent":0,"count":144,"filter":"raw","cat_ID":249,"category_count":144,"category_description":"","cat_name":"Schwarz Rote Regierung","category_nicename":"schwarz-rote-regierung","category_parent":0}],"tags":[],"class_list":["post-4347","post","type-post","status-publish","format-standard","hentry","category-asylbetrug","category-asylpolitik","category-bildungslose-politiker","category-buergergeld","category-buergergeld-empfaenger","category-buerokratie","category-buerokratie-abbau","category-der-neue-sozialismus-von-spd-gruenen-linken","category-deutschland-schafft-sich-ab","category-illusion-von-integration","category-islamischer-staat-deutschland","category-migranten-aus-afrika-gleichgestellt","category-migrationspolitik","category-milliarden-deals-unbemerkt","category-multikulti","category-neue-ampelvariante-schwarzrotgruen","category-schwarz-rote-regierung"],"images":{"thumbnail":false,"medium":false,"medium_large":false,"large":false,"full":false},"_links":{"self":[{"href":"https:\/\/hpaulick.de\/index.php?rest_route=\/wp\/v2\/posts\/4347","targetHints":{"allow":["GET"]}}],"collection":[{"href":"https:\/\/hpaulick.de\/index.php?rest_route=\/wp\/v2\/posts"}],"about":[{"href":"https:\/\/hpaulick.de\/index.php?rest_route=\/wp\/v2\/types\/post"}],"author":[{"embeddable":true,"href":"https:\/\/hpaulick.de\/index.php?rest_route=\/wp\/v2\/users\/1"}],"replies":[{"embeddable":true,"href":"https:\/\/hpaulick.de\/index.php?rest_route=%2Fwp%2Fv2%2Fcomments&post=4347"}],"version-history":[{"count":3,"href":"https:\/\/hpaulick.de\/index.php?rest_route=\/wp\/v2\/posts\/4347\/revisions"}],"predecessor-version":[{"id":4356,"href":"https:\/\/hpaulick.de\/index.php?rest_route=\/wp\/v2\/posts\/4347\/revisions\/4356"}],"wp:attachment":[{"href":"https:\/\/hpaulick.de\/index.php?rest_route=%2Fwp%2Fv2%2Fmedia&parent=4347"}],"wp:term":[{"taxonomy":"category","embeddable":true,"href":"https:\/\/hpaulick.de\/index.php?rest_route=%2Fwp%2Fv2%2Fcategories&post=4347"},{"taxonomy":"post_tag","embeddable":true,"href":"https:\/\/hpaulick.de\/index.php?rest_route=%2Fwp%2Fv2%2Ftags&post=4347"}],"curies":[{"name":"wp","href":"https:\/\/api.w.org\/{rel}","templated":true}]}}