{"id":4457,"date":"2025-08-23T19:29:10","date_gmt":"2025-08-23T19:29:10","guid":{"rendered":"https:\/\/hpaulick.de\/?p=4457"},"modified":"2025-08-23T19:53:08","modified_gmt":"2025-08-23T19:53:08","slug":"was-der-sozialist-klingbeil-nicht-versteht","status":"publish","type":"post","link":"https:\/\/hpaulick.de\/?p=4457","title":{"rendered":"Was der Sozialist Klingbeil nicht versteht?"},"content":{"rendered":"\n<p>Was der Sozialist Klingbeil nicht versteht. Bevor die Tinte unter dem Gesetz trocken ist, ist das Kapital schon aus dem Land! Nur der kleine Mittelstand muss hierbleiben &amp; antwortet Klingbeil mit MASSENENTLASSUNGEN. SOZIS konnten noch nie mit Geld umgehen. Franz Josef Strau\u00df <br>H.P.<\/p>\n\n\n\n<p>Die SPD kann mit Geld umgehen, wie man auch mit einem Sieb Wasser sch\u00f6pft!<br>Es bleibt ein bisschen was h\u00e4ngen!<br>Harald Paulick<br>Blogger &amp; Satiriker<\/p>\n\n\n\n<p>Obwohl es scharfe Kritik an seiner Idee gibt, h\u00e4lt Lars Klingbeil an m\u00f6glichen Steuererh\u00f6hungen fest. Einkommensstarke Menschen sollten mehr beitragen, meint der Finanzminister. Damit m\u00f6chte er die bevorstehende Haushaltsl\u00fccke stopfen.<\/p>\n\n\n\n<figure class=\"wp-block-image size-full\"><img loading=\"lazy\" decoding=\"async\" width=\"720\" height=\"900\" src=\"https:\/\/hpaulick.de\/wp-content\/uploads\/2025\/08\/image-23.png\" alt=\"\" class=\"wp-image-4460\" srcset=\"https:\/\/hpaulick.de\/wp-content\/uploads\/2025\/08\/image-23.png 720w, https:\/\/hpaulick.de\/wp-content\/uploads\/2025\/08\/image-23-240x300.png 240w\" sizes=\"auto, (max-width: 720px) 100vw, 720px\" \/><\/figure>\n\n\n\n<p>Quelle zum Thema:<br><a href=\"https:\/\/apollo-news.net\/klingbeil-unterstreicht-forderung-nach-steuererhhungen-in-diesen-extremen-zeiten\/\">https:\/\/apollo-news.net\/klingbeil-unterstreicht-forderung-nach-steuererhhungen-in-diesen-extremen-zeiten\/<\/a><\/p>\n\n\n\n<p>Kurzfassung:<br><a href=\"https:\/\/x.com\/Freund_Freiheit\/status\/1959336951892562037\">https:\/\/x.com\/Freund_Freiheit\/status\/1959336951892562037<\/a><\/p>\n\n<div class=\"twitter-share\"><a href=\"https:\/\/twitter.com\/intent\/tweet?via=haraldpaulick\" class=\"twitter-share-button\" data-size=\"large\">Twittern<\/a><\/div>\n","protected":false},"excerpt":{"rendered":"<p>Was der Sozialist Klingbeil nicht versteht. Bevor die Tinte unter dem Gesetz trocken ist, ist das Kapital schon aus dem Land! Nur der kleine Mittelstand muss hierbleiben &amp; antwortet Klingbeil mit MASSENENTLASSUNGEN. SOZIS konnten noch nie mit Geld umgehen. Franz Josef Strau\u00df H.P. Die SPD kann mit Geld umgehen, wie man auch mit einem Sieb &hellip; <a href=\"https:\/\/hpaulick.de\/?p=4457\" class=\"more-link\"><span class=\"screen-reader-text\">Was der Sozialist Klingbeil nicht versteht?<\/span> weiterlesen<\/a><\/p>\n","protected":false},"author":1,"featured_media":0,"comment_status":"closed","ping_status":"open","sticky":false,"template":"","format":"standard","meta":{"footnotes":""},"categories":[{"term_id":63,"name":"Aberglaube","slug":"aberglaube","term_group":0,"term_taxonomy_id":63,"taxonomy":"category","description":"","parent":0,"count":404,"filter":"raw","cat_ID":63,"category_count":404,"category_description":"","cat_name":"Aberglaube","category_nicename":"aberglaube","category_parent":0},{"term_id":171,"name":"Den DEUTSCHEN geht es viel zu gut","slug":"den-deutschen-geht-es-viel-zu-gut","term_group":0,"term_taxonomy_id":171,"taxonomy":"category","description":"","parent":0,"count":219,"filter":"raw","cat_ID":171,"category_count":219,"category_description":"","cat_name":"Den DEUTSCHEN geht es viel zu gut","category_nicename":"den-deutschen-geht-es-viel-zu-gut","category_parent":0},{"term_id":265,"name":"Der NEUE SOZIALISMUS von SPD, Gr\u00fcnen &amp; LINKEN","slug":"der-neue-sozialismus-von-spd-gruenen-linken","term_group":0,"term_taxonomy_id":265,"taxonomy":"category","description":"","parent":0,"count":181,"filter":"raw","cat_ID":265,"category_count":181,"category_description":"","cat_name":"Der NEUE SOZIALISMUS von SPD, Gr\u00fcnen &amp; LINKEN","category_nicename":"der-neue-sozialismus-von-spd-gruenen-linken","category_parent":0},{"term_id":49,"name":"Deutschland schafft sich ab","slug":"deutschland-schafft-sich-ab","term_group":0,"term_taxonomy_id":49,"taxonomy":"category","description":"","parent":0,"count":663,"filter":"raw","cat_ID":49,"category_count":663,"category_description":"","cat_name":"Deutschland schafft sich ab","category_nicename":"deutschland-schafft-sich-ab","category_parent":0},{"term_id":202,"name":"Die T\u00e4ter sind unter uns!","slug":"die-taeter-sind-unter-uns","term_group":0,"term_taxonomy_id":202,"taxonomy":"category","description":"","parent":0,"count":316,"filter":"raw","cat_ID":202,"category_count":316,"category_description":"","cat_name":"Die T\u00e4ter sind unter uns!","category_nicename":"die-taeter-sind-unter-uns","category_parent":0},{"term_id":167,"name":"Gewalt und Terror von LINKS","slug":"gewalt-und-terror-von-links","term_group":0,"term_taxonomy_id":167,"taxonomy":"category","description":"","parent":0,"count":234,"filter":"raw","cat_ID":167,"category_count":234,"category_description":"","cat_name":"Gewalt und Terror von LINKS","category_nicename":"gewalt-und-terror-von-links","category_parent":0},{"term_id":208,"name":"Gewalt und Terror von Migranten","slug":"gewalt-und-terror-von-migranten","term_group":0,"term_taxonomy_id":208,"taxonomy":"category","description":"","parent":0,"count":156,"filter":"raw","cat_ID":208,"category_count":156,"category_description":"","cat_name":"Gewalt und Terror von Migranten","category_nicename":"gewalt-und-terror-von-migranten","category_parent":0},{"term_id":209,"name":"Illusion von Integration","slug":"illusion-von-integration","term_group":0,"term_taxonomy_id":209,"taxonomy":"category","description":"","parent":0,"count":200,"filter":"raw","cat_ID":209,"category_count":200,"category_description":"","cat_name":"Illusion von Integration","category_nicename":"illusion-von-integration","category_parent":0},{"term_id":102,"name":"L\u00dcGEN","slug":"luegen","term_group":0,"term_taxonomy_id":102,"taxonomy":"category","description":"","parent":0,"count":389,"filter":"raw","cat_ID":102,"category_count":389,"category_description":"","cat_name":"L\u00dcGEN","category_nicename":"luegen","category_parent":0},{"term_id":64,"name":"Migrationspolitik","slug":"migrationspolitik","term_group":0,"term_taxonomy_id":64,"taxonomy":"category","description":"","parent":0,"count":398,"filter":"raw","cat_ID":64,"category_count":398,"category_description":"","cat_name":"Migrationspolitik","category_nicename":"migrationspolitik","category_parent":0},{"term_id":112,"name":"Milliarden Deals UNBEMERKT","slug":"milliarden-deals-unbemerkt","term_group":0,"term_taxonomy_id":112,"taxonomy":"category","description":"","parent":0,"count":559,"filter":"raw","cat_ID":112,"category_count":559,"category_description":"","cat_name":"Milliarden Deals UNBEMERKT","category_nicename":"milliarden-deals-unbemerkt","category_parent":0},{"term_id":141,"name":"NEUE AMPELVARIANTE Schwarz+Rot+Gr\u00fcn","slug":"neue-ampelvariante-schwarzrotgruen","term_group":0,"term_taxonomy_id":141,"taxonomy":"category","description":"","parent":0,"count":153,"filter":"raw","cat_ID":141,"category_count":153,"category_description":"","cat_name":"NEUE AMPELVARIANTE Schwarz+Rot+Gr\u00fcn","category_nicename":"neue-ampelvariante-schwarzrotgruen","category_parent":0},{"term_id":256,"name":"NGO's","slug":"ngos","term_group":0,"term_taxonomy_id":256,"taxonomy":"category","description":"","parent":0,"count":37,"filter":"raw","cat_ID":256,"category_count":37,"category_description":"","cat_name":"NGO's","category_nicename":"ngos","category_parent":0},{"term_id":111,"name":"Sozialismus","slug":"sozialismus","term_group":0,"term_taxonomy_id":111,"taxonomy":"category","description":"","parent":0,"count":280,"filter":"raw","cat_ID":111,"category_count":280,"category_description":"","cat_name":"Sozialismus","category_nicename":"sozialismus","category_parent":0},{"term_id":79,"name":"SPD","slug":"spd","term_group":0,"term_taxonomy_id":79,"taxonomy":"category","description":"","parent":0,"count":232,"filter":"raw","cat_ID":79,"category_count":232,"category_description":"","cat_name":"SPD","category_nicename":"spd","category_parent":0},{"term_id":101,"name":"Staatsschulden","slug":"staatsschulden","term_group":0,"term_taxonomy_id":101,"taxonomy":"category","description":"","parent":0,"count":77,"filter":"raw","cat_ID":101,"category_count":77,"category_description":"","cat_name":"Staatsschulden","category_nicename":"staatsschulden","category_parent":0},{"term_id":219,"name":"Staatsversagen","slug":"staatsversagen","term_group":0,"term_taxonomy_id":219,"taxonomy":"category","description":"","parent":0,"count":89,"filter":"raw","cat_ID":219,"category_count":89,"category_description":"","cat_name":"Staatsversagen","category_nicename":"staatsversagen","category_parent":0},{"term_id":175,"name":"VERSAGER","slug":"versager","term_group":0,"term_taxonomy_id":175,"taxonomy":"category","description":"","parent":0,"count":222,"filter":"raw","cat_ID":175,"category_count":222,"category_description":"","cat_name":"VERSAGER","category_nicename":"versager","category_parent":0},{"term_id":119,"name":"Vetternwirtschaft","slug":"vetternwirtschaft","term_group":0,"term_taxonomy_id":119,"taxonomy":"category","description":"","parent":0,"count":491,"filter":"raw","cat_ID":119,"category_count":491,"category_description":"","cat_name":"Vetternwirtschaft","category_nicename":"vetternwirtschaft","category_parent":0}],"tags":[],"class_list":["post-4457","post","type-post","status-publish","format-standard","hentry","category-aberglaube","category-den-deutschen-geht-es-viel-zu-gut","category-der-neue-sozialismus-von-spd-gruenen-linken","category-deutschland-schafft-sich-ab","category-die-taeter-sind-unter-uns","category-gewalt-und-terror-von-links","category-gewalt-und-terror-von-migranten","category-illusion-von-integration","category-luegen","category-migrationspolitik","category-milliarden-deals-unbemerkt","category-neue-ampelvariante-schwarzrotgruen","category-ngos","category-sozialismus","category-spd","category-staatsschulden","category-staatsversagen","category-versager","category-vetternwirtschaft"],"images":{"thumbnail":false,"medium":false,"medium_large":false,"large":false,"full":false},"_links":{"self":[{"href":"https:\/\/hpaulick.de\/index.php?rest_route=\/wp\/v2\/posts\/4457","targetHints":{"allow":["GET"]}}],"collection":[{"href":"https:\/\/hpaulick.de\/index.php?rest_route=\/wp\/v2\/posts"}],"about":[{"href":"https:\/\/hpaulick.de\/index.php?rest_route=\/wp\/v2\/types\/post"}],"author":[{"embeddable":true,"href":"https:\/\/hpaulick.de\/index.php?rest_route=\/wp\/v2\/users\/1"}],"replies":[{"embeddable":true,"href":"https:\/\/hpaulick.de\/index.php?rest_route=%2Fwp%2Fv2%2Fcomments&post=4457"}],"version-history":[{"count":3,"href":"https:\/\/hpaulick.de\/index.php?rest_route=\/wp\/v2\/posts\/4457\/revisions"}],"predecessor-version":[{"id":4464,"href":"https:\/\/hpaulick.de\/index.php?rest_route=\/wp\/v2\/posts\/4457\/revisions\/4464"}],"wp:attachment":[{"href":"https:\/\/hpaulick.de\/index.php?rest_route=%2Fwp%2Fv2%2Fmedia&parent=4457"}],"wp:term":[{"taxonomy":"category","embeddable":true,"href":"https:\/\/hpaulick.de\/index.php?rest_route=%2Fwp%2Fv2%2Fcategories&post=4457"},{"taxonomy":"post_tag","embeddable":true,"href":"https:\/\/hpaulick.de\/index.php?rest_route=%2Fwp%2Fv2%2Ftags&post=4457"}],"curies":[{"name":"wp","href":"https:\/\/api.w.org\/{rel}","templated":true}]}}