{"id":4482,"date":"2025-08-25T12:26:54","date_gmt":"2025-08-25T12:26:54","guid":{"rendered":"https:\/\/hpaulick.de\/?p=4482"},"modified":"2025-08-25T12:29:27","modified_gmt":"2025-08-25T12:29:27","slug":"kulturpass-ist-verfassungswidrig","status":"publish","type":"post","link":"https:\/\/hpaulick.de\/?p=4482","title":{"rendered":"&#8222;Kulturpass&#8220; ist verfassungswidrig"},"content":{"rendered":"\n<figure class=\"wp-block-embed is-type-rich is-provider-twitter wp-block-embed-twitter\"><div class=\"wp-block-embed__wrapper\">\n<div class=\"twitter-tweet\"><blockquote class=\"twitter-tweet\" data-lang=\"de\"><p lang=\"de\" dir=\"ltr\">&quot;Kulturpass&quot; ist verfassungswidrig<br>100 Millionen in den Sand gesetzt!<br>Was will man auch von GR\u00dcNEN ohne Bildungsabschl\u00fcsse erwarten. Soviel, wie von den vielen Fachkr\u00e4ften, welche die GR\u00dcNEN nach Deutschland geholt haben.<br>Harald Paulick<br>Blogger &amp; Satiriker<a href=\"https:\/\/t.co\/Z8NBOryNVh\">https:\/\/t.co\/Z8NBOryNVh<\/a> <a href=\"https:\/\/t.co\/7PDyFy3sg6\">https:\/\/t.co\/7PDyFy3sg6<\/a><\/p>&mdash; Metaphysischer Blogger &amp; Menippeischer Satiriker ! (@Scheinheilig16) <a href=\"https:\/\/twitter.com\/Scheinheilig16\/status\/1959955341682061520?ref_src=twsrc%5Etfw\">25. August 2025<\/a><\/blockquote><\/div>\n<\/div><\/figure>\n\n\n\n<figure class=\"wp-block-image size-full\"><img loading=\"lazy\" decoding=\"async\" width=\"680\" height=\"453\" src=\"https:\/\/hpaulick.de\/wp-content\/uploads\/2025\/08\/image-28.png\" alt=\"\" class=\"wp-image-4483\" srcset=\"https:\/\/hpaulick.de\/wp-content\/uploads\/2025\/08\/image-28.png 680w, https:\/\/hpaulick.de\/wp-content\/uploads\/2025\/08\/image-28-300x200.png 300w\" sizes=\"auto, (max-width: 680px) 100vw, 680px\" \/><\/figure>\n\n<div class=\"twitter-share\"><a href=\"https:\/\/twitter.com\/intent\/tweet?via=haraldpaulick\" class=\"twitter-share-button\" data-size=\"large\">Twittern<\/a><\/div>\n","protected":false},"excerpt":{"rendered":"","protected":false},"author":1,"featured_media":0,"comment_status":"closed","ping_status":"open","sticky":false,"template":"","format":"standard","meta":{"footnotes":""},"categories":[{"term_id":63,"name":"Aberglaube","slug":"aberglaube","term_group":0,"term_taxonomy_id":63,"taxonomy":"category","description":"","parent":0,"count":404,"filter":"raw","cat_ID":63,"category_count":404,"category_description":"","cat_name":"Aberglaube","category_nicename":"aberglaube","category_parent":0},{"term_id":54,"name":"Bildungslose Politiker","slug":"bildungslose-politiker","term_group":0,"term_taxonomy_id":54,"taxonomy":"category","description":"","parent":0,"count":676,"filter":"raw","cat_ID":54,"category_count":676,"category_description":"","cat_name":"Bildungslose Politiker","category_nicename":"bildungslose-politiker","category_parent":0},{"term_id":255,"name":"B\u00fcrokratie-Abbau","slug":"buerokratie-abbau","term_group":0,"term_taxonomy_id":255,"taxonomy":"category","description":"","parent":0,"count":50,"filter":"raw","cat_ID":255,"category_count":50,"category_description":"","cat_name":"B\u00fcrokratie-Abbau","category_nicename":"buerokratie-abbau","category_parent":0},{"term_id":132,"name":"Das 4. Reich GR\u00dcNER Pr\u00e4gung","slug":"das-4-reich-gruener-praegung","term_group":0,"term_taxonomy_id":132,"taxonomy":"category","description":"","parent":0,"count":458,"filter":"raw","cat_ID":132,"category_count":458,"category_description":"","cat_name":"Das 4. Reich GR\u00dcNER Pr\u00e4gung","category_nicename":"das-4-reich-gruener-praegung","category_parent":0},{"term_id":49,"name":"Deutschland schafft sich ab","slug":"deutschland-schafft-sich-ab","term_group":0,"term_taxonomy_id":49,"taxonomy":"category","description":"","parent":0,"count":662,"filter":"raw","cat_ID":49,"category_count":662,"category_description":"","cat_name":"Deutschland schafft sich ab","category_nicename":"deutschland-schafft-sich-ab","category_parent":0},{"term_id":167,"name":"Gewalt und Terror von LINKS","slug":"gewalt-und-terror-von-links","term_group":0,"term_taxonomy_id":167,"taxonomy":"category","description":"","parent":0,"count":233,"filter":"raw","cat_ID":167,"category_count":233,"category_description":"","cat_name":"Gewalt und Terror von LINKS","category_nicename":"gewalt-und-terror-von-links","category_parent":0},{"term_id":192,"name":"Gr\u00fcne","slug":"gruene","term_group":0,"term_taxonomy_id":192,"taxonomy":"category","description":"","parent":0,"count":84,"filter":"raw","cat_ID":192,"category_count":84,"category_description":"","cat_name":"Gr\u00fcne","category_nicename":"gruene","category_parent":0},{"term_id":162,"name":"GR\u00dcNE BILDUNGSPOLITIK","slug":"gruene-bildungspolitik","term_group":0,"term_taxonomy_id":162,"taxonomy":"category","description":"","parent":0,"count":126,"filter":"raw","cat_ID":162,"category_count":126,"category_description":"","cat_name":"GR\u00dcNE BILDUNGSPOLITIK","category_nicename":"gruene-bildungspolitik","category_parent":0},{"term_id":168,"name":"GR\u00dcNE DIPLOMATIE","slug":"gruene-diplomatie","term_group":0,"term_taxonomy_id":168,"taxonomy":"category","description":"","parent":0,"count":95,"filter":"raw","cat_ID":168,"category_count":95,"category_description":"","cat_name":"GR\u00dcNE DIPLOMATIE","category_nicename":"gruene-diplomatie","category_parent":0},{"term_id":133,"name":"GR\u00dcNISMUS","slug":"gruenismus","term_group":0,"term_taxonomy_id":133,"taxonomy":"category","description":"","parent":0,"count":314,"filter":"raw","cat_ID":133,"category_count":314,"category_description":"","cat_name":"GR\u00dcNISMUS","category_nicename":"gruenismus","category_parent":0},{"term_id":170,"name":"Hass der GR\u00dcNEN LINKEN auf alles ANDERSDENKENDE","slug":"hass-der-gruenen-linken-auf-alles-andersdenkende","term_group":0,"term_taxonomy_id":170,"taxonomy":"category","description":"","parent":0,"count":255,"filter":"raw","cat_ID":170,"category_count":255,"category_description":"","cat_name":"Hass der GR\u00dcNEN LINKEN auf alles ANDERSDENKENDE","category_nicename":"hass-der-gruenen-linken-auf-alles-andersdenkende","category_parent":0},{"term_id":141,"name":"NEUE AMPELVARIANTE Schwarz+Rot+Gr\u00fcn","slug":"neue-ampelvariante-schwarzrotgruen","term_group":0,"term_taxonomy_id":141,"taxonomy":"category","description":"","parent":0,"count":152,"filter":"raw","cat_ID":141,"category_count":152,"category_description":"","cat_name":"NEUE AMPELVARIANTE Schwarz+Rot+Gr\u00fcn","category_nicename":"neue-ampelvariante-schwarzrotgruen","category_parent":0},{"term_id":111,"name":"Sozialismus","slug":"sozialismus","term_group":0,"term_taxonomy_id":111,"taxonomy":"category","description":"","parent":0,"count":280,"filter":"raw","cat_ID":111,"category_count":280,"category_description":"","cat_name":"Sozialismus","category_nicename":"sozialismus","category_parent":0},{"term_id":119,"name":"Vetternwirtschaft","slug":"vetternwirtschaft","term_group":0,"term_taxonomy_id":119,"taxonomy":"category","description":"","parent":0,"count":491,"filter":"raw","cat_ID":119,"category_count":491,"category_description":"","cat_name":"Vetternwirtschaft","category_nicename":"vetternwirtschaft","category_parent":0},{"term_id":174,"name":"VON LINKS provozierter RECHTSRUCK","slug":"von-links-provozierter-rechtsruck","term_group":0,"term_taxonomy_id":174,"taxonomy":"category","description":"","parent":0,"count":304,"filter":"raw","cat_ID":174,"category_count":304,"category_description":"","cat_name":"VON LINKS provozierter RECHTSRUCK","category_nicename":"von-links-provozierter-rechtsruck","category_parent":0},{"term_id":190,"name":"Zwangsma\u00dfnahmen gegen nicht-gr\u00fcnes-Denken","slug":"zwangsmassnahmen-gegen-nicht-gruenes-denken","term_group":0,"term_taxonomy_id":190,"taxonomy":"category","description":"","parent":0,"count":246,"filter":"raw","cat_ID":190,"category_count":246,"category_description":"","cat_name":"Zwangsma\u00dfnahmen gegen nicht-gr\u00fcnes-Denken","category_nicename":"zwangsmassnahmen-gegen-nicht-gruenes-denken","category_parent":0}],"tags":[],"class_list":["post-4482","post","type-post","status-publish","format-standard","hentry","category-aberglaube","category-bildungslose-politiker","category-buerokratie-abbau","category-das-4-reich-gruener-praegung","category-deutschland-schafft-sich-ab","category-gewalt-und-terror-von-links","category-gruene","category-gruene-bildungspolitik","category-gruene-diplomatie","category-gruenismus","category-hass-der-gruenen-linken-auf-alles-andersdenkende","category-neue-ampelvariante-schwarzrotgruen","category-sozialismus","category-vetternwirtschaft","category-von-links-provozierter-rechtsruck","category-zwangsmassnahmen-gegen-nicht-gruenes-denken"],"images":{"thumbnail":false,"medium":false,"medium_large":false,"large":false,"full":false},"_links":{"self":[{"href":"https:\/\/hpaulick.de\/index.php?rest_route=\/wp\/v2\/posts\/4482","targetHints":{"allow":["GET"]}}],"collection":[{"href":"https:\/\/hpaulick.de\/index.php?rest_route=\/wp\/v2\/posts"}],"about":[{"href":"https:\/\/hpaulick.de\/index.php?rest_route=\/wp\/v2\/types\/post"}],"author":[{"embeddable":true,"href":"https:\/\/hpaulick.de\/index.php?rest_route=\/wp\/v2\/users\/1"}],"replies":[{"embeddable":true,"href":"https:\/\/hpaulick.de\/index.php?rest_route=%2Fwp%2Fv2%2Fcomments&post=4482"}],"version-history":[{"count":1,"href":"https:\/\/hpaulick.de\/index.php?rest_route=\/wp\/v2\/posts\/4482\/revisions"}],"predecessor-version":[{"id":4484,"href":"https:\/\/hpaulick.de\/index.php?rest_route=\/wp\/v2\/posts\/4482\/revisions\/4484"}],"wp:attachment":[{"href":"https:\/\/hpaulick.de\/index.php?rest_route=%2Fwp%2Fv2%2Fmedia&parent=4482"}],"wp:term":[{"taxonomy":"category","embeddable":true,"href":"https:\/\/hpaulick.de\/index.php?rest_route=%2Fwp%2Fv2%2Fcategories&post=4482"},{"taxonomy":"post_tag","embeddable":true,"href":"https:\/\/hpaulick.de\/index.php?rest_route=%2Fwp%2Fv2%2Ftags&post=4482"}],"curies":[{"name":"wp","href":"https:\/\/api.w.org\/{rel}","templated":true}]}}