{"id":4499,"date":"2025-08-27T08:48:07","date_gmt":"2025-08-27T08:48:07","guid":{"rendered":"https:\/\/hpaulick.de\/?p=4499"},"modified":"2025-08-27T09:10:47","modified_gmt":"2025-08-27T09:10:47","slug":"die-renten-krankenkassen-luege","status":"publish","type":"post","link":"https:\/\/hpaulick.de\/?p=4499","title":{"rendered":"Die Renten- &amp; Krankenkassen-L\u00dcGE"},"content":{"rendered":"\n<p>Wenn man nur die B\u00fcrger bei den Ausgaben ber\u00fccksichtigt, die in die Rentenkasse &amp; Krankenkassen einzahlen, k\u00f6nnte die RENTE um 30% erh\u00f6ht und die Krankenkassenbeitr\u00e4ge um 5% gesenkt werden. Denn die anderen KOSTEN verdanken wir der brillianten POLITIK der Altparteien.<br>40% der Kosten f\u00fcr Asylisten, Geduldete, Ausreisepflichtige, ausl\u00e4ndische B\u00fcrgergeldempf\u00e4nger, Miet und Energiezusch\u00fcsse an nicht DEUTSCHE Leistungsbezieher, Verwaltung und Unterbringung, Sprachkurse usw. machen 41% der Kosten bei der RENTE &amp; den Krankenkassen aus.<br><strong>QUELLE: STATISTISCHES BUNDESAMT <\/strong><br>Aber das interessiert die Politik, die Wirtschaftsweisen und bildungslose EXPERTEN der vom Staat finanziert NGS nicht.<br><br>1. Die AfD ist Schuld und muss verboten werden<br>2. Die Partei die Partei hat immer RECHT (SPD, GR\u00dcNE, CDU, CSU und LINKE)<br>3. Zum Gl\u00fcck machen sich die MEISTEN W\u00e4hler keine Gedanken und w\u00e4hlen dieses korrupte SYSTEM weiter<br>4. Wenn alle unter einer Decke stecken, \u00e4ndert sich nichts, aber<br>5. Wenn der W\u00e4hler 2029 50% AfD w\u00e4hlt, bricht das ganze korrupte Kartenhaus zusammen<br><br>Die AfD ist die schlechteste Alternative, aber wegen der Faulheit der B\u00fcrger selber aktiv zu werden, die EINZIGE!<br>Harald Paulick<br>Blogger &amp; Satiriker<\/p>\n\n\n\n<figure class=\"wp-block-image size-full\"><img loading=\"lazy\" decoding=\"async\" width=\"544\" height=\"680\" src=\"https:\/\/hpaulick.de\/wp-content\/uploads\/2025\/08\/image-31.png\" alt=\"\" class=\"wp-image-4502\" srcset=\"https:\/\/hpaulick.de\/wp-content\/uploads\/2025\/08\/image-31.png 544w, https:\/\/hpaulick.de\/wp-content\/uploads\/2025\/08\/image-31-240x300.png 240w\" sizes=\"auto, (max-width: 544px) 100vw, 544px\" \/><\/figure>\n\n\n\n<p>Quelle:<br><a href=\"https:\/\/x.com\/marcfriedrich7\/status\/1960349082142052805\">https:\/\/x.com\/marcfriedrich7\/status\/1960349082142052805<\/a><br><br>Kurz-Link:<br><a href=\"https:\/\/x.com\/Scheinheilig16\/status\/1960624996163719516\">https:\/\/x.com\/Scheinheilig16\/status\/1960624996163719516<\/a><\/p>\n\n<div class=\"twitter-share\"><a href=\"https:\/\/twitter.com\/intent\/tweet?via=haraldpaulick\" class=\"twitter-share-button\" data-size=\"large\">Twittern<\/a><\/div>\n","protected":false},"excerpt":{"rendered":"<p>Wenn man nur die B\u00fcrger bei den Ausgaben ber\u00fccksichtigt, die in die Rentenkasse &amp; Krankenkassen einzahlen, k\u00f6nnte die RENTE um 30% erh\u00f6ht und die Krankenkassenbeitr\u00e4ge um 5% gesenkt werden. Denn die anderen KOSTEN verdanken wir der brillianten POLITIK der Altparteien.40% der Kosten f\u00fcr Asylisten, Geduldete, Ausreisepflichtige, ausl\u00e4ndische B\u00fcrgergeldempf\u00e4nger, Miet und Energiezusch\u00fcsse an nicht DEUTSCHE Leistungsbezieher, &hellip; <a href=\"https:\/\/hpaulick.de\/?p=4499\" class=\"more-link\"><span class=\"screen-reader-text\">Die Renten- &amp; Krankenkassen-L\u00dcGE<\/span> weiterlesen<\/a><\/p>\n","protected":false},"author":1,"featured_media":0,"comment_status":"closed","ping_status":"open","sticky":false,"template":"","format":"standard","meta":{"footnotes":""},"categories":[{"term_id":130,"name":"Bestechlichkeit","slug":"bestechlichkeit","term_group":0,"term_taxonomy_id":130,"taxonomy":"category","description":"","parent":0,"count":245,"filter":"raw","cat_ID":130,"category_count":245,"category_description":"","cat_name":"Bestechlichkeit","category_nicename":"bestechlichkeit","category_parent":0},{"term_id":142,"name":"Betrug","slug":"betrug","term_group":0,"term_taxonomy_id":142,"taxonomy":"category","description":"","parent":0,"count":148,"filter":"raw","cat_ID":142,"category_count":148,"category_description":"","cat_name":"Betrug","category_nicename":"betrug","category_parent":0},{"term_id":54,"name":"Bildungslose Politiker","slug":"bildungslose-politiker","term_group":0,"term_taxonomy_id":54,"taxonomy":"category","description":"","parent":0,"count":676,"filter":"raw","cat_ID":54,"category_count":676,"category_description":"","cat_name":"Bildungslose Politiker","category_nicename":"bildungslose-politiker","category_parent":0},{"term_id":181,"name":"B\u00fcrgergeld","slug":"buergergeld","term_group":0,"term_taxonomy_id":181,"taxonomy":"category","description":"","parent":0,"count":79,"filter":"raw","cat_ID":181,"category_count":79,"category_description":"","cat_name":"B\u00fcrgergeld","category_nicename":"buergergeld","category_parent":0},{"term_id":268,"name":"B\u00fcrgergeld-Empf\u00e4nger","slug":"buergergeld-empfaenger","term_group":0,"term_taxonomy_id":268,"taxonomy":"category","description":"","parent":0,"count":81,"filter":"raw","cat_ID":268,"category_count":81,"category_description":"","cat_name":"B\u00fcrgergeld-Empf\u00e4nger","category_nicename":"buergergeld-empfaenger","category_parent":0},{"term_id":254,"name":"B\u00fcrokratie","slug":"buerokratie","term_group":0,"term_taxonomy_id":254,"taxonomy":"category","description":"","parent":0,"count":39,"filter":"raw","cat_ID":254,"category_count":39,"category_description":"","cat_name":"B\u00fcrokratie","category_nicename":"buerokratie","category_parent":0},{"term_id":255,"name":"B\u00fcrokratie-Abbau","slug":"buerokratie-abbau","term_group":0,"term_taxonomy_id":255,"taxonomy":"category","description":"","parent":0,"count":50,"filter":"raw","cat_ID":255,"category_count":50,"category_description":"","cat_name":"B\u00fcrokratie-Abbau","category_nicename":"buerokratie-abbau","category_parent":0},{"term_id":81,"name":"CDU","slug":"cdu","term_group":0,"term_taxonomy_id":81,"taxonomy":"category","description":"","parent":0,"count":122,"filter":"raw","cat_ID":81,"category_count":122,"category_description":"","cat_name":"CDU","category_nicename":"cdu","category_parent":0},{"term_id":76,"name":"DAGEGENPARTEI - AfD","slug":"dagegenpartei-afd","term_group":0,"term_taxonomy_id":76,"taxonomy":"category","description":"","parent":0,"count":29,"filter":"raw","cat_ID":76,"category_count":29,"category_description":"","cat_name":"DAGEGENPARTEI - AfD","category_nicename":"dagegenpartei-afd","category_parent":0},{"term_id":132,"name":"Das 4. Reich GR\u00dcNER Pr\u00e4gung","slug":"das-4-reich-gruener-praegung","term_group":0,"term_taxonomy_id":132,"taxonomy":"category","description":"","parent":0,"count":458,"filter":"raw","cat_ID":132,"category_count":458,"category_description":"","cat_name":"Das 4. Reich GR\u00dcNER Pr\u00e4gung","category_nicename":"das-4-reich-gruener-praegung","category_parent":0},{"term_id":171,"name":"Den DEUTSCHEN geht es viel zu gut","slug":"den-deutschen-geht-es-viel-zu-gut","term_group":0,"term_taxonomy_id":171,"taxonomy":"category","description":"","parent":0,"count":218,"filter":"raw","cat_ID":171,"category_count":218,"category_description":"","cat_name":"Den DEUTSCHEN geht es viel zu gut","category_nicename":"den-deutschen-geht-es-viel-zu-gut","category_parent":0},{"term_id":265,"name":"Der NEUE SOZIALISMUS von SPD, Gr\u00fcnen &amp; LINKEN","slug":"der-neue-sozialismus-von-spd-gruenen-linken","term_group":0,"term_taxonomy_id":265,"taxonomy":"category","description":"","parent":0,"count":180,"filter":"raw","cat_ID":265,"category_count":180,"category_description":"","cat_name":"Der NEUE SOZIALISMUS von SPD, Gr\u00fcnen &amp; LINKEN","category_nicename":"der-neue-sozialismus-von-spd-gruenen-linken","category_parent":0},{"term_id":144,"name":"Doppelte Staatsangeh\u00f6rigkeit","slug":"doppelte-staatsangehoerigkeit","term_group":0,"term_taxonomy_id":144,"taxonomy":"category","description":"","parent":0,"count":217,"filter":"raw","cat_ID":144,"category_count":217,"category_description":"","cat_name":"Doppelte Staatsangeh\u00f6rigkeit","category_nicename":"doppelte-staatsangehoerigkeit","category_parent":0},{"term_id":140,"name":"Experten ohne Abschl\u00fcsse","slug":"experten-ohne-abschluesse","term_group":0,"term_taxonomy_id":140,"taxonomy":"category","description":"","parent":0,"count":278,"filter":"raw","cat_ID":140,"category_count":278,"category_description":"","cat_name":"Experten ohne Abschl\u00fcsse","category_nicename":"experten-ohne-abschluesse","category_parent":0},{"term_id":260,"name":"Fachkr\u00e4ftemangel","slug":"fachkraeftemangel","term_group":0,"term_taxonomy_id":260,"taxonomy":"category","description":"","parent":0,"count":67,"filter":"raw","cat_ID":260,"category_count":67,"category_description":"","cat_name":"Fachkr\u00e4ftemangel","category_nicename":"fachkraeftemangel","category_parent":0},{"term_id":65,"name":"Fl\u00fcchtlinge","slug":"fluechtlinge","term_group":0,"term_taxonomy_id":65,"taxonomy":"category","description":"","parent":0,"count":187,"filter":"raw","cat_ID":65,"category_count":187,"category_description":"","cat_name":"Fl\u00fcchtlinge","category_nicename":"fluechtlinge","category_parent":0},{"term_id":224,"name":"Gedanken zur Zeit","slug":"gedanken-zur-zeit","term_group":0,"term_taxonomy_id":224,"taxonomy":"category","description":"","parent":0,"count":125,"filter":"raw","cat_ID":224,"category_count":125,"category_description":"","cat_name":"Gedanken zur Zeit","category_nicename":"gedanken-zur-zeit","category_parent":0},{"term_id":167,"name":"Gewalt und Terror von LINKS","slug":"gewalt-und-terror-von-links","term_group":0,"term_taxonomy_id":167,"taxonomy":"category","description":"","parent":0,"count":233,"filter":"raw","cat_ID":167,"category_count":233,"category_description":"","cat_name":"Gewalt und Terror von LINKS","category_nicename":"gewalt-und-terror-von-links","category_parent":0},{"term_id":208,"name":"Gewalt und Terror von Migranten","slug":"gewalt-und-terror-von-migranten","term_group":0,"term_taxonomy_id":208,"taxonomy":"category","description":"","parent":0,"count":155,"filter":"raw","cat_ID":208,"category_count":155,"category_description":"","cat_name":"Gewalt und Terror von Migranten","category_nicename":"gewalt-und-terror-von-migranten","category_parent":0},{"term_id":30,"name":"GR\u00dcNE Murks Politik","slug":"gruene-murks-politik","term_group":0,"term_taxonomy_id":30,"taxonomy":"category","description":"","parent":0,"count":804,"filter":"raw","cat_ID":30,"category_count":804,"category_description":"","cat_name":"GR\u00dcNE Murks Politik","category_nicename":"gruene-murks-politik","category_parent":0},{"term_id":170,"name":"Hass der GR\u00dcNEN LINKEN auf alles ANDERSDENKENDE","slug":"hass-der-gruenen-linken-auf-alles-andersdenkende","term_group":0,"term_taxonomy_id":170,"taxonomy":"category","description":"","parent":0,"count":255,"filter":"raw","cat_ID":170,"category_count":255,"category_description":"","cat_name":"Hass der GR\u00dcNEN LINKEN auf alles ANDERSDENKENDE","category_nicename":"hass-der-gruenen-linken-auf-alles-andersdenkende","category_parent":0},{"term_id":209,"name":"Illusion von Integration","slug":"illusion-von-integration","term_group":0,"term_taxonomy_id":209,"taxonomy":"category","description":"","parent":0,"count":199,"filter":"raw","cat_ID":209,"category_count":199,"category_description":"","cat_name":"Illusion von Integration","category_nicename":"illusion-von-integration","category_parent":0},{"term_id":148,"name":"Islamischer Staat Deutschland","slug":"islamischer-staat-deutschland","term_group":0,"term_taxonomy_id":148,"taxonomy":"category","description":"","parent":0,"count":123,"filter":"raw","cat_ID":148,"category_count":123,"category_description":"","cat_name":"Islamischer Staat Deutschland","category_nicename":"islamischer-staat-deutschland","category_parent":0},{"term_id":86,"name":"Islamismus","slug":"islamismus","term_group":0,"term_taxonomy_id":86,"taxonomy":"category","description":"","parent":0,"count":122,"filter":"raw","cat_ID":86,"category_count":122,"category_description":"","cat_name":"Islamismus","category_nicename":"islamismus","category_parent":0},{"term_id":247,"name":"Kriminelle","slug":"kriminelle-2","term_group":0,"term_taxonomy_id":247,"taxonomy":"category","description":"","parent":0,"count":48,"filter":"raw","cat_ID":247,"category_count":48,"category_description":"","cat_name":"Kriminelle","category_nicename":"kriminelle-2","category_parent":0},{"term_id":50,"name":"Linksextremismus","slug":"linksextremismus","term_group":0,"term_taxonomy_id":50,"taxonomy":"category","description":"","parent":0,"count":313,"filter":"raw","cat_ID":50,"category_count":313,"category_description":"","cat_name":"Linksextremismus","category_nicename":"linksextremismus","category_parent":0},{"term_id":102,"name":"L\u00dcGEN","slug":"luegen","term_group":0,"term_taxonomy_id":102,"taxonomy":"category","description":"","parent":0,"count":389,"filter":"raw","cat_ID":102,"category_count":389,"category_description":"","cat_name":"L\u00dcGEN","category_nicename":"luegen","category_parent":0},{"term_id":161,"name":"Migranten aus Afrika gleichgestellt","slug":"migranten-aus-afrika-gleichgestellt","term_group":0,"term_taxonomy_id":161,"taxonomy":"category","description":"","parent":0,"count":239,"filter":"raw","cat_ID":161,"category_count":239,"category_description":"","cat_name":"Migranten aus Afrika gleichgestellt","category_nicename":"migranten-aus-afrika-gleichgestellt","category_parent":0},{"term_id":64,"name":"Migrationspolitik","slug":"migrationspolitik","term_group":0,"term_taxonomy_id":64,"taxonomy":"category","description":"","parent":0,"count":398,"filter":"raw","cat_ID":64,"category_count":398,"category_description":"","cat_name":"Migrationspolitik","category_nicename":"migrationspolitik","category_parent":0},{"term_id":112,"name":"Milliarden Deals UNBEMERKT","slug":"milliarden-deals-unbemerkt","term_group":0,"term_taxonomy_id":112,"taxonomy":"category","description":"","parent":0,"count":558,"filter":"raw","cat_ID":112,"category_count":558,"category_description":"","cat_name":"Milliarden Deals UNBEMERKT","category_nicename":"milliarden-deals-unbemerkt","category_parent":0},{"term_id":197,"name":"Politik zur Verantwortung ziehen","slug":"politik-zur-verantwortung-ziehen","term_group":0,"term_taxonomy_id":197,"taxonomy":"category","description":"","parent":0,"count":248,"filter":"raw","cat_ID":197,"category_count":248,"category_description":"","cat_name":"Politik zur Verantwortung ziehen","category_nicename":"politik-zur-verantwortung-ziehen","category_parent":0},{"term_id":23,"name":"Rente","slug":"rente","term_group":0,"term_taxonomy_id":23,"taxonomy":"category","description":"","parent":0,"count":58,"filter":"raw","cat_ID":23,"category_count":58,"category_description":"","cat_name":"Rente","category_nicename":"rente","category_parent":0},{"term_id":189,"name":"RENTENL\u00dcGE","slug":"rentenluege","term_group":0,"term_taxonomy_id":189,"taxonomy":"category","description":"","parent":0,"count":85,"filter":"raw","cat_ID":189,"category_count":85,"category_description":"","cat_name":"RENTENL\u00dcGE","category_nicename":"rentenluege","category_parent":0},{"term_id":237,"name":"Rentner","slug":"rentner","term_group":0,"term_taxonomy_id":237,"taxonomy":"category","description":"","parent":0,"count":36,"filter":"raw","cat_ID":237,"category_count":36,"category_description":"","cat_name":"Rentner","category_nicename":"rentner","category_parent":0},{"term_id":221,"name":"Scheinheilige","slug":"scheinheilige","term_group":0,"term_taxonomy_id":221,"taxonomy":"category","description":"","parent":0,"count":195,"filter":"raw","cat_ID":221,"category_count":195,"category_description":"","cat_name":"Scheinheilige","category_nicename":"scheinheilige","category_parent":0},{"term_id":249,"name":"Schwarz Rote Regierung","slug":"schwarz-rote-regierung","term_group":0,"term_taxonomy_id":249,"taxonomy":"category","description":"","parent":0,"count":144,"filter":"raw","cat_ID":249,"category_count":144,"category_description":"","cat_name":"Schwarz Rote Regierung","category_nicename":"schwarz-rote-regierung","category_parent":0},{"term_id":134,"name":"Selbstbedienungsladen Bundestag","slug":"selbstbedienungsladen-bundestag","term_group":0,"term_taxonomy_id":134,"taxonomy":"category","description":"","parent":0,"count":374,"filter":"raw","cat_ID":134,"category_count":374,"category_description":"","cat_name":"Selbstbedienungsladen Bundestag","category_nicename":"selbstbedienungsladen-bundestag","category_parent":0},{"term_id":111,"name":"Sozialismus","slug":"sozialismus","term_group":0,"term_taxonomy_id":111,"taxonomy":"category","description":"","parent":0,"count":280,"filter":"raw","cat_ID":111,"category_count":280,"category_description":"","cat_name":"Sozialismus","category_nicename":"sozialismus","category_parent":0},{"term_id":219,"name":"Staatsversagen","slug":"staatsversagen","term_group":0,"term_taxonomy_id":219,"taxonomy":"category","description":"","parent":0,"count":89,"filter":"raw","cat_ID":219,"category_count":89,"category_description":"","cat_name":"Staatsversagen","category_nicename":"staatsversagen","category_parent":0},{"term_id":91,"name":"Steuererh\u00f6hungen","slug":"steuererhoehungen","term_group":0,"term_taxonomy_id":91,"taxonomy":"category","description":"","parent":0,"count":107,"filter":"raw","cat_ID":91,"category_count":107,"category_description":"","cat_name":"Steuererh\u00f6hungen","category_nicename":"steuererhoehungen","category_parent":0},{"term_id":39,"name":"Verbotskoalition","slug":"verbotskoalition","term_group":0,"term_taxonomy_id":39,"taxonomy":"category","description":"","parent":0,"count":248,"filter":"raw","cat_ID":39,"category_count":248,"category_description":"","cat_name":"Verbotskoalition","category_nicename":"verbotskoalition","category_parent":0},{"term_id":175,"name":"VERSAGER","slug":"versager","term_group":0,"term_taxonomy_id":175,"taxonomy":"category","description":"","parent":0,"count":222,"filter":"raw","cat_ID":175,"category_count":222,"category_description":"","cat_name":"VERSAGER","category_nicename":"versager","category_parent":0},{"term_id":119,"name":"Vetternwirtschaft","slug":"vetternwirtschaft","term_group":0,"term_taxonomy_id":119,"taxonomy":"category","description":"","parent":0,"count":491,"filter":"raw","cat_ID":119,"category_count":491,"category_description":"","cat_name":"Vetternwirtschaft","category_nicename":"vetternwirtschaft","category_parent":0},{"term_id":174,"name":"VON LINKS provozierter RECHTSRUCK","slug":"von-links-provozierter-rechtsruck","term_group":0,"term_taxonomy_id":174,"taxonomy":"category","description":"","parent":0,"count":304,"filter":"raw","cat_ID":174,"category_count":304,"category_description":"","cat_name":"VON LINKS provozierter RECHTSRUCK","category_nicename":"von-links-provozierter-rechtsruck","category_parent":0},{"term_id":264,"name":"Zwangsma\u00dfnahmen gegen Nicht-SPD-Denken","slug":"zwangsmassnahmen-gegen-nicht-spd-denken","term_group":0,"term_taxonomy_id":264,"taxonomy":"category","description":"","parent":0,"count":152,"filter":"raw","cat_ID":264,"category_count":152,"category_description":"","cat_name":"Zwangsma\u00dfnahmen gegen Nicht-SPD-Denken","category_nicename":"zwangsmassnahmen-gegen-nicht-spd-denken","category_parent":0}],"tags":[],"class_list":["post-4499","post","type-post","status-publish","format-standard","hentry","category-bestechlichkeit","category-betrug","category-bildungslose-politiker","category-buergergeld","category-buergergeld-empfaenger","category-buerokratie","category-buerokratie-abbau","category-cdu","category-dagegenpartei-afd","category-das-4-reich-gruener-praegung","category-den-deutschen-geht-es-viel-zu-gut","category-der-neue-sozialismus-von-spd-gruenen-linken","category-doppelte-staatsangehoerigkeit","category-experten-ohne-abschluesse","category-fachkraeftemangel","category-fluechtlinge","category-gedanken-zur-zeit","category-gewalt-und-terror-von-links","category-gewalt-und-terror-von-migranten","category-gruene-murks-politik","category-hass-der-gruenen-linken-auf-alles-andersdenkende","category-illusion-von-integration","category-islamischer-staat-deutschland","category-islamismus","category-kriminelle-2","category-linksextremismus","category-luegen","category-migranten-aus-afrika-gleichgestellt","category-migrationspolitik","category-milliarden-deals-unbemerkt","category-politik-zur-verantwortung-ziehen","category-rente","category-rentenluege","category-rentner","category-scheinheilige","category-schwarz-rote-regierung","category-selbstbedienungsladen-bundestag","category-sozialismus","category-staatsversagen","category-steuererhoehungen","category-verbotskoalition","category-versager","category-vetternwirtschaft","category-von-links-provozierter-rechtsruck","category-zwangsmassnahmen-gegen-nicht-spd-denken"],"images":{"thumbnail":false,"medium":false,"medium_large":false,"large":false,"full":false},"_links":{"self":[{"href":"https:\/\/hpaulick.de\/index.php?rest_route=\/wp\/v2\/posts\/4499","targetHints":{"allow":["GET"]}}],"collection":[{"href":"https:\/\/hpaulick.de\/index.php?rest_route=\/wp\/v2\/posts"}],"about":[{"href":"https:\/\/hpaulick.de\/index.php?rest_route=\/wp\/v2\/types\/post"}],"author":[{"embeddable":true,"href":"https:\/\/hpaulick.de\/index.php?rest_route=\/wp\/v2\/users\/1"}],"replies":[{"embeddable":true,"href":"https:\/\/hpaulick.de\/index.php?rest_route=%2Fwp%2Fv2%2Fcomments&post=4499"}],"version-history":[{"count":3,"href":"https:\/\/hpaulick.de\/index.php?rest_route=\/wp\/v2\/posts\/4499\/revisions"}],"predecessor-version":[{"id":4505,"href":"https:\/\/hpaulick.de\/index.php?rest_route=\/wp\/v2\/posts\/4499\/revisions\/4505"}],"wp:attachment":[{"href":"https:\/\/hpaulick.de\/index.php?rest_route=%2Fwp%2Fv2%2Fmedia&parent=4499"}],"wp:term":[{"taxonomy":"category","embeddable":true,"href":"https:\/\/hpaulick.de\/index.php?rest_route=%2Fwp%2Fv2%2Fcategories&post=4499"},{"taxonomy":"post_tag","embeddable":true,"href":"https:\/\/hpaulick.de\/index.php?rest_route=%2Fwp%2Fv2%2Ftags&post=4499"}],"curies":[{"name":"wp","href":"https:\/\/api.w.org\/{rel}","templated":true}]}}