{"id":4518,"date":"2025-08-28T14:07:44","date_gmt":"2025-08-28T14:07:44","guid":{"rendered":"https:\/\/hpaulick.de\/?p=4518"},"modified":"2025-08-28T14:24:39","modified_gmt":"2025-08-28T14:24:39","slug":"15000-zurueckgekehrte-asylabgelehnte-werden-wieder-versorgt","status":"publish","type":"post","link":"https:\/\/hpaulick.de\/?p=4518","title":{"rendered":"15.000 zur\u00fcckgekehrte Asylabgelehnte werden wieder versorgt!"},"content":{"rendered":"\n<p>15.000 zur\u00fcckgekehrte Asylabgelehnte werden wieder versorgt! <br>Wenn man statt eines durchgreifenden Bundeskanzlers einen 2. Geld verschenkenden Au\u00dfenminister hat, werden RENTENK\u00dcRZNG &amp; STEUERERH\u00d6HUNG auch nicht mehr reichen!<br>Harald Paulick<br>Blogger &amp; Satiriker<br><a href=\"https:\/\/t.co\/Lr1qXeKnNI\" target=\"_blank\" rel=\"noreferrer noopener\">https:\/\/hpaulick.de<\/a><\/p>\n\n\n\n<p>Auf unsere Kosten mit dem Privatjet und Taschengeld ausgereist, Urlaub in der Heimat gemacht und schon sind sie wieder zur\u00fcck und kassieren wieder B\u00fcrgergeld, bekommen bevorzugt Wohnraum, werden WARM durch den Winter gebracht und der DUMME STEUERZAHLER finanziert das?<\/p>\n\n\n\n<p>Nein, die Regierung hat andere Pl\u00e4ne. Die Renten sollen gek\u00fcrzt werden, weil die Rentner kein soziales JAHR machen wollen. Die Krankenkassenzuzahlungen werden f\u00fcr Rentner halbiert, m\u00fcssen die dann ab 2026 alles selber bezahlen oder in die KISTE SPRINGEN, was auch dem SOZIALSTAAT hilft!<\/p>\n\n\n\n<p>Merz: Wir sind ein Land was ZUZUG bracht und wir freuen uns \u00fcber jeden, der zu uns kommt!<\/p>\n\n\n\n<figure class=\"wp-block-image size-full\"><img loading=\"lazy\" decoding=\"async\" width=\"647\" height=\"680\" src=\"https:\/\/hpaulick.de\/wp-content\/uploads\/2025\/08\/image-33.png\" alt=\"\" class=\"wp-image-4521\" srcset=\"https:\/\/hpaulick.de\/wp-content\/uploads\/2025\/08\/image-33.png 647w, https:\/\/hpaulick.de\/wp-content\/uploads\/2025\/08\/image-33-285x300.png 285w\" sizes=\"auto, (max-width: 647px) 100vw, 647px\" \/><\/figure>\n\n\n\n<p>Original-Link:<br><a href=\"https:\/\/x.com\/TimKoffiziell\/status\/1960633928412176763\">https:\/\/x.com\/TimKoffiziell\/status\/1960633928412176763<\/a><br><br>Kurzversion Link:<br><a href=\"https:\/\/x.com\/Matheistos\/status\/1961068090881413516\">https:\/\/x.com\/Matheistos\/status\/1961068090881413516<\/a><\/p>\n\n<div class=\"twitter-share\"><a href=\"https:\/\/twitter.com\/intent\/tweet?via=haraldpaulick\" class=\"twitter-share-button\" data-size=\"large\">Twittern<\/a><\/div>\n","protected":false},"excerpt":{"rendered":"<p>15.000 zur\u00fcckgekehrte Asylabgelehnte werden wieder versorgt! Wenn man statt eines durchgreifenden Bundeskanzlers einen 2. Geld verschenkenden Au\u00dfenminister hat, werden RENTENK\u00dcRZNG &amp; STEUERERH\u00d6HUNG auch nicht mehr reichen!Harald PaulickBlogger &amp; Satirikerhttps:\/\/hpaulick.de Auf unsere Kosten mit dem Privatjet und Taschengeld ausgereist, Urlaub in der Heimat gemacht und schon sind sie wieder zur\u00fcck und kassieren wieder B\u00fcrgergeld, bekommen bevorzugt &hellip; <a href=\"https:\/\/hpaulick.de\/?p=4518\" class=\"more-link\"><span class=\"screen-reader-text\">15.000 zur\u00fcckgekehrte Asylabgelehnte werden wieder versorgt!<\/span> weiterlesen<\/a><\/p>\n","protected":false},"author":1,"featured_media":0,"comment_status":"closed","ping_status":"open","sticky":false,"template":"","format":"standard","meta":{"footnotes":""},"categories":[{"term_id":122,"name":"Abschiebung","slug":"abschiebung","term_group":0,"term_taxonomy_id":122,"taxonomy":"category","description":"","parent":0,"count":121,"filter":"raw","cat_ID":122,"category_count":121,"category_description":"","cat_name":"Abschiebung","category_nicename":"abschiebung","category_parent":0},{"term_id":222,"name":"Altparteien","slug":"altparteien","term_group":0,"term_taxonomy_id":222,"taxonomy":"category","description":"","parent":0,"count":140,"filter":"raw","cat_ID":222,"category_count":140,"category_description":"","cat_name":"Altparteien","category_nicename":"altparteien","category_parent":0},{"term_id":226,"name":"Asylbetrug","slug":"asylbetrug","term_group":0,"term_taxonomy_id":226,"taxonomy":"category","description":"","parent":0,"count":98,"filter":"raw","cat_ID":226,"category_count":98,"category_description":"","cat_name":"Asylbetrug","category_nicename":"asylbetrug","category_parent":0},{"term_id":214,"name":"Asylbewerber","slug":"asylbewerber","term_group":0,"term_taxonomy_id":214,"taxonomy":"category","description":"","parent":0,"count":89,"filter":"raw","cat_ID":214,"category_count":89,"category_description":"","cat_name":"Asylbewerber","category_nicename":"asylbewerber","category_parent":0},{"term_id":27,"name":"Asylpolitik","slug":"asylpolitik","term_group":0,"term_taxonomy_id":27,"taxonomy":"category","description":"","parent":0,"count":326,"filter":"raw","cat_ID":27,"category_count":326,"category_description":"","cat_name":"Asylpolitik","category_nicename":"asylpolitik","category_parent":0},{"term_id":132,"name":"Das 4. Reich GR\u00dcNER Pr\u00e4gung","slug":"das-4-reich-gruener-praegung","term_group":0,"term_taxonomy_id":132,"taxonomy":"category","description":"","parent":0,"count":458,"filter":"raw","cat_ID":132,"category_count":458,"category_description":"","cat_name":"Das 4. Reich GR\u00dcNER Pr\u00e4gung","category_nicename":"das-4-reich-gruener-praegung","category_parent":0},{"term_id":265,"name":"Der NEUE SOZIALISMUS von SPD, Gr\u00fcnen &amp; LINKEN","slug":"der-neue-sozialismus-von-spd-gruenen-linken","term_group":0,"term_taxonomy_id":265,"taxonomy":"category","description":"","parent":0,"count":181,"filter":"raw","cat_ID":265,"category_count":181,"category_description":"","cat_name":"Der NEUE SOZIALISMUS von SPD, Gr\u00fcnen &amp; LINKEN","category_nicename":"der-neue-sozialismus-von-spd-gruenen-linken","category_parent":0},{"term_id":49,"name":"Deutschland schafft sich ab","slug":"deutschland-schafft-sich-ab","term_group":0,"term_taxonomy_id":49,"taxonomy":"category","description":"","parent":0,"count":663,"filter":"raw","cat_ID":49,"category_count":663,"category_description":"","cat_name":"Deutschland schafft sich ab","category_nicename":"deutschland-schafft-sich-ab","category_parent":0},{"term_id":144,"name":"Doppelte Staatsangeh\u00f6rigkeit","slug":"doppelte-staatsangehoerigkeit","term_group":0,"term_taxonomy_id":144,"taxonomy":"category","description":"","parent":0,"count":217,"filter":"raw","cat_ID":144,"category_count":217,"category_description":"","cat_name":"Doppelte Staatsangeh\u00f6rigkeit","category_nicename":"doppelte-staatsangehoerigkeit","category_parent":0},{"term_id":267,"name":"Enteignung von Pflegebed\u00fcrftigen","slug":"enteignung-von-pflegebeduerftigen","term_group":0,"term_taxonomy_id":267,"taxonomy":"category","description":"","parent":0,"count":39,"filter":"raw","cat_ID":267,"category_count":39,"category_description":"","cat_name":"Enteignung von Pflegebed\u00fcrftigen","category_nicename":"enteignung-von-pflegebeduerftigen","category_parent":0},{"term_id":263,"name":"Enteignungen","slug":"enteignungen","term_group":0,"term_taxonomy_id":263,"taxonomy":"category","description":"","parent":0,"count":23,"filter":"raw","cat_ID":263,"category_count":23,"category_description":"","cat_name":"Enteignungen","category_nicename":"enteignungen","category_parent":0},{"term_id":65,"name":"Fl\u00fcchtlinge","slug":"fluechtlinge","term_group":0,"term_taxonomy_id":65,"taxonomy":"category","description":"","parent":0,"count":187,"filter":"raw","cat_ID":65,"category_count":187,"category_description":"","cat_name":"Fl\u00fcchtlinge","category_nicename":"fluechtlinge","category_parent":0},{"term_id":208,"name":"Gewalt und Terror von Migranten","slug":"gewalt-und-terror-von-migranten","term_group":0,"term_taxonomy_id":208,"taxonomy":"category","description":"","parent":0,"count":156,"filter":"raw","cat_ID":208,"category_count":156,"category_description":"","cat_name":"Gewalt und Terror von Migranten","category_nicename":"gewalt-und-terror-von-migranten","category_parent":0},{"term_id":30,"name":"GR\u00dcNE Murks Politik","slug":"gruene-murks-politik","term_group":0,"term_taxonomy_id":30,"taxonomy":"category","description":"","parent":0,"count":805,"filter":"raw","cat_ID":30,"category_count":805,"category_description":"","cat_name":"GR\u00dcNE Murks Politik","category_nicename":"gruene-murks-politik","category_parent":0},{"term_id":170,"name":"Hass der GR\u00dcNEN LINKEN auf alles ANDERSDENKENDE","slug":"hass-der-gruenen-linken-auf-alles-andersdenkende","term_group":0,"term_taxonomy_id":170,"taxonomy":"category","description":"","parent":0,"count":256,"filter":"raw","cat_ID":170,"category_count":256,"category_description":"","cat_name":"Hass der GR\u00dcNEN LINKEN auf alles ANDERSDENKENDE","category_nicename":"hass-der-gruenen-linken-auf-alles-andersdenkende","category_parent":0},{"term_id":209,"name":"Illusion von Integration","slug":"illusion-von-integration","term_group":0,"term_taxonomy_id":209,"taxonomy":"category","description":"","parent":0,"count":200,"filter":"raw","cat_ID":209,"category_count":200,"category_description":"","cat_name":"Illusion von Integration","category_nicename":"illusion-von-integration","category_parent":0},{"term_id":102,"name":"L\u00dcGEN","slug":"luegen","term_group":0,"term_taxonomy_id":102,"taxonomy":"category","description":"","parent":0,"count":389,"filter":"raw","cat_ID":102,"category_count":389,"category_description":"","cat_name":"L\u00dcGEN","category_nicename":"luegen","category_parent":0},{"term_id":161,"name":"Migranten aus Afrika gleichgestellt","slug":"migranten-aus-afrika-gleichgestellt","term_group":0,"term_taxonomy_id":161,"taxonomy":"category","description":"","parent":0,"count":240,"filter":"raw","cat_ID":161,"category_count":240,"category_description":"","cat_name":"Migranten aus Afrika gleichgestellt","category_nicename":"migranten-aus-afrika-gleichgestellt","category_parent":0},{"term_id":112,"name":"Milliarden Deals UNBEMERKT","slug":"milliarden-deals-unbemerkt","term_group":0,"term_taxonomy_id":112,"taxonomy":"category","description":"","parent":0,"count":559,"filter":"raw","cat_ID":112,"category_count":559,"category_description":"","cat_name":"Milliarden Deals UNBEMERKT","category_nicename":"milliarden-deals-unbemerkt","category_parent":0},{"term_id":253,"name":"Multikulti","slug":"multikulti","term_group":0,"term_taxonomy_id":253,"taxonomy":"category","description":"","parent":0,"count":83,"filter":"raw","cat_ID":253,"category_count":83,"category_description":"","cat_name":"Multikulti","category_nicename":"multikulti","category_parent":0},{"term_id":141,"name":"NEUE AMPELVARIANTE Schwarz+Rot+Gr\u00fcn","slug":"neue-ampelvariante-schwarzrotgruen","term_group":0,"term_taxonomy_id":141,"taxonomy":"category","description":"","parent":0,"count":153,"filter":"raw","cat_ID":141,"category_count":153,"category_description":"","cat_name":"NEUE AMPELVARIANTE Schwarz+Rot+Gr\u00fcn","category_nicename":"neue-ampelvariante-schwarzrotgruen","category_parent":0},{"term_id":59,"name":"Neuverschuldung","slug":"neuverschuldung","term_group":0,"term_taxonomy_id":59,"taxonomy":"category","description":"","parent":0,"count":64,"filter":"raw","cat_ID":59,"category_count":64,"category_description":"","cat_name":"Neuverschuldung","category_nicename":"neuverschuldung","category_parent":0},{"term_id":221,"name":"Scheinheilige","slug":"scheinheilige","term_group":0,"term_taxonomy_id":221,"taxonomy":"category","description":"","parent":0,"count":195,"filter":"raw","cat_ID":221,"category_count":195,"category_description":"","cat_name":"Scheinheilige","category_nicename":"scheinheilige","category_parent":0},{"term_id":45,"name":"Schleuserkriminalit\u00e4t","slug":"schleuserkriminalitaet","term_group":0,"term_taxonomy_id":45,"taxonomy":"category","description":"","parent":0,"count":37,"filter":"raw","cat_ID":45,"category_count":37,"category_description":"","cat_name":"Schleuserkriminalit\u00e4t","category_nicename":"schleuserkriminalitaet","category_parent":0},{"term_id":249,"name":"Schwarz Rote Regierung","slug":"schwarz-rote-regierung","term_group":0,"term_taxonomy_id":249,"taxonomy":"category","description":"","parent":0,"count":145,"filter":"raw","cat_ID":249,"category_count":145,"category_description":"","cat_name":"Schwarz Rote Regierung","category_nicename":"schwarz-rote-regierung","category_parent":0},{"term_id":159,"name":"Spott und H\u00e4me","slug":"spott-und-haeme","term_group":0,"term_taxonomy_id":159,"taxonomy":"category","description":"","parent":0,"count":153,"filter":"raw","cat_ID":159,"category_count":153,"category_description":"","cat_name":"Spott und H\u00e4me","category_nicename":"spott-und-haeme","category_parent":0},{"term_id":174,"name":"VON LINKS provozierter RECHTSRUCK","slug":"von-links-provozierter-rechtsruck","term_group":0,"term_taxonomy_id":174,"taxonomy":"category","description":"","parent":0,"count":305,"filter":"raw","cat_ID":174,"category_count":305,"category_description":"","cat_name":"VON LINKS provozierter RECHTSRUCK","category_nicename":"von-links-provozierter-rechtsruck","category_parent":0},{"term_id":190,"name":"Zwangsma\u00dfnahmen gegen nicht-gr\u00fcnes-Denken","slug":"zwangsmassnahmen-gegen-nicht-gruenes-denken","term_group":0,"term_taxonomy_id":190,"taxonomy":"category","description":"","parent":0,"count":246,"filter":"raw","cat_ID":190,"category_count":246,"category_description":"","cat_name":"Zwangsma\u00dfnahmen gegen nicht-gr\u00fcnes-Denken","category_nicename":"zwangsmassnahmen-gegen-nicht-gruenes-denken","category_parent":0},{"term_id":264,"name":"Zwangsma\u00dfnahmen gegen Nicht-SPD-Denken","slug":"zwangsmassnahmen-gegen-nicht-spd-denken","term_group":0,"term_taxonomy_id":264,"taxonomy":"category","description":"","parent":0,"count":152,"filter":"raw","cat_ID":264,"category_count":152,"category_description":"","cat_name":"Zwangsma\u00dfnahmen gegen Nicht-SPD-Denken","category_nicename":"zwangsmassnahmen-gegen-nicht-spd-denken","category_parent":0}],"tags":[],"class_list":["post-4518","post","type-post","status-publish","format-standard","hentry","category-abschiebung","category-altparteien","category-asylbetrug","category-asylbewerber","category-asylpolitik","category-das-4-reich-gruener-praegung","category-der-neue-sozialismus-von-spd-gruenen-linken","category-deutschland-schafft-sich-ab","category-doppelte-staatsangehoerigkeit","category-enteignung-von-pflegebeduerftigen","category-enteignungen","category-fluechtlinge","category-gewalt-und-terror-von-migranten","category-gruene-murks-politik","category-hass-der-gruenen-linken-auf-alles-andersdenkende","category-illusion-von-integration","category-luegen","category-migranten-aus-afrika-gleichgestellt","category-milliarden-deals-unbemerkt","category-multikulti","category-neue-ampelvariante-schwarzrotgruen","category-neuverschuldung","category-scheinheilige","category-schleuserkriminalitaet","category-schwarz-rote-regierung","category-spott-und-haeme","category-von-links-provozierter-rechtsruck","category-zwangsmassnahmen-gegen-nicht-gruenes-denken","category-zwangsmassnahmen-gegen-nicht-spd-denken"],"images":{"thumbnail":false,"medium":false,"medium_large":false,"large":false,"full":false},"_links":{"self":[{"href":"https:\/\/hpaulick.de\/index.php?rest_route=\/wp\/v2\/posts\/4518","targetHints":{"allow":["GET"]}}],"collection":[{"href":"https:\/\/hpaulick.de\/index.php?rest_route=\/wp\/v2\/posts"}],"about":[{"href":"https:\/\/hpaulick.de\/index.php?rest_route=\/wp\/v2\/types\/post"}],"author":[{"embeddable":true,"href":"https:\/\/hpaulick.de\/index.php?rest_route=\/wp\/v2\/users\/1"}],"replies":[{"embeddable":true,"href":"https:\/\/hpaulick.de\/index.php?rest_route=%2Fwp%2Fv2%2Fcomments&post=4518"}],"version-history":[{"count":2,"href":"https:\/\/hpaulick.de\/index.php?rest_route=\/wp\/v2\/posts\/4518\/revisions"}],"predecessor-version":[{"id":4522,"href":"https:\/\/hpaulick.de\/index.php?rest_route=\/wp\/v2\/posts\/4518\/revisions\/4522"}],"wp:attachment":[{"href":"https:\/\/hpaulick.de\/index.php?rest_route=%2Fwp%2Fv2%2Fmedia&parent=4518"}],"wp:term":[{"taxonomy":"category","embeddable":true,"href":"https:\/\/hpaulick.de\/index.php?rest_route=%2Fwp%2Fv2%2Fcategories&post=4518"},{"taxonomy":"post_tag","embeddable":true,"href":"https:\/\/hpaulick.de\/index.php?rest_route=%2Fwp%2Fv2%2Ftags&post=4518"}],"curies":[{"name":"wp","href":"https:\/\/api.w.org\/{rel}","templated":true}]}}