{"id":4524,"date":"2025-08-28T14:47:08","date_gmt":"2025-08-28T14:47:08","guid":{"rendered":"https:\/\/hpaulick.de\/?p=4524"},"modified":"2025-08-28T14:56:18","modified_gmt":"2025-08-28T14:56:18","slug":"fraktionsklausur-in-wuerzburg-bitte-laecheln","status":"publish","type":"post","link":"https:\/\/hpaulick.de\/?p=4524","title":{"rendered":"Fraktionsklausur in W\u00fcrzburg &#8211; Bitte l\u00e4cheln"},"content":{"rendered":"\n<p>Das &#8222;<a href=\"https:\/\/x.com\/hashtag\/Teambuilding?src=hashtag_click\">Teambuilding<\/a>&#8220; in W\u00fcrzburg hat begonnen: Fraktionsf\u00fchrungen von Union &amp; SPD wollen offen \u00fcber Fehler der vergangenen Wochen sprechen.<\/p>\n\n\n\n<p class=\"has-x-large-font-size\"><strong><em>Wer 10-mal L\u00dcGT, dem glaubt man nicht, weil er nie die Wahrheit spricht!<\/em><\/strong><\/p>\n\n\n\n<p>Die Regierungskoalition aus Union und SPD will nach einem verstolperten Start eine neue Etappe beginnen &#8211; zun\u00e4chst mit einer gemeinsamen Klausur der Fraktionsspitzen in W\u00fcrzburg und harmonischen Bildern: Unionsfraktionschef Jens Spahn reckt sein Handy zum Selfie in die H\u00f6he. Breit l\u00e4chelnd an seiner Seite: SPD-Fraktionschef Matthias Miersch und CSU-Landesgruppenchef Alexander Hoffmann.<\/p>\n\n\n\n<figure class=\"wp-block-image size-full is-resized\"><img loading=\"lazy\" decoding=\"async\" width=\"225\" height=\"225\" src=\"https:\/\/hpaulick.de\/wp-content\/uploads\/2025\/08\/image-34.png\" alt=\"\" class=\"wp-image-4527\" style=\"width:518px;height:auto\" srcset=\"https:\/\/hpaulick.de\/wp-content\/uploads\/2025\/08\/image-34.png 225w, https:\/\/hpaulick.de\/wp-content\/uploads\/2025\/08\/image-34-150x150.png 150w\" sizes=\"auto, (max-width: 225px) 100vw, 225px\" \/><\/figure>\n\n\n\n<p>Original-Link:<br><a href=\"https:\/\/www.tagesschau.de\/inland\/wuerzburg-koalition-fraktionsspitzen-100.html\">https:\/\/www.tagesschau.de\/inland\/wuerzburg-koalition-fraktionsspitzen-100.html<\/a><br><br>Kurz-Link:<br><a href=\"https:\/\/x.com\/Matheistos\/status\/1961077926067142871\">https:\/\/x.com\/Matheistos\/status\/1961077926067142871<\/a><\/p>\n\n<div class=\"twitter-share\"><a href=\"https:\/\/twitter.com\/intent\/tweet?via=haraldpaulick\" class=\"twitter-share-button\" data-size=\"large\">Twittern<\/a><\/div>\n","protected":false},"excerpt":{"rendered":"<p>Das &#8222;Teambuilding&#8220; in W\u00fcrzburg hat begonnen: Fraktionsf\u00fchrungen von Union &amp; SPD wollen offen \u00fcber Fehler der vergangenen Wochen sprechen. Wer 10-mal L\u00dcGT, dem glaubt man nicht, weil er nie die Wahrheit spricht! Die Regierungskoalition aus Union und SPD will nach einem verstolperten Start eine neue Etappe beginnen &#8211; zun\u00e4chst mit einer gemeinsamen Klausur der Fraktionsspitzen &hellip; <a href=\"https:\/\/hpaulick.de\/?p=4524\" class=\"more-link\"><span class=\"screen-reader-text\">Fraktionsklausur in W\u00fcrzburg &#8211; Bitte l\u00e4cheln<\/span> weiterlesen<\/a><\/p>\n","protected":false},"author":1,"featured_media":0,"comment_status":"closed","ping_status":"open","sticky":false,"template":"","format":"standard","meta":{"footnotes":""},"categories":[{"term_id":222,"name":"Altparteien","slug":"altparteien","term_group":0,"term_taxonomy_id":222,"taxonomy":"category","description":"","parent":0,"count":140,"filter":"raw","cat_ID":222,"category_count":140,"category_description":"","cat_name":"Altparteien","category_nicename":"altparteien","category_parent":0},{"term_id":214,"name":"Asylbewerber","slug":"asylbewerber","term_group":0,"term_taxonomy_id":214,"taxonomy":"category","description":"","parent":0,"count":88,"filter":"raw","cat_ID":214,"category_count":88,"category_description":"","cat_name":"Asylbewerber","category_nicename":"asylbewerber","category_parent":0},{"term_id":27,"name":"Asylpolitik","slug":"asylpolitik","term_group":0,"term_taxonomy_id":27,"taxonomy":"category","description":"","parent":0,"count":325,"filter":"raw","cat_ID":27,"category_count":325,"category_description":"","cat_name":"Asylpolitik","category_nicename":"asylpolitik","category_parent":0},{"term_id":54,"name":"Bildungslose Politiker","slug":"bildungslose-politiker","term_group":0,"term_taxonomy_id":54,"taxonomy":"category","description":"","parent":0,"count":676,"filter":"raw","cat_ID":54,"category_count":676,"category_description":"","cat_name":"Bildungslose Politiker","category_nicename":"bildungslose-politiker","category_parent":0},{"term_id":104,"name":"CSU","slug":"csu","term_group":0,"term_taxonomy_id":104,"taxonomy":"category","description":"","parent":0,"count":70,"filter":"raw","cat_ID":104,"category_count":70,"category_description":"","cat_name":"CSU","category_nicename":"csu","category_parent":0},{"term_id":132,"name":"Das 4. Reich GR\u00dcNER Pr\u00e4gung","slug":"das-4-reich-gruener-praegung","term_group":0,"term_taxonomy_id":132,"taxonomy":"category","description":"","parent":0,"count":458,"filter":"raw","cat_ID":132,"category_count":458,"category_description":"","cat_name":"Das 4. Reich GR\u00dcNER Pr\u00e4gung","category_nicename":"das-4-reich-gruener-praegung","category_parent":0},{"term_id":202,"name":"Die T\u00e4ter sind unter uns!","slug":"die-taeter-sind-unter-uns","term_group":0,"term_taxonomy_id":202,"taxonomy":"category","description":"","parent":0,"count":316,"filter":"raw","cat_ID":202,"category_count":316,"category_description":"","cat_name":"Die T\u00e4ter sind unter uns!","category_nicename":"die-taeter-sind-unter-uns","category_parent":0},{"term_id":117,"name":"Diktatur","slug":"diktatur","term_group":0,"term_taxonomy_id":117,"taxonomy":"category","description":"","parent":0,"count":391,"filter":"raw","cat_ID":117,"category_count":391,"category_description":"","cat_name":"Diktatur","category_nicename":"diktatur","category_parent":0},{"term_id":33,"name":"Energie-Preis-Bremsen","slug":"energie-preis-bremsen","term_group":0,"term_taxonomy_id":33,"taxonomy":"category","description":"","parent":0,"count":19,"filter":"raw","cat_ID":33,"category_count":19,"category_description":"","cat_name":"Energie-Preis-Bremsen","category_nicename":"energie-preis-bremsen","category_parent":0},{"term_id":158,"name":"Energiewende","slug":"energiewende","term_group":0,"term_taxonomy_id":158,"taxonomy":"category","description":"","parent":0,"count":30,"filter":"raw","cat_ID":158,"category_count":30,"category_description":"","cat_name":"Energiewende","category_nicename":"energiewende","category_parent":0},{"term_id":260,"name":"Fachkr\u00e4ftemangel","slug":"fachkraeftemangel","term_group":0,"term_taxonomy_id":260,"taxonomy":"category","description":"","parent":0,"count":67,"filter":"raw","cat_ID":260,"category_count":67,"category_description":"","cat_name":"Fachkr\u00e4ftemangel","category_nicename":"fachkraeftemangel","category_parent":0},{"term_id":38,"name":"FILZ","slug":"filz","term_group":0,"term_taxonomy_id":38,"taxonomy":"category","description":"","parent":0,"count":48,"filter":"raw","cat_ID":38,"category_count":48,"category_description":"","cat_name":"FILZ","category_nicename":"filz","category_parent":0},{"term_id":65,"name":"Fl\u00fcchtlinge","slug":"fluechtlinge","term_group":0,"term_taxonomy_id":65,"taxonomy":"category","description":"","parent":0,"count":187,"filter":"raw","cat_ID":65,"category_count":187,"category_description":"","cat_name":"Fl\u00fcchtlinge","category_nicename":"fluechtlinge","category_parent":0},{"term_id":167,"name":"Gewalt und Terror von LINKS","slug":"gewalt-und-terror-von-links","term_group":0,"term_taxonomy_id":167,"taxonomy":"category","description":"","parent":0,"count":233,"filter":"raw","cat_ID":167,"category_count":233,"category_description":"","cat_name":"Gewalt und Terror von LINKS","category_nicename":"gewalt-und-terror-von-links","category_parent":0},{"term_id":208,"name":"Gewalt und Terror von Migranten","slug":"gewalt-und-terror-von-migranten","term_group":0,"term_taxonomy_id":208,"taxonomy":"category","description":"","parent":0,"count":155,"filter":"raw","cat_ID":208,"category_count":155,"category_description":"","cat_name":"Gewalt und Terror von Migranten","category_nicename":"gewalt-und-terror-von-migranten","category_parent":0},{"term_id":30,"name":"GR\u00dcNE Murks Politik","slug":"gruene-murks-politik","term_group":0,"term_taxonomy_id":30,"taxonomy":"category","description":"","parent":0,"count":804,"filter":"raw","cat_ID":30,"category_count":804,"category_description":"","cat_name":"GR\u00dcNE Murks Politik","category_nicename":"gruene-murks-politik","category_parent":0},{"term_id":154,"name":"Illusion vom Frieden","slug":"illusion-vom-frieden","term_group":0,"term_taxonomy_id":154,"taxonomy":"category","description":"","parent":0,"count":91,"filter":"raw","cat_ID":154,"category_count":91,"category_description":"","cat_name":"Illusion vom Frieden","category_nicename":"illusion-vom-frieden","category_parent":0},{"term_id":209,"name":"Illusion von Integration","slug":"illusion-von-integration","term_group":0,"term_taxonomy_id":209,"taxonomy":"category","description":"","parent":0,"count":199,"filter":"raw","cat_ID":209,"category_count":199,"category_description":"","cat_name":"Illusion von Integration","category_nicename":"illusion-von-integration","category_parent":0},{"term_id":50,"name":"Linksextremismus","slug":"linksextremismus","term_group":0,"term_taxonomy_id":50,"taxonomy":"category","description":"","parent":0,"count":313,"filter":"raw","cat_ID":50,"category_count":313,"category_description":"","cat_name":"Linksextremismus","category_nicename":"linksextremismus","category_parent":0},{"term_id":112,"name":"Milliarden Deals UNBEMERKT","slug":"milliarden-deals-unbemerkt","term_group":0,"term_taxonomy_id":112,"taxonomy":"category","description":"","parent":0,"count":558,"filter":"raw","cat_ID":112,"category_count":558,"category_description":"","cat_name":"Milliarden Deals UNBEMERKT","category_nicename":"milliarden-deals-unbemerkt","category_parent":0},{"term_id":197,"name":"Politik zur Verantwortung ziehen","slug":"politik-zur-verantwortung-ziehen","term_group":0,"term_taxonomy_id":197,"taxonomy":"category","description":"","parent":0,"count":248,"filter":"raw","cat_ID":197,"category_count":248,"category_description":"","cat_name":"Politik zur Verantwortung ziehen","category_nicename":"politik-zur-verantwortung-ziehen","category_parent":0},{"term_id":221,"name":"Scheinheilige","slug":"scheinheilige","term_group":0,"term_taxonomy_id":221,"taxonomy":"category","description":"","parent":0,"count":195,"filter":"raw","cat_ID":221,"category_count":195,"category_description":"","cat_name":"Scheinheilige","category_nicename":"scheinheilige","category_parent":0},{"term_id":249,"name":"Schwarz Rote Regierung","slug":"schwarz-rote-regierung","term_group":0,"term_taxonomy_id":249,"taxonomy":"category","description":"","parent":0,"count":144,"filter":"raw","cat_ID":249,"category_count":144,"category_description":"","cat_name":"Schwarz Rote Regierung","category_nicename":"schwarz-rote-regierung","category_parent":0},{"term_id":39,"name":"Verbotskoalition","slug":"verbotskoalition","term_group":0,"term_taxonomy_id":39,"taxonomy":"category","description":"","parent":0,"count":248,"filter":"raw","cat_ID":39,"category_count":248,"category_description":"","cat_name":"Verbotskoalition","category_nicename":"verbotskoalition","category_parent":0},{"term_id":175,"name":"VERSAGER","slug":"versager","term_group":0,"term_taxonomy_id":175,"taxonomy":"category","description":"","parent":0,"count":222,"filter":"raw","cat_ID":175,"category_count":222,"category_description":"","cat_name":"VERSAGER","category_nicename":"versager","category_parent":0},{"term_id":119,"name":"Vetternwirtschaft","slug":"vetternwirtschaft","term_group":0,"term_taxonomy_id":119,"taxonomy":"category","description":"","parent":0,"count":491,"filter":"raw","cat_ID":119,"category_count":491,"category_description":"","cat_name":"Vetternwirtschaft","category_nicename":"vetternwirtschaft","category_parent":0},{"term_id":174,"name":"VON LINKS provozierter RECHTSRUCK","slug":"von-links-provozierter-rechtsruck","term_group":0,"term_taxonomy_id":174,"taxonomy":"category","description":"","parent":0,"count":304,"filter":"raw","cat_ID":174,"category_count":304,"category_description":"","cat_name":"VON LINKS provozierter RECHTSRUCK","category_nicename":"von-links-provozierter-rechtsruck","category_parent":0},{"term_id":264,"name":"Zwangsma\u00dfnahmen gegen Nicht-SPD-Denken","slug":"zwangsmassnahmen-gegen-nicht-spd-denken","term_group":0,"term_taxonomy_id":264,"taxonomy":"category","description":"","parent":0,"count":152,"filter":"raw","cat_ID":264,"category_count":152,"category_description":"","cat_name":"Zwangsma\u00dfnahmen gegen Nicht-SPD-Denken","category_nicename":"zwangsmassnahmen-gegen-nicht-spd-denken","category_parent":0}],"tags":[],"class_list":["post-4524","post","type-post","status-publish","format-standard","hentry","category-altparteien","category-asylbewerber","category-asylpolitik","category-bildungslose-politiker","category-csu","category-das-4-reich-gruener-praegung","category-die-taeter-sind-unter-uns","category-diktatur","category-energie-preis-bremsen","category-energiewende","category-fachkraeftemangel","category-filz","category-fluechtlinge","category-gewalt-und-terror-von-links","category-gewalt-und-terror-von-migranten","category-gruene-murks-politik","category-illusion-vom-frieden","category-illusion-von-integration","category-linksextremismus","category-milliarden-deals-unbemerkt","category-politik-zur-verantwortung-ziehen","category-scheinheilige","category-schwarz-rote-regierung","category-verbotskoalition","category-versager","category-vetternwirtschaft","category-von-links-provozierter-rechtsruck","category-zwangsmassnahmen-gegen-nicht-spd-denken"],"images":{"thumbnail":false,"medium":false,"medium_large":false,"large":false,"full":false},"_links":{"self":[{"href":"https:\/\/hpaulick.de\/index.php?rest_route=\/wp\/v2\/posts\/4524","targetHints":{"allow":["GET"]}}],"collection":[{"href":"https:\/\/hpaulick.de\/index.php?rest_route=\/wp\/v2\/posts"}],"about":[{"href":"https:\/\/hpaulick.de\/index.php?rest_route=\/wp\/v2\/types\/post"}],"author":[{"embeddable":true,"href":"https:\/\/hpaulick.de\/index.php?rest_route=\/wp\/v2\/users\/1"}],"replies":[{"embeddable":true,"href":"https:\/\/hpaulick.de\/index.php?rest_route=%2Fwp%2Fv2%2Fcomments&post=4524"}],"version-history":[{"count":3,"href":"https:\/\/hpaulick.de\/index.php?rest_route=\/wp\/v2\/posts\/4524\/revisions"}],"predecessor-version":[{"id":4530,"href":"https:\/\/hpaulick.de\/index.php?rest_route=\/wp\/v2\/posts\/4524\/revisions\/4530"}],"wp:attachment":[{"href":"https:\/\/hpaulick.de\/index.php?rest_route=%2Fwp%2Fv2%2Fmedia&parent=4524"}],"wp:term":[{"taxonomy":"category","embeddable":true,"href":"https:\/\/hpaulick.de\/index.php?rest_route=%2Fwp%2Fv2%2Fcategories&post=4524"},{"taxonomy":"post_tag","embeddable":true,"href":"https:\/\/hpaulick.de\/index.php?rest_route=%2Fwp%2Fv2%2Ftags&post=4524"}],"curies":[{"name":"wp","href":"https:\/\/api.w.org\/{rel}","templated":true}]}}