{"id":4734,"date":"2025-09-27T17:28:05","date_gmt":"2025-09-27T17:28:05","guid":{"rendered":"https:\/\/hpaulick.de\/?p=4734"},"modified":"2025-09-27T17:33:52","modified_gmt":"2025-09-27T17:33:52","slug":"mehr-arbeiten-merz-regierung-plant-grosse-aenderung-das-droht-millionen-angestellten-aber-nicht-beamten","status":"publish","type":"post","link":"https:\/\/hpaulick.de\/?p=4734","title":{"rendered":"\u201eMehr arbeiten\u201c Merz-Regierung plant gro\u00dfe \u00c4nderung \u2013 das droht Millionen Angestellten, aber nicht Beamten!"},"content":{"rendered":"\n<p>\u201eMehr arbeiten\u201c Merz-Regierung plant gro\u00dfe \u00c4nderung \u2013 das droht Millionen Angestellten<br>Das Merz-Paradoxon: <br>Bundesregierung verursacht das Abwandern bzw. den Verlust von hunderttausenden Arbeitspl\u00e4tzen &amp; an den Verblieben will sie RUMDOKTERN!<\/p>\n\n\n\n<figure class=\"wp-block-image size-full\"><img loading=\"lazy\" decoding=\"async\" width=\"768\" height=\"512\" src=\"https:\/\/hpaulick.de\/wp-content\/uploads\/2025\/09\/image-16.png\" alt=\"\" class=\"wp-image-4735\" srcset=\"https:\/\/hpaulick.de\/wp-content\/uploads\/2025\/09\/image-16.png 768w, https:\/\/hpaulick.de\/wp-content\/uploads\/2025\/09\/image-16-300x200.png 300w\" sizes=\"auto, (max-width: 768px) 100vw, 768px\" \/><\/figure>\n\n\n\n<p>Zitat:<br>\u201eIm aktuellen Koalitionsvertrag von CDU\/CSU und SPD plant die neue Bundesregierung [\u2026], die t\u00e4gliche H\u00f6chstarbeitszeit durch eine w\u00f6chentliche zu ersetzen. Dies w\u00fcrde Arbeitstage von \u00fcber zehn Stunden gesetzlich erm\u00f6glichen [\u2026] und soll laut Bundesregierung zu einer besseren Vereinbarkeit von Privat- und Berufsleben f\u00fchren\u201c,\u00a0<a href=\"https:\/\/www.wsi.de\/fpdf\/HBS-009217\/p_wsi_pb_92_2025.pdf\" target=\"_blank\" rel=\"noreferrer noopener\">hei\u00dft<\/a>\u00a0es dazu in einer neuen Studie des gewerkschaftsnahen Wirtschafts- und Sozialwissenschaftlichen Instituts WSI der Hans-B\u00f6ckler-Stiftung. NGO der Bundesregierung!&#8220;<\/p>\n\n\n\n<p class=\"has-large-font-size\">L\u00e4ngere Arbeitstage \u2013 weniger Erholung<\/p>\n\n\n\n<p>Original-LINK:<br><a href=\"https:\/\/www.msn.com\/de-de\/finanzen\/top-stories\/mehr-arbeiten-merz-regierung-plant-gro%C3%9Fe-%C3%A4nderung-das-droht-millionen-angestellten\/ar-AA1MNlmA?ocid=hpmsn&amp;cvid=68d81678182549ef9237c1fae019514e&amp;ei=103\">https:\/\/www.msn.com\/de-de\/finanzen\/top-stories\/mehr-arbeiten-merz-regierung-plant-gro%C3%9Fe-%C3%A4nderung-das-droht-millionen-angestellten\/ar-AA1MNlmA?ocid=hpmsn&amp;cvid=68d81678182549ef9237c1fae019514e&amp;ei=103<\/a><\/p>\n\n\n\n<p>Kurz-Link:<br><a href=\"https:\/\/x.com\/Matheistos\/status\/1971989023624515753\">https:\/\/x.com\/Matheistos\/status\/1971989023624515753<\/a><\/p>\n\n<div class=\"twitter-share\"><a href=\"https:\/\/twitter.com\/intent\/tweet?via=haraldpaulick\" class=\"twitter-share-button\" data-size=\"large\">Twittern<\/a><\/div>\n","protected":false},"excerpt":{"rendered":"<p>\u201eMehr arbeiten\u201c Merz-Regierung plant gro\u00dfe \u00c4nderung \u2013 das droht Millionen AngestelltenDas Merz-Paradoxon: Bundesregierung verursacht das Abwandern bzw. den Verlust von hunderttausenden Arbeitspl\u00e4tzen &amp; an den Verblieben will sie RUMDOKTERN! Zitat:\u201eIm aktuellen Koalitionsvertrag von CDU\/CSU und SPD plant die neue Bundesregierung [\u2026], die t\u00e4gliche H\u00f6chstarbeitszeit durch eine w\u00f6chentliche zu ersetzen. Dies w\u00fcrde Arbeitstage von \u00fcber zehn &hellip; <a href=\"https:\/\/hpaulick.de\/?p=4734\" class=\"more-link\"><span class=\"screen-reader-text\">\u201eMehr arbeiten\u201c Merz-Regierung plant gro\u00dfe \u00c4nderung \u2013 das droht Millionen Angestellten, aber nicht Beamten!<\/span> weiterlesen<\/a><\/p>\n","protected":false},"author":1,"featured_media":0,"comment_status":"closed","ping_status":"open","sticky":false,"template":"","format":"standard","meta":{"footnotes":""},"categories":[{"term_id":266,"name":"Altersarmut","slug":"altersarmut","term_group":0,"term_taxonomy_id":266,"taxonomy":"category","description":"","parent":0,"count":35,"filter":"raw","cat_ID":266,"category_count":35,"category_description":"","cat_name":"Altersarmut","category_nicename":"altersarmut","category_parent":0},{"term_id":222,"name":"Altparteien","slug":"altparteien","term_group":0,"term_taxonomy_id":222,"taxonomy":"category","description":"","parent":0,"count":140,"filter":"raw","cat_ID":222,"category_count":140,"category_description":"","cat_name":"Altparteien","category_nicename":"altparteien","category_parent":0},{"term_id":130,"name":"Bestechlichkeit","slug":"bestechlichkeit","term_group":0,"term_taxonomy_id":130,"taxonomy":"category","description":"","parent":0,"count":245,"filter":"raw","cat_ID":130,"category_count":245,"category_description":"","cat_name":"Bestechlichkeit","category_nicename":"bestechlichkeit","category_parent":0},{"term_id":171,"name":"Den DEUTSCHEN geht es viel zu gut","slug":"den-deutschen-geht-es-viel-zu-gut","term_group":0,"term_taxonomy_id":171,"taxonomy":"category","description":"","parent":0,"count":218,"filter":"raw","cat_ID":171,"category_count":218,"category_description":"","cat_name":"Den DEUTSCHEN geht es viel zu gut","category_nicename":"den-deutschen-geht-es-viel-zu-gut","category_parent":0},{"term_id":202,"name":"Die T\u00e4ter sind unter uns!","slug":"die-taeter-sind-unter-uns","term_group":0,"term_taxonomy_id":202,"taxonomy":"category","description":"","parent":0,"count":316,"filter":"raw","cat_ID":202,"category_count":316,"category_description":"","cat_name":"Die T\u00e4ter sind unter uns!","category_nicename":"die-taeter-sind-unter-uns","category_parent":0},{"term_id":117,"name":"Diktatur","slug":"diktatur","term_group":0,"term_taxonomy_id":117,"taxonomy":"category","description":"","parent":0,"count":391,"filter":"raw","cat_ID":117,"category_count":391,"category_description":"","cat_name":"Diktatur","category_nicename":"diktatur","category_parent":0},{"term_id":267,"name":"Enteignung von Pflegebed\u00fcrftigen","slug":"enteignung-von-pflegebeduerftigen","term_group":0,"term_taxonomy_id":267,"taxonomy":"category","description":"","parent":0,"count":39,"filter":"raw","cat_ID":267,"category_count":39,"category_description":"","cat_name":"Enteignung von Pflegebed\u00fcrftigen","category_nicename":"enteignung-von-pflegebeduerftigen","category_parent":0},{"term_id":167,"name":"Gewalt und Terror von LINKS","slug":"gewalt-und-terror-von-links","term_group":0,"term_taxonomy_id":167,"taxonomy":"category","description":"","parent":0,"count":233,"filter":"raw","cat_ID":167,"category_count":233,"category_description":"","cat_name":"Gewalt und Terror von LINKS","category_nicename":"gewalt-und-terror-von-links","category_parent":0},{"term_id":208,"name":"Gewalt und Terror von Migranten","slug":"gewalt-und-terror-von-migranten","term_group":0,"term_taxonomy_id":208,"taxonomy":"category","description":"","parent":0,"count":155,"filter":"raw","cat_ID":208,"category_count":155,"category_description":"","cat_name":"Gewalt und Terror von Migranten","category_nicename":"gewalt-und-terror-von-migranten","category_parent":0},{"term_id":209,"name":"Illusion von Integration","slug":"illusion-von-integration","term_group":0,"term_taxonomy_id":209,"taxonomy":"category","description":"","parent":0,"count":199,"filter":"raw","cat_ID":209,"category_count":199,"category_description":"","cat_name":"Illusion von Integration","category_nicename":"illusion-von-integration","category_parent":0},{"term_id":131,"name":"Informationen","slug":"informationen","term_group":0,"term_taxonomy_id":131,"taxonomy":"category","description":"","parent":0,"count":158,"filter":"raw","cat_ID":131,"category_count":158,"category_description":"","cat_name":"Informationen","category_nicename":"informationen","category_parent":0},{"term_id":47,"name":"Kommunikation","slug":"kommunikation","term_group":0,"term_taxonomy_id":47,"taxonomy":"category","description":"","parent":0,"count":32,"filter":"raw","cat_ID":47,"category_count":32,"category_description":"","cat_name":"Kommunikation","category_nicename":"kommunikation","category_parent":0},{"term_id":161,"name":"Migranten aus Afrika gleichgestellt","slug":"migranten-aus-afrika-gleichgestellt","term_group":0,"term_taxonomy_id":161,"taxonomy":"category","description":"","parent":0,"count":239,"filter":"raw","cat_ID":161,"category_count":239,"category_description":"","cat_name":"Migranten aus Afrika gleichgestellt","category_nicename":"migranten-aus-afrika-gleichgestellt","category_parent":0},{"term_id":112,"name":"Milliarden Deals UNBEMERKT","slug":"milliarden-deals-unbemerkt","term_group":0,"term_taxonomy_id":112,"taxonomy":"category","description":"","parent":0,"count":558,"filter":"raw","cat_ID":112,"category_count":558,"category_description":"","cat_name":"Milliarden Deals UNBEMERKT","category_nicename":"milliarden-deals-unbemerkt","category_parent":0},{"term_id":96,"name":"Pleitewelle","slug":"pleitewelle","term_group":0,"term_taxonomy_id":96,"taxonomy":"category","description":"","parent":0,"count":54,"filter":"raw","cat_ID":96,"category_count":54,"category_description":"","cat_name":"Pleitewelle","category_nicename":"pleitewelle","category_parent":0},{"term_id":221,"name":"Scheinheilige","slug":"scheinheilige","term_group":0,"term_taxonomy_id":221,"taxonomy":"category","description":"","parent":0,"count":195,"filter":"raw","cat_ID":221,"category_count":195,"category_description":"","cat_name":"Scheinheilige","category_nicename":"scheinheilige","category_parent":0},{"term_id":240,"name":"Union (CDU+CSU)","slug":"union-cducsu","term_group":0,"term_taxonomy_id":240,"taxonomy":"category","description":"","parent":0,"count":31,"filter":"raw","cat_ID":240,"category_count":31,"category_description":"","cat_name":"Union (CDU+CSU)","category_nicename":"union-cducsu","category_parent":0},{"term_id":264,"name":"Zwangsma\u00dfnahmen gegen Nicht-SPD-Denken","slug":"zwangsmassnahmen-gegen-nicht-spd-denken","term_group":0,"term_taxonomy_id":264,"taxonomy":"category","description":"","parent":0,"count":152,"filter":"raw","cat_ID":264,"category_count":152,"category_description":"","cat_name":"Zwangsma\u00dfnahmen gegen Nicht-SPD-Denken","category_nicename":"zwangsmassnahmen-gegen-nicht-spd-denken","category_parent":0}],"tags":[],"class_list":["post-4734","post","type-post","status-publish","format-standard","hentry","category-altersarmut","category-altparteien","category-bestechlichkeit","category-den-deutschen-geht-es-viel-zu-gut","category-die-taeter-sind-unter-uns","category-diktatur","category-enteignung-von-pflegebeduerftigen","category-gewalt-und-terror-von-links","category-gewalt-und-terror-von-migranten","category-illusion-von-integration","category-informationen","category-kommunikation","category-migranten-aus-afrika-gleichgestellt","category-milliarden-deals-unbemerkt","category-pleitewelle","category-scheinheilige","category-union-cducsu","category-zwangsmassnahmen-gegen-nicht-spd-denken"],"images":{"thumbnail":false,"medium":false,"medium_large":false,"large":false,"full":false},"_links":{"self":[{"href":"https:\/\/hpaulick.de\/index.php?rest_route=\/wp\/v2\/posts\/4734","targetHints":{"allow":["GET"]}}],"collection":[{"href":"https:\/\/hpaulick.de\/index.php?rest_route=\/wp\/v2\/posts"}],"about":[{"href":"https:\/\/hpaulick.de\/index.php?rest_route=\/wp\/v2\/types\/post"}],"author":[{"embeddable":true,"href":"https:\/\/hpaulick.de\/index.php?rest_route=\/wp\/v2\/users\/1"}],"replies":[{"embeddable":true,"href":"https:\/\/hpaulick.de\/index.php?rest_route=%2Fwp%2Fv2%2Fcomments&post=4734"}],"version-history":[{"count":4,"href":"https:\/\/hpaulick.de\/index.php?rest_route=\/wp\/v2\/posts\/4734\/revisions"}],"predecessor-version":[{"id":4740,"href":"https:\/\/hpaulick.de\/index.php?rest_route=\/wp\/v2\/posts\/4734\/revisions\/4740"}],"wp:attachment":[{"href":"https:\/\/hpaulick.de\/index.php?rest_route=%2Fwp%2Fv2%2Fmedia&parent=4734"}],"wp:term":[{"taxonomy":"category","embeddable":true,"href":"https:\/\/hpaulick.de\/index.php?rest_route=%2Fwp%2Fv2%2Fcategories&post=4734"},{"taxonomy":"post_tag","embeddable":true,"href":"https:\/\/hpaulick.de\/index.php?rest_route=%2Fwp%2Fv2%2Ftags&post=4734"}],"curies":[{"name":"wp","href":"https:\/\/api.w.org\/{rel}","templated":true}]}}