{"id":4745,"date":"2025-09-28T09:22:44","date_gmt":"2025-09-28T09:22:44","guid":{"rendered":"https:\/\/hpaulick.de\/?p=4745"},"modified":"2025-09-29T10:20:17","modified_gmt":"2025-09-29T10:20:17","slug":"eines-der-opfer-ist-ein-kind-ehrenmord-messerangriff-auf-drei-menschen-polizei-meldet-fahndungserfolg","status":"publish","type":"post","link":"https:\/\/hpaulick.de\/?p=4745","title":{"rendered":"Eines der Opfer ist ein Kind &#8211; Ehrenmord? &#8211; Messerangriff auf drei Menschen \u2013 Polizei meldet Fahndungserfolg"},"content":{"rendered":"\n<figure class=\"wp-block-embed is-type-rich is-provider-twitter wp-block-embed-twitter\"><div class=\"wp-block-embed__wrapper\">\n<div class=\"twitter-tweet\"><blockquote class=\"twitter-tweet\" data-lang=\"de\"><p lang=\"de\" dir=\"ltr\">Eines der Opfer ist ein Kind &#8211; Ehrenmord?<br>Messerangriff auf drei Menschen \u2013 Polizei meldet Fahndungserfolg<br>Die <a href=\"https:\/\/twitter.com\/hashtag\/Strafttaten?src=hash&amp;ref_src=twsrc%5Etfw\">#Strafttaten<\/a> von <a href=\"https:\/\/twitter.com\/hashtag\/Muslimische?src=hash&amp;ref_src=twsrc%5Etfw\">#Muslimische<\/a> <a href=\"https:\/\/twitter.com\/hashtag\/G%C3%84STEN?src=hash&amp;ref_src=twsrc%5Etfw\">#G\u00c4STEN<\/a> in unserem Land steigen jedes Jahr um 15% und die REGIERUNG bek\u00e4mpft die PARTEI, die das stoppen will.<br>H.P.<a href=\"https:\/\/t.co\/fwdHtwRQU4\">https:\/\/t.co\/fwdHtwRQU4<\/a><\/p>&mdash; ewpd.de &#8211; Vereinigte Staaten von EUROPA &#8211; JETZT ! (@ewpd_de) <a href=\"https:\/\/twitter.com\/ewpd_de\/status\/1972230330586399191?ref_src=twsrc%5Etfw\">28. September 2025<\/a><\/blockquote><\/div>\n<\/div><\/figure>\n\n\n\n<p>UM den ISLAMISMUS zu huldigen, f\u00fchrt Schleswig-Holstein jetzt zwei neue Feiertage nur f\u00fcr Muslime ein. Die brauchen dann auch nicht arbeiten. Die doofen DEUTSCHEN machen das dann f\u00fcr sie!<br><a href=\"https:\/\/www.welt.de\/politik\/deutschland\/article68d633bb0356251aa91fb30d\/Schleswig-Holstein-Vertrag-erlaubt-Muslimen-die-Freistellung-an-zwei-islamischen-Feiertagen.html\">https:\/\/www.welt.de\/politik\/deutschland\/article68d633bb0356251aa91fb30d\/Schleswig-Holstein-Vertrag-erlaubt-Muslimen-die-Freistellung-an-zwei-islamischen-Feiertagen.html<\/a><\/p>\n\n\n\n<p>WIR LEBEN NICHT MEHR IN DEUTSCHLAND!<\/p>\n\n<div class=\"twitter-share\"><a href=\"https:\/\/twitter.com\/intent\/tweet?via=haraldpaulick\" class=\"twitter-share-button\" data-size=\"large\">Twittern<\/a><\/div>\n","protected":false},"excerpt":{"rendered":"<p>UM den ISLAMISMUS zu huldigen, f\u00fchrt Schleswig-Holstein jetzt zwei neue Feiertage nur f\u00fcr Muslime ein. Die brauchen dann auch nicht arbeiten. Die doofen DEUTSCHEN machen das dann f\u00fcr sie!https:\/\/www.welt.de\/politik\/deutschland\/article68d633bb0356251aa91fb30d\/Schleswig-Holstein-Vertrag-erlaubt-Muslimen-die-Freistellung-an-zwei-islamischen-Feiertagen.html WIR LEBEN NICHT MEHR IN DEUTSCHLAND!<\/p>\n","protected":false},"author":1,"featured_media":0,"comment_status":"closed","ping_status":"open","sticky":false,"template":"","format":"standard","meta":{"footnotes":""},"categories":[{"term_id":122,"name":"Abschiebung","slug":"abschiebung","term_group":0,"term_taxonomy_id":122,"taxonomy":"category","description":"","parent":0,"count":121,"filter":"raw","cat_ID":122,"category_count":121,"category_description":"","cat_name":"Abschiebung","category_nicename":"abschiebung","category_parent":0},{"term_id":226,"name":"Asylbetrug","slug":"asylbetrug","term_group":0,"term_taxonomy_id":226,"taxonomy":"category","description":"","parent":0,"count":98,"filter":"raw","cat_ID":226,"category_count":98,"category_description":"","cat_name":"Asylbetrug","category_nicename":"asylbetrug","category_parent":0},{"term_id":214,"name":"Asylbewerber","slug":"asylbewerber","term_group":0,"term_taxonomy_id":214,"taxonomy":"category","description":"","parent":0,"count":89,"filter":"raw","cat_ID":214,"category_count":89,"category_description":"","cat_name":"Asylbewerber","category_nicename":"asylbewerber","category_parent":0},{"term_id":27,"name":"Asylpolitik","slug":"asylpolitik","term_group":0,"term_taxonomy_id":27,"taxonomy":"category","description":"","parent":0,"count":326,"filter":"raw","cat_ID":27,"category_count":326,"category_description":"","cat_name":"Asylpolitik","category_nicename":"asylpolitik","category_parent":0},{"term_id":265,"name":"Der NEUE SOZIALISMUS von SPD, Gr\u00fcnen &amp; LINKEN","slug":"der-neue-sozialismus-von-spd-gruenen-linken","term_group":0,"term_taxonomy_id":265,"taxonomy":"category","description":"","parent":0,"count":181,"filter":"raw","cat_ID":265,"category_count":181,"category_description":"","cat_name":"Der NEUE SOZIALISMUS von SPD, Gr\u00fcnen &amp; LINKEN","category_nicename":"der-neue-sozialismus-von-spd-gruenen-linken","category_parent":0},{"term_id":49,"name":"Deutschland schafft sich ab","slug":"deutschland-schafft-sich-ab","term_group":0,"term_taxonomy_id":49,"taxonomy":"category","description":"","parent":0,"count":663,"filter":"raw","cat_ID":49,"category_count":663,"category_description":"","cat_name":"Deutschland schafft sich ab","category_nicename":"deutschland-schafft-sich-ab","category_parent":0},{"term_id":167,"name":"Gewalt und Terror von LINKS","slug":"gewalt-und-terror-von-links","term_group":0,"term_taxonomy_id":167,"taxonomy":"category","description":"","parent":0,"count":234,"filter":"raw","cat_ID":167,"category_count":234,"category_description":"","cat_name":"Gewalt und Terror von LINKS","category_nicename":"gewalt-und-terror-von-links","category_parent":0},{"term_id":208,"name":"Gewalt und Terror von Migranten","slug":"gewalt-und-terror-von-migranten","term_group":0,"term_taxonomy_id":208,"taxonomy":"category","description":"","parent":0,"count":156,"filter":"raw","cat_ID":208,"category_count":156,"category_description":"","cat_name":"Gewalt und Terror von Migranten","category_nicename":"gewalt-und-terror-von-migranten","category_parent":0},{"term_id":170,"name":"Hass der GR\u00dcNEN LINKEN auf alles ANDERSDENKENDE","slug":"hass-der-gruenen-linken-auf-alles-andersdenkende","term_group":0,"term_taxonomy_id":170,"taxonomy":"category","description":"","parent":0,"count":256,"filter":"raw","cat_ID":170,"category_count":256,"category_description":"","cat_name":"Hass der GR\u00dcNEN LINKEN auf alles ANDERSDENKENDE","category_nicename":"hass-der-gruenen-linken-auf-alles-andersdenkende","category_parent":0},{"term_id":209,"name":"Illusion von Integration","slug":"illusion-von-integration","term_group":0,"term_taxonomy_id":209,"taxonomy":"category","description":"","parent":0,"count":200,"filter":"raw","cat_ID":209,"category_count":200,"category_description":"","cat_name":"Illusion von Integration","category_nicename":"illusion-von-integration","category_parent":0},{"term_id":247,"name":"Kriminelle","slug":"kriminelle-2","term_group":0,"term_taxonomy_id":247,"taxonomy":"category","description":"","parent":0,"count":48,"filter":"raw","cat_ID":247,"category_count":48,"category_description":"","cat_name":"Kriminelle","category_nicename":"kriminelle-2","category_parent":0},{"term_id":161,"name":"Migranten aus Afrika gleichgestellt","slug":"migranten-aus-afrika-gleichgestellt","term_group":0,"term_taxonomy_id":161,"taxonomy":"category","description":"","parent":0,"count":240,"filter":"raw","cat_ID":161,"category_count":240,"category_description":"","cat_name":"Migranten aus Afrika gleichgestellt","category_nicename":"migranten-aus-afrika-gleichgestellt","category_parent":0},{"term_id":64,"name":"Migrationspolitik","slug":"migrationspolitik","term_group":0,"term_taxonomy_id":64,"taxonomy":"category","description":"","parent":0,"count":398,"filter":"raw","cat_ID":64,"category_count":398,"category_description":"","cat_name":"Migrationspolitik","category_nicename":"migrationspolitik","category_parent":0},{"term_id":112,"name":"Milliarden Deals UNBEMERKT","slug":"milliarden-deals-unbemerkt","term_group":0,"term_taxonomy_id":112,"taxonomy":"category","description":"","parent":0,"count":559,"filter":"raw","cat_ID":112,"category_count":559,"category_description":"","cat_name":"Milliarden Deals UNBEMERKT","category_nicename":"milliarden-deals-unbemerkt","category_parent":0},{"term_id":141,"name":"NEUE AMPELVARIANTE Schwarz+Rot+Gr\u00fcn","slug":"neue-ampelvariante-schwarzrotgruen","term_group":0,"term_taxonomy_id":141,"taxonomy":"category","description":"","parent":0,"count":153,"filter":"raw","cat_ID":141,"category_count":153,"category_description":"","cat_name":"NEUE AMPELVARIANTE Schwarz+Rot+Gr\u00fcn","category_nicename":"neue-ampelvariante-schwarzrotgruen","category_parent":0},{"term_id":109,"name":"Politik","slug":"politik","term_group":0,"term_taxonomy_id":109,"taxonomy":"category","description":"","parent":0,"count":58,"filter":"raw","cat_ID":109,"category_count":58,"category_description":"","cat_name":"Politik","category_nicename":"politik","category_parent":0},{"term_id":197,"name":"Politik zur Verantwortung ziehen","slug":"politik-zur-verantwortung-ziehen","term_group":0,"term_taxonomy_id":197,"taxonomy":"category","description":"","parent":0,"count":249,"filter":"raw","cat_ID":197,"category_count":249,"category_description":"","cat_name":"Politik zur Verantwortung ziehen","category_nicename":"politik-zur-verantwortung-ziehen","category_parent":0},{"term_id":249,"name":"Schwarz Rote Regierung","slug":"schwarz-rote-regierung","term_group":0,"term_taxonomy_id":249,"taxonomy":"category","description":"","parent":0,"count":145,"filter":"raw","cat_ID":249,"category_count":145,"category_description":"","cat_name":"Schwarz Rote Regierung","category_nicename":"schwarz-rote-regierung","category_parent":0},{"term_id":174,"name":"VON LINKS provozierter RECHTSRUCK","slug":"von-links-provozierter-rechtsruck","term_group":0,"term_taxonomy_id":174,"taxonomy":"category","description":"","parent":0,"count":305,"filter":"raw","cat_ID":174,"category_count":305,"category_description":"","cat_name":"VON LINKS provozierter RECHTSRUCK","category_nicename":"von-links-provozierter-rechtsruck","category_parent":0},{"term_id":190,"name":"Zwangsma\u00dfnahmen gegen nicht-gr\u00fcnes-Denken","slug":"zwangsmassnahmen-gegen-nicht-gruenes-denken","term_group":0,"term_taxonomy_id":190,"taxonomy":"category","description":"","parent":0,"count":246,"filter":"raw","cat_ID":190,"category_count":246,"category_description":"","cat_name":"Zwangsma\u00dfnahmen gegen nicht-gr\u00fcnes-Denken","category_nicename":"zwangsmassnahmen-gegen-nicht-gruenes-denken","category_parent":0},{"term_id":264,"name":"Zwangsma\u00dfnahmen gegen Nicht-SPD-Denken","slug":"zwangsmassnahmen-gegen-nicht-spd-denken","term_group":0,"term_taxonomy_id":264,"taxonomy":"category","description":"","parent":0,"count":152,"filter":"raw","cat_ID":264,"category_count":152,"category_description":"","cat_name":"Zwangsma\u00dfnahmen gegen Nicht-SPD-Denken","category_nicename":"zwangsmassnahmen-gegen-nicht-spd-denken","category_parent":0}],"tags":[],"class_list":["post-4745","post","type-post","status-publish","format-standard","hentry","category-abschiebung","category-asylbetrug","category-asylbewerber","category-asylpolitik","category-der-neue-sozialismus-von-spd-gruenen-linken","category-deutschland-schafft-sich-ab","category-gewalt-und-terror-von-links","category-gewalt-und-terror-von-migranten","category-hass-der-gruenen-linken-auf-alles-andersdenkende","category-illusion-von-integration","category-kriminelle-2","category-migranten-aus-afrika-gleichgestellt","category-migrationspolitik","category-milliarden-deals-unbemerkt","category-neue-ampelvariante-schwarzrotgruen","category-politik","category-politik-zur-verantwortung-ziehen","category-schwarz-rote-regierung","category-von-links-provozierter-rechtsruck","category-zwangsmassnahmen-gegen-nicht-gruenes-denken","category-zwangsmassnahmen-gegen-nicht-spd-denken"],"images":{"thumbnail":false,"medium":false,"medium_large":false,"large":false,"full":false},"_links":{"self":[{"href":"https:\/\/hpaulick.de\/index.php?rest_route=\/wp\/v2\/posts\/4745","targetHints":{"allow":["GET"]}}],"collection":[{"href":"https:\/\/hpaulick.de\/index.php?rest_route=\/wp\/v2\/posts"}],"about":[{"href":"https:\/\/hpaulick.de\/index.php?rest_route=\/wp\/v2\/types\/post"}],"author":[{"embeddable":true,"href":"https:\/\/hpaulick.de\/index.php?rest_route=\/wp\/v2\/users\/1"}],"replies":[{"embeddable":true,"href":"https:\/\/hpaulick.de\/index.php?rest_route=%2Fwp%2Fv2%2Fcomments&post=4745"}],"version-history":[{"count":2,"href":"https:\/\/hpaulick.de\/index.php?rest_route=\/wp\/v2\/posts\/4745\/revisions"}],"predecessor-version":[{"id":4748,"href":"https:\/\/hpaulick.de\/index.php?rest_route=\/wp\/v2\/posts\/4745\/revisions\/4748"}],"wp:attachment":[{"href":"https:\/\/hpaulick.de\/index.php?rest_route=%2Fwp%2Fv2%2Fmedia&parent=4745"}],"wp:term":[{"taxonomy":"category","embeddable":true,"href":"https:\/\/hpaulick.de\/index.php?rest_route=%2Fwp%2Fv2%2Fcategories&post=4745"},{"taxonomy":"post_tag","embeddable":true,"href":"https:\/\/hpaulick.de\/index.php?rest_route=%2Fwp%2Fv2%2Ftags&post=4745"}],"curies":[{"name":"wp","href":"https:\/\/api.w.org\/{rel}","templated":true}]}}