{"id":4785,"date":"2025-10-08T12:13:11","date_gmt":"2025-10-08T12:13:11","guid":{"rendered":"https:\/\/hpaulick.de\/?p=4785"},"modified":"2025-10-08T12:23:05","modified_gmt":"2025-10-08T12:23:05","slug":"erst-war-es-das-fruehjahr-der-reformen-dann-der-sommer-der-reformen","status":"publish","type":"post","link":"https:\/\/hpaulick.de\/?p=4785","title":{"rendered":"Erst war es das Fr\u00fchjahr der Reformen, dann der Sommer der Reformen. Jetzt der Herbst der Reformen und im Winter wird Pause gemacht!"},"content":{"rendered":"\n<p>Erst war es das Fr\u00fchjahr der <a href=\"https:\/\/x.com\/hashtag\/Reformen?src=hashtag_click\">#Reformen<\/a>, dann der Sommer der Reformen. Ist der &#8222;Herbst der Reformen&#8220; nicht das n\u00e4chste <a href=\"https:\/\/x.com\/hashtag\/Versprechen?src=hashtag_click\">#Versprechen<\/a> der <a href=\"https:\/\/x.com\/hashtag\/Bundesregierung?src=hashtag_click\">#Bundesregierung<\/a>, das sich so nicht halten l\u00e4sst? Denn im Winter reformiert man nicht, da ist es zu kalt. Harald Paulick<\/p>\n\n\n\n<p>Wenn die die Ampel die Regierung des Streites war, dann ist die Merz-Regierung die Ank\u00fcndigungsregiereng bei der nichts den ANK\u00dcNDIGUNGEN folgt!<\/p>\n\n\n\n<p><strong>Herr Klingbeil, sie haben neulich gesagt, der &#8222;Status quo ist der Gegner&#8220;. Geht man die einzelnen Politikfelder durch, agiert eher die Union als Antreiberin, die SPD hingegen wirkt oft getrieben.<\/strong><\/p>\n\n\n\n<figure class=\"wp-block-image size-full\"><img loading=\"lazy\" decoding=\"async\" width=\"550\" height=\"309\" src=\"https:\/\/hpaulick.de\/wp-content\/uploads\/2025\/10\/image-1.png\" alt=\"\" class=\"wp-image-4788\" srcset=\"https:\/\/hpaulick.de\/wp-content\/uploads\/2025\/10\/image-1.png 550w, https:\/\/hpaulick.de\/wp-content\/uploads\/2025\/10\/image-1-300x169.png 300w\" sizes=\"auto, (max-width: 550px) 100vw, 550px\" \/><\/figure>\n\n\n\n<p>Die Ank\u00fcndigungs-Regiergung von SPD und Junior-Partner CDU\/CSU:<\/p>\n\n\n\n<figure class=\"wp-block-image size-full\"><img loading=\"lazy\" decoding=\"async\" width=\"550\" height=\"309\" src=\"https:\/\/hpaulick.de\/wp-content\/uploads\/2025\/10\/image-2.png\" alt=\"\" class=\"wp-image-4789\" srcset=\"https:\/\/hpaulick.de\/wp-content\/uploads\/2025\/10\/image-2.png 550w, https:\/\/hpaulick.de\/wp-content\/uploads\/2025\/10\/image-2-300x169.png 300w\" sizes=\"auto, (max-width: 550px) 100vw, 550px\" \/><\/figure>\n\n\n\n<p>Der Original-Link:<br><a href=\"https:\/\/www.t-online.de\/nachrichten\/deutschland\/parteien\/id_100945220\/finanzminister-lars-klingbeil-wie-kommt-deutschland-aus-der-krise-.html\">https:\/\/www.t-online.de\/nachrichten\/deutschland\/parteien\/id_100945220\/finanzminister-lars-klingbeil-wie-kommt-deutschland-aus-der-krise-.html<\/a><\/p>\n\n\n\n<p>Der Kurz-Link:<br><a href=\"https:\/\/x.com\/Scheinheilig16\/status\/1975897091026362772\">https:\/\/x.com\/Scheinheilig16\/status\/1975897091026362772<\/a><\/p>\n\n<div class=\"twitter-share\"><a href=\"https:\/\/twitter.com\/intent\/tweet?via=haraldpaulick\" class=\"twitter-share-button\" data-size=\"large\">Twittern<\/a><\/div>\n","protected":false},"excerpt":{"rendered":"<p>Erst war es das Fr\u00fchjahr der #Reformen, dann der Sommer der Reformen. Ist der &#8222;Herbst der Reformen&#8220; nicht das n\u00e4chste #Versprechen der #Bundesregierung, das sich so nicht halten l\u00e4sst? Denn im Winter reformiert man nicht, da ist es zu kalt. Harald Paulick Wenn die die Ampel die Regierung des Streites war, dann ist die Merz-Regierung &hellip; <a href=\"https:\/\/hpaulick.de\/?p=4785\" class=\"more-link\"><span class=\"screen-reader-text\">Erst war es das Fr\u00fchjahr der Reformen, dann der Sommer der Reformen. Jetzt der Herbst der Reformen und im Winter wird Pause gemacht!<\/span> weiterlesen<\/a><\/p>\n","protected":false},"author":1,"featured_media":0,"comment_status":"closed","ping_status":"open","sticky":false,"template":"","format":"standard","meta":{"footnotes":""},"categories":[{"term_id":222,"name":"Altparteien","slug":"altparteien","term_group":0,"term_taxonomy_id":222,"taxonomy":"category","description":"","parent":0,"count":140,"filter":"raw","cat_ID":222,"category_count":140,"category_description":"","cat_name":"Altparteien","category_nicename":"altparteien","category_parent":0},{"term_id":54,"name":"Bildungslose Politiker","slug":"bildungslose-politiker","term_group":0,"term_taxonomy_id":54,"taxonomy":"category","description":"","parent":0,"count":676,"filter":"raw","cat_ID":54,"category_count":676,"category_description":"","cat_name":"Bildungslose Politiker","category_nicename":"bildungslose-politiker","category_parent":0},{"term_id":171,"name":"Den DEUTSCHEN geht es viel zu gut","slug":"den-deutschen-geht-es-viel-zu-gut","term_group":0,"term_taxonomy_id":171,"taxonomy":"category","description":"","parent":0,"count":219,"filter":"raw","cat_ID":171,"category_count":219,"category_description":"","cat_name":"Den DEUTSCHEN geht es viel zu gut","category_nicename":"den-deutschen-geht-es-viel-zu-gut","category_parent":0},{"term_id":49,"name":"Deutschland schafft sich ab","slug":"deutschland-schafft-sich-ab","term_group":0,"term_taxonomy_id":49,"taxonomy":"category","description":"","parent":0,"count":663,"filter":"raw","cat_ID":49,"category_count":663,"category_description":"","cat_name":"Deutschland schafft sich ab","category_nicename":"deutschland-schafft-sich-ab","category_parent":0},{"term_id":202,"name":"Die T\u00e4ter sind unter uns!","slug":"die-taeter-sind-unter-uns","term_group":0,"term_taxonomy_id":202,"taxonomy":"category","description":"","parent":0,"count":316,"filter":"raw","cat_ID":202,"category_count":316,"category_description":"","cat_name":"Die T\u00e4ter sind unter uns!","category_nicename":"die-taeter-sind-unter-uns","category_parent":0},{"term_id":117,"name":"Diktatur","slug":"diktatur","term_group":0,"term_taxonomy_id":117,"taxonomy":"category","description":"","parent":0,"count":391,"filter":"raw","cat_ID":117,"category_count":391,"category_description":"","cat_name":"Diktatur","category_nicename":"diktatur","category_parent":0},{"term_id":167,"name":"Gewalt und Terror von LINKS","slug":"gewalt-und-terror-von-links","term_group":0,"term_taxonomy_id":167,"taxonomy":"category","description":"","parent":0,"count":234,"filter":"raw","cat_ID":167,"category_count":234,"category_description":"","cat_name":"Gewalt und Terror von LINKS","category_nicename":"gewalt-und-terror-von-links","category_parent":0},{"term_id":208,"name":"Gewalt und Terror von Migranten","slug":"gewalt-und-terror-von-migranten","term_group":0,"term_taxonomy_id":208,"taxonomy":"category","description":"","parent":0,"count":156,"filter":"raw","cat_ID":208,"category_count":156,"category_description":"","cat_name":"Gewalt und Terror von Migranten","category_nicename":"gewalt-und-terror-von-migranten","category_parent":0},{"term_id":209,"name":"Illusion von Integration","slug":"illusion-von-integration","term_group":0,"term_taxonomy_id":209,"taxonomy":"category","description":"","parent":0,"count":200,"filter":"raw","cat_ID":209,"category_count":200,"category_description":"","cat_name":"Illusion von Integration","category_nicename":"illusion-von-integration","category_parent":0},{"term_id":183,"name":"Jugendterroristen","slug":"jugendterroristen","term_group":0,"term_taxonomy_id":183,"taxonomy":"category","description":"","parent":0,"count":43,"filter":"raw","cat_ID":183,"category_count":43,"category_description":"","cat_name":"Jugendterroristen","category_nicename":"jugendterroristen","category_parent":0},{"term_id":112,"name":"Milliarden Deals UNBEMERKT","slug":"milliarden-deals-unbemerkt","term_group":0,"term_taxonomy_id":112,"taxonomy":"category","description":"","parent":0,"count":559,"filter":"raw","cat_ID":112,"category_count":559,"category_description":"","cat_name":"Milliarden Deals UNBEMERKT","category_nicename":"milliarden-deals-unbemerkt","category_parent":0},{"term_id":141,"name":"NEUE AMPELVARIANTE Schwarz+Rot+Gr\u00fcn","slug":"neue-ampelvariante-schwarzrotgruen","term_group":0,"term_taxonomy_id":141,"taxonomy":"category","description":"","parent":0,"count":153,"filter":"raw","cat_ID":141,"category_count":153,"category_description":"","cat_name":"NEUE AMPELVARIANTE Schwarz+Rot+Gr\u00fcn","category_nicename":"neue-ampelvariante-schwarzrotgruen","category_parent":0},{"term_id":197,"name":"Politik zur Verantwortung ziehen","slug":"politik-zur-verantwortung-ziehen","term_group":0,"term_taxonomy_id":197,"taxonomy":"category","description":"","parent":0,"count":249,"filter":"raw","cat_ID":197,"category_count":249,"category_description":"","cat_name":"Politik zur Verantwortung ziehen","category_nicename":"politik-zur-verantwortung-ziehen","category_parent":0},{"term_id":221,"name":"Scheinheilige","slug":"scheinheilige","term_group":0,"term_taxonomy_id":221,"taxonomy":"category","description":"","parent":0,"count":195,"filter":"raw","cat_ID":221,"category_count":195,"category_description":"","cat_name":"Scheinheilige","category_nicename":"scheinheilige","category_parent":0},{"term_id":91,"name":"Steuererh\u00f6hungen","slug":"steuererhoehungen","term_group":0,"term_taxonomy_id":91,"taxonomy":"category","description":"","parent":0,"count":108,"filter":"raw","cat_ID":91,"category_count":108,"category_description":"","cat_name":"Steuererh\u00f6hungen","category_nicename":"steuererhoehungen","category_parent":0},{"term_id":264,"name":"Zwangsma\u00dfnahmen gegen Nicht-SPD-Denken","slug":"zwangsmassnahmen-gegen-nicht-spd-denken","term_group":0,"term_taxonomy_id":264,"taxonomy":"category","description":"","parent":0,"count":152,"filter":"raw","cat_ID":264,"category_count":152,"category_description":"","cat_name":"Zwangsma\u00dfnahmen gegen Nicht-SPD-Denken","category_nicename":"zwangsmassnahmen-gegen-nicht-spd-denken","category_parent":0}],"tags":[],"class_list":["post-4785","post","type-post","status-publish","format-standard","hentry","category-altparteien","category-bildungslose-politiker","category-den-deutschen-geht-es-viel-zu-gut","category-deutschland-schafft-sich-ab","category-die-taeter-sind-unter-uns","category-diktatur","category-gewalt-und-terror-von-links","category-gewalt-und-terror-von-migranten","category-illusion-von-integration","category-jugendterroristen","category-milliarden-deals-unbemerkt","category-neue-ampelvariante-schwarzrotgruen","category-politik-zur-verantwortung-ziehen","category-scheinheilige","category-steuererhoehungen","category-zwangsmassnahmen-gegen-nicht-spd-denken"],"images":{"thumbnail":false,"medium":false,"medium_large":false,"large":false,"full":false},"_links":{"self":[{"href":"https:\/\/hpaulick.de\/index.php?rest_route=\/wp\/v2\/posts\/4785","targetHints":{"allow":["GET"]}}],"collection":[{"href":"https:\/\/hpaulick.de\/index.php?rest_route=\/wp\/v2\/posts"}],"about":[{"href":"https:\/\/hpaulick.de\/index.php?rest_route=\/wp\/v2\/types\/post"}],"author":[{"embeddable":true,"href":"https:\/\/hpaulick.de\/index.php?rest_route=\/wp\/v2\/users\/1"}],"replies":[{"embeddable":true,"href":"https:\/\/hpaulick.de\/index.php?rest_route=%2Fwp%2Fv2%2Fcomments&post=4785"}],"version-history":[{"count":3,"href":"https:\/\/hpaulick.de\/index.php?rest_route=\/wp\/v2\/posts\/4785\/revisions"}],"predecessor-version":[{"id":4792,"href":"https:\/\/hpaulick.de\/index.php?rest_route=\/wp\/v2\/posts\/4785\/revisions\/4792"}],"wp:attachment":[{"href":"https:\/\/hpaulick.de\/index.php?rest_route=%2Fwp%2Fv2%2Fmedia&parent=4785"}],"wp:term":[{"taxonomy":"category","embeddable":true,"href":"https:\/\/hpaulick.de\/index.php?rest_route=%2Fwp%2Fv2%2Fcategories&post=4785"},{"taxonomy":"post_tag","embeddable":true,"href":"https:\/\/hpaulick.de\/index.php?rest_route=%2Fwp%2Fv2%2Ftags&post=4785"}],"curies":[{"name":"wp","href":"https:\/\/api.w.org\/{rel}","templated":true}]}}