{"id":4835,"date":"2025-10-21T11:17:43","date_gmt":"2025-10-21T11:17:43","guid":{"rendered":"https:\/\/hpaulick.de\/?p=4835"},"modified":"2025-10-21T11:29:26","modified_gmt":"2025-10-21T11:29:26","slug":"boomer-soli-ab-1350e-rente-musst-du-ihn-bezahlen","status":"publish","type":"post","link":"https:\/\/hpaulick.de\/?p=4835","title":{"rendered":"Boomer-Soli: Ab 1350\u20ac Rente musst du ihn bezahlen."},"content":{"rendered":"\n<p>Boomer-Soli: Ab 1350\u20ac Rente musst du ihn bezahlen. Rentner gebt gut acht, sonst habt ihr noch was falsch gemacht. W\u00e4hlt Union &amp; SPD recht fein, dann behalten die 1\/3 eurer Rente ein. <a href=\"https:\/\/x.com\/hashtag\/DIW?src=hashtag_click\">#DIW<\/a> hats vorgeschlagen &amp; Merz wills ins REGIEREN \u00fcbertragen. <br>Harald Paulick<br>Blogger &amp; Satiriker<br><br>Ein Vorschlag des Deutschen Instituts f\u00fcr Wirtschaftsforschung (DIW) sorgt aktuell f\u00fcr hitzige Diskussion: Wohlhabende Rentner*innen k\u00f6nnten k\u00fcnftig eine\u00a0<strong>Solidarit\u00e4tsabgabe auf ihre Alterseink\u00fcnfte<\/strong>\u00a0zahlen m\u00fcssen \u2013 zugunsten \u00e4rmerer Senior*innen, wie<a href=\"https:\/\/www.tagesschau.de\/inland\/innenpolitik\/diw-boomer-soli-100.html\" target=\"_blank\" rel=\"noreferrer noopener\">\u00a0tagesschau.de<\/a>\u00a0bereits berichtete. Was genau das bedeutet, wer betroffen w\u00e4re und warum der Vorschlag umstritten ist, erf\u00e4hrst du hier.<br><br><\/p>\n\n\n\n<figure class=\"wp-block-image size-large\"><img loading=\"lazy\" decoding=\"async\" width=\"1024\" height=\"768\" src=\"https:\/\/hpaulick.de\/wp-content\/uploads\/2025\/10\/image-7-1024x768.png\" alt=\"\" class=\"wp-image-4840\" srcset=\"https:\/\/hpaulick.de\/wp-content\/uploads\/2025\/10\/image-7-1024x768.png 1024w, https:\/\/hpaulick.de\/wp-content\/uploads\/2025\/10\/image-7-300x225.png 300w, https:\/\/hpaulick.de\/wp-content\/uploads\/2025\/10\/image-7-768x576.png 768w, https:\/\/hpaulick.de\/wp-content\/uploads\/2025\/10\/image-7.png 1383w\" sizes=\"auto, (max-width: 1024px) 100vw, 1024px\" \/><\/figure>\n\n\n\n<p>ORIGINAL-LINK: <br><a href=\"https:\/\/www.msn.com\/de-de\/finanzen\/top-stories\/boomer-soli-schon-ab-dieser-rente-m%C3%BCsstest-du-ihn-zahlen\/ar-AA1OOZNW?ocid=hpmsn&amp;cvid=622ca467c42e4175c437c9f65c220855&amp;ei=20\">https:\/\/www.msn.com\/de-de\/finanzen\/top-stories\/boomer-soli-schon-ab-dieser-rente-m%C3%BCsstest-du-ihn-zahlen\/ar-AA1OOZNW?ocid=hpmsn&amp;cvid=622ca467c42e4175c437c9f65c220855&amp;ei=20<\/a><\/p>\n\n\n\n<p>Kurz-Link:<br><a href=\"https:\/\/x.com\/HaraldPaulick\/status\/1980594045203132871\">https:\/\/x.com\/HaraldPaulick\/status\/1980594045203132871<\/a><\/p>\n\n<div class=\"twitter-share\"><a href=\"https:\/\/twitter.com\/intent\/tweet?via=haraldpaulick\" class=\"twitter-share-button\" data-size=\"large\">Twittern<\/a><\/div>\n","protected":false},"excerpt":{"rendered":"<p>Boomer-Soli: Ab 1350\u20ac Rente musst du ihn bezahlen. Rentner gebt gut acht, sonst habt ihr noch was falsch gemacht. W\u00e4hlt Union &amp; SPD recht fein, dann behalten die 1\/3 eurer Rente ein. #DIW hats vorgeschlagen &amp; Merz wills ins REGIEREN \u00fcbertragen. Harald PaulickBlogger &amp; Satiriker Ein Vorschlag des Deutschen Instituts f\u00fcr Wirtschaftsforschung (DIW) sorgt aktuell &hellip; <a href=\"https:\/\/hpaulick.de\/?p=4835\" class=\"more-link\"><span class=\"screen-reader-text\">Boomer-Soli: Ab 1350\u20ac Rente musst du ihn bezahlen.<\/span> weiterlesen<\/a><\/p>\n","protected":false},"author":1,"featured_media":0,"comment_status":"closed","ping_status":"open","sticky":false,"template":"","format":"standard","meta":{"footnotes":""},"categories":[{"term_id":63,"name":"Aberglaube","slug":"aberglaube","term_group":0,"term_taxonomy_id":63,"taxonomy":"category","description":"","parent":0,"count":404,"filter":"raw","cat_ID":63,"category_count":404,"category_description":"","cat_name":"Aberglaube","category_nicename":"aberglaube","category_parent":0},{"term_id":214,"name":"Asylbewerber","slug":"asylbewerber","term_group":0,"term_taxonomy_id":214,"taxonomy":"category","description":"","parent":0,"count":89,"filter":"raw","cat_ID":214,"category_count":89,"category_description":"","cat_name":"Asylbewerber","category_nicename":"asylbewerber","category_parent":0},{"term_id":27,"name":"Asylpolitik","slug":"asylpolitik","term_group":0,"term_taxonomy_id":27,"taxonomy":"category","description":"","parent":0,"count":326,"filter":"raw","cat_ID":27,"category_count":326,"category_description":"","cat_name":"Asylpolitik","category_nicename":"asylpolitik","category_parent":0},{"term_id":250,"name":"Dealmaker","slug":"dealmaker","term_group":0,"term_taxonomy_id":250,"taxonomy":"category","description":"","parent":0,"count":107,"filter":"raw","cat_ID":250,"category_count":107,"category_description":"","cat_name":"Dealmaker","category_nicename":"dealmaker","category_parent":0},{"term_id":265,"name":"Der NEUE SOZIALISMUS von SPD, Gr\u00fcnen &amp; LINKEN","slug":"der-neue-sozialismus-von-spd-gruenen-linken","term_group":0,"term_taxonomy_id":265,"taxonomy":"category","description":"","parent":0,"count":181,"filter":"raw","cat_ID":265,"category_count":181,"category_description":"","cat_name":"Der NEUE SOZIALISMUS von SPD, Gr\u00fcnen &amp; LINKEN","category_nicename":"der-neue-sozialismus-von-spd-gruenen-linken","category_parent":0},{"term_id":202,"name":"Die T\u00e4ter sind unter uns!","slug":"die-taeter-sind-unter-uns","term_group":0,"term_taxonomy_id":202,"taxonomy":"category","description":"","parent":0,"count":316,"filter":"raw","cat_ID":202,"category_count":316,"category_description":"","cat_name":"Die T\u00e4ter sind unter uns!","category_nicename":"die-taeter-sind-unter-uns","category_parent":0},{"term_id":170,"name":"Hass der GR\u00dcNEN LINKEN auf alles ANDERSDENKENDE","slug":"hass-der-gruenen-linken-auf-alles-andersdenkende","term_group":0,"term_taxonomy_id":170,"taxonomy":"category","description":"","parent":0,"count":256,"filter":"raw","cat_ID":170,"category_count":256,"category_description":"","cat_name":"Hass der GR\u00dcNEN LINKEN auf alles ANDERSDENKENDE","category_nicename":"hass-der-gruenen-linken-auf-alles-andersdenkende","category_parent":0},{"term_id":161,"name":"Migranten aus Afrika gleichgestellt","slug":"migranten-aus-afrika-gleichgestellt","term_group":0,"term_taxonomy_id":161,"taxonomy":"category","description":"","parent":0,"count":240,"filter":"raw","cat_ID":161,"category_count":240,"category_description":"","cat_name":"Migranten aus Afrika gleichgestellt","category_nicename":"migranten-aus-afrika-gleichgestellt","category_parent":0},{"term_id":141,"name":"NEUE AMPELVARIANTE Schwarz+Rot+Gr\u00fcn","slug":"neue-ampelvariante-schwarzrotgruen","term_group":0,"term_taxonomy_id":141,"taxonomy":"category","description":"","parent":0,"count":153,"filter":"raw","cat_ID":141,"category_count":153,"category_description":"","cat_name":"NEUE AMPELVARIANTE Schwarz+Rot+Gr\u00fcn","category_nicename":"neue-ampelvariante-schwarzrotgruen","category_parent":0},{"term_id":59,"name":"Neuverschuldung","slug":"neuverschuldung","term_group":0,"term_taxonomy_id":59,"taxonomy":"category","description":"","parent":0,"count":64,"filter":"raw","cat_ID":59,"category_count":64,"category_description":"","cat_name":"Neuverschuldung","category_nicename":"neuverschuldung","category_parent":0},{"term_id":197,"name":"Politik zur Verantwortung ziehen","slug":"politik-zur-verantwortung-ziehen","term_group":0,"term_taxonomy_id":197,"taxonomy":"category","description":"","parent":0,"count":249,"filter":"raw","cat_ID":197,"category_count":249,"category_description":"","cat_name":"Politik zur Verantwortung ziehen","category_nicename":"politik-zur-verantwortung-ziehen","category_parent":0},{"term_id":184,"name":"Wahl bei DIKTATOREN","slug":"wahl-bei-diktatoren","term_group":0,"term_taxonomy_id":184,"taxonomy":"category","description":"","parent":0,"count":25,"filter":"raw","cat_ID":184,"category_count":25,"category_description":"","cat_name":"Wahl bei DIKTATOREN","category_nicename":"wahl-bei-diktatoren","category_parent":0},{"term_id":264,"name":"Zwangsma\u00dfnahmen gegen Nicht-SPD-Denken","slug":"zwangsmassnahmen-gegen-nicht-spd-denken","term_group":0,"term_taxonomy_id":264,"taxonomy":"category","description":"","parent":0,"count":152,"filter":"raw","cat_ID":264,"category_count":152,"category_description":"","cat_name":"Zwangsma\u00dfnahmen gegen Nicht-SPD-Denken","category_nicename":"zwangsmassnahmen-gegen-nicht-spd-denken","category_parent":0}],"tags":[],"class_list":["post-4835","post","type-post","status-publish","format-standard","hentry","category-aberglaube","category-asylbewerber","category-asylpolitik","category-dealmaker","category-der-neue-sozialismus-von-spd-gruenen-linken","category-die-taeter-sind-unter-uns","category-hass-der-gruenen-linken-auf-alles-andersdenkende","category-migranten-aus-afrika-gleichgestellt","category-neue-ampelvariante-schwarzrotgruen","category-neuverschuldung","category-politik-zur-verantwortung-ziehen","category-wahl-bei-diktatoren","category-zwangsmassnahmen-gegen-nicht-spd-denken"],"images":{"thumbnail":false,"medium":false,"medium_large":false,"large":false,"full":false},"_links":{"self":[{"href":"https:\/\/hpaulick.de\/index.php?rest_route=\/wp\/v2\/posts\/4835","targetHints":{"allow":["GET"]}}],"collection":[{"href":"https:\/\/hpaulick.de\/index.php?rest_route=\/wp\/v2\/posts"}],"about":[{"href":"https:\/\/hpaulick.de\/index.php?rest_route=\/wp\/v2\/types\/post"}],"author":[{"embeddable":true,"href":"https:\/\/hpaulick.de\/index.php?rest_route=\/wp\/v2\/users\/1"}],"replies":[{"embeddable":true,"href":"https:\/\/hpaulick.de\/index.php?rest_route=%2Fwp%2Fv2%2Fcomments&post=4835"}],"version-history":[{"count":3,"href":"https:\/\/hpaulick.de\/index.php?rest_route=\/wp\/v2\/posts\/4835\/revisions"}],"predecessor-version":[{"id":4843,"href":"https:\/\/hpaulick.de\/index.php?rest_route=\/wp\/v2\/posts\/4835\/revisions\/4843"}],"wp:attachment":[{"href":"https:\/\/hpaulick.de\/index.php?rest_route=%2Fwp%2Fv2%2Fmedia&parent=4835"}],"wp:term":[{"taxonomy":"category","embeddable":true,"href":"https:\/\/hpaulick.de\/index.php?rest_route=%2Fwp%2Fv2%2Fcategories&post=4835"},{"taxonomy":"post_tag","embeddable":true,"href":"https:\/\/hpaulick.de\/index.php?rest_route=%2Fwp%2Fv2%2Ftags&post=4835"}],"curies":[{"name":"wp","href":"https:\/\/api.w.org\/{rel}","templated":true}]}}