{"id":4873,"date":"2025-10-24T16:38:41","date_gmt":"2025-10-24T16:38:41","guid":{"rendered":"https:\/\/hpaulick.de\/?p=4873"},"modified":"2025-10-24T16:45:58","modified_gmt":"2025-10-24T16:45:58","slug":"e-mobilitaet-warum-wir-beim-thema-e-auto-nach-norwegen-schauen-koennten","status":"publish","type":"post","link":"https:\/\/hpaulick.de\/?p=4873","title":{"rendered":"E-Mobilit\u00e4t: Warum wir beim Thema E-Auto nach Norwegen schauen k\u00f6nnten."},"content":{"rendered":"\n<figure class=\"wp-block-embed is-type-rich is-provider-twitter wp-block-embed-twitter\"><div class=\"wp-block-embed__wrapper\">\n<div class=\"twitter-tweet\"><blockquote class=\"twitter-tweet\" data-lang=\"de\"><p lang=\"de\" dir=\"ltr\">E-Mobilit\u00e4t: Warum wir beim Thema E-Auto nach Norwegen schauen k\u00f6nnten.<br>In Norwegen haben 90% der Autofahrer die M\u00f6glichkeit die <a href=\"https:\/\/twitter.com\/hashtag\/Ladestation?src=hash&amp;ref_src=twsrc%5Etfw\">#Ladestation<\/a> auf oder neben dem Grundst\u00fcck zu nutzen. In Deutschland sind es nur 10%.<br>Begreift auch der D\u00dcMMSTE!<br>Harald Paulick<a href=\"https:\/\/t.co\/yXQK557NLr\">https:\/\/t.co\/yXQK557NLr<\/a><\/p>&mdash; Kater Montecarlo (@KaterMontecarlo) <a href=\"https:\/\/twitter.com\/KaterMontecarlo\/status\/1981762144963067938?ref_src=twsrc%5Etfw\">24. Oktober 2025<\/a><\/blockquote><\/div>\n<\/div><\/figure>\n\n<div class=\"twitter-share\"><a href=\"https:\/\/twitter.com\/intent\/tweet?via=haraldpaulick\" class=\"twitter-share-button\" data-size=\"large\">Twittern<\/a><\/div>\n","protected":false},"excerpt":{"rendered":"","protected":false},"author":1,"featured_media":0,"comment_status":"closed","ping_status":"open","sticky":false,"template":"","format":"standard","meta":{"footnotes":""},"categories":[{"term_id":132,"name":"Das 4. Reich GR\u00dcNER Pr\u00e4gung","slug":"das-4-reich-gruener-praegung","term_group":0,"term_taxonomy_id":132,"taxonomy":"category","description":"","parent":0,"count":458,"filter":"raw","cat_ID":132,"category_count":458,"category_description":"","cat_name":"Das 4. Reich GR\u00dcNER Pr\u00e4gung","category_nicename":"das-4-reich-gruener-praegung","category_parent":0},{"term_id":194,"name":"E-Auto","slug":"e-auto","term_group":0,"term_taxonomy_id":194,"taxonomy":"category","description":"","parent":0,"count":25,"filter":"raw","cat_ID":194,"category_count":25,"category_description":"","cat_name":"E-Auto","category_nicename":"e-auto","category_parent":0},{"term_id":69,"name":"E-Mobilit\u00e4t","slug":"e-mobilitaet","term_group":0,"term_taxonomy_id":69,"taxonomy":"category","description":"","parent":0,"count":33,"filter":"raw","cat_ID":69,"category_count":33,"category_description":"","cat_name":"E-Mobilit\u00e4t","category_nicename":"e-mobilitaet","category_parent":0},{"term_id":131,"name":"Informationen","slug":"informationen","term_group":0,"term_taxonomy_id":131,"taxonomy":"category","description":"","parent":0,"count":158,"filter":"raw","cat_ID":131,"category_count":158,"category_description":"","cat_name":"Informationen","category_nicename":"informationen","category_parent":0},{"term_id":102,"name":"L\u00dcGEN","slug":"luegen","term_group":0,"term_taxonomy_id":102,"taxonomy":"category","description":"","parent":0,"count":389,"filter":"raw","cat_ID":102,"category_count":389,"category_description":"","cat_name":"L\u00dcGEN","category_nicename":"luegen","category_parent":0},{"term_id":60,"name":"Mieten","slug":"mieten","term_group":0,"term_taxonomy_id":60,"taxonomy":"category","description":"","parent":0,"count":9,"filter":"raw","cat_ID":60,"category_count":9,"category_description":"","cat_name":"Mieten","category_nicename":"mieten","category_parent":0},{"term_id":253,"name":"Multikulti","slug":"multikulti","term_group":0,"term_taxonomy_id":253,"taxonomy":"category","description":"","parent":0,"count":83,"filter":"raw","cat_ID":253,"category_count":83,"category_description":"","cat_name":"Multikulti","category_nicename":"multikulti","category_parent":0},{"term_id":221,"name":"Scheinheilige","slug":"scheinheilige","term_group":0,"term_taxonomy_id":221,"taxonomy":"category","description":"","parent":0,"count":195,"filter":"raw","cat_ID":221,"category_count":195,"category_description":"","cat_name":"Scheinheilige","category_nicename":"scheinheilige","category_parent":0},{"term_id":219,"name":"Staatsversagen","slug":"staatsversagen","term_group":0,"term_taxonomy_id":219,"taxonomy":"category","description":"","parent":0,"count":89,"filter":"raw","cat_ID":219,"category_count":89,"category_description":"","cat_name":"Staatsversagen","category_nicename":"staatsversagen","category_parent":0},{"term_id":67,"name":"Umweltschutz","slug":"umweltschutz","term_group":0,"term_taxonomy_id":67,"taxonomy":"category","description":"","parent":0,"count":43,"filter":"raw","cat_ID":67,"category_count":43,"category_description":"","cat_name":"Umweltschutz","category_nicename":"umweltschutz","category_parent":0},{"term_id":118,"name":"Verbrenner-AUS","slug":"verbrenner-aus","term_group":0,"term_taxonomy_id":118,"taxonomy":"category","description":"","parent":0,"count":30,"filter":"raw","cat_ID":118,"category_count":30,"category_description":"","cat_name":"Verbrenner-AUS","category_nicename":"verbrenner-aus","category_parent":0},{"term_id":190,"name":"Zwangsma\u00dfnahmen gegen nicht-gr\u00fcnes-Denken","slug":"zwangsmassnahmen-gegen-nicht-gruenes-denken","term_group":0,"term_taxonomy_id":190,"taxonomy":"category","description":"","parent":0,"count":246,"filter":"raw","cat_ID":190,"category_count":246,"category_description":"","cat_name":"Zwangsma\u00dfnahmen gegen nicht-gr\u00fcnes-Denken","category_nicename":"zwangsmassnahmen-gegen-nicht-gruenes-denken","category_parent":0}],"tags":[],"class_list":["post-4873","post","type-post","status-publish","format-standard","hentry","category-das-4-reich-gruener-praegung","category-e-auto","category-e-mobilitaet","category-informationen","category-luegen","category-mieten","category-multikulti","category-scheinheilige","category-staatsversagen","category-umweltschutz","category-verbrenner-aus","category-zwangsmassnahmen-gegen-nicht-gruenes-denken"],"images":{"thumbnail":false,"medium":false,"medium_large":false,"large":false,"full":false},"_links":{"self":[{"href":"https:\/\/hpaulick.de\/index.php?rest_route=\/wp\/v2\/posts\/4873","targetHints":{"allow":["GET"]}}],"collection":[{"href":"https:\/\/hpaulick.de\/index.php?rest_route=\/wp\/v2\/posts"}],"about":[{"href":"https:\/\/hpaulick.de\/index.php?rest_route=\/wp\/v2\/types\/post"}],"author":[{"embeddable":true,"href":"https:\/\/hpaulick.de\/index.php?rest_route=\/wp\/v2\/users\/1"}],"replies":[{"embeddable":true,"href":"https:\/\/hpaulick.de\/index.php?rest_route=%2Fwp%2Fv2%2Fcomments&post=4873"}],"version-history":[{"count":1,"href":"https:\/\/hpaulick.de\/index.php?rest_route=\/wp\/v2\/posts\/4873\/revisions"}],"predecessor-version":[{"id":4874,"href":"https:\/\/hpaulick.de\/index.php?rest_route=\/wp\/v2\/posts\/4873\/revisions\/4874"}],"wp:attachment":[{"href":"https:\/\/hpaulick.de\/index.php?rest_route=%2Fwp%2Fv2%2Fmedia&parent=4873"}],"wp:term":[{"taxonomy":"category","embeddable":true,"href":"https:\/\/hpaulick.de\/index.php?rest_route=%2Fwp%2Fv2%2Fcategories&post=4873"},{"taxonomy":"post_tag","embeddable":true,"href":"https:\/\/hpaulick.de\/index.php?rest_route=%2Fwp%2Fv2%2Ftags&post=4873"}],"curies":[{"name":"wp","href":"https:\/\/api.w.org\/{rel}","templated":true}]}}