{"id":5031,"date":"2025-11-15T08:36:44","date_gmt":"2025-11-15T08:36:44","guid":{"rendered":"https:\/\/hpaulick.de\/?p=5031"},"modified":"2025-11-15T08:54:23","modified_gmt":"2025-11-15T08:54:23","slug":"frauen-sollten-fuer-die-gleichberechtigung-bei-der-wehrpflicht-kaempfen","status":"publish","type":"post","link":"https:\/\/hpaulick.de\/?p=5031","title":{"rendered":"Frauen sollten f\u00fcr die Gleichberechtigung bei der Wehrpflicht k\u00e4mpfen."},"content":{"rendered":"\n<p>Frauen sollten f\u00fcr die Gleichberechtigung bei der <a href=\"https:\/\/x.com\/hashtag\/Wehrpflicht?src=hashtag_click\">#Wehrpflicht<\/a> k\u00e4mpfen. Ausnahmen sind nur Schwangere und M\u00fctter von Minderj\u00e4hrigen.<br>Keine Ausnahme bei umgepolten V\u00e4tern. <br>Wir h\u00e4tten innerhalb eines Jahres wieder eine Generation von <a href=\"https:\/\/x.com\/hashtag\/BABYBOOMERN?src=hashtag_click\">#BABYBOOMERN<\/a>! Harald Paulick<br>Blogger &amp; Satiriker<br><br>ORIGINAL-LINK: <br><a href=\"https:\/\/x.com\/a_nnaschneider\/status\/1989211651829076368\">https:\/\/x.com\/a_nnaschneider\/status\/1989211651829076368<\/a><br><a href=\"https:\/\/t.co\/4UmhpDkS6O\">https:\/\/t.co\/4UmhpDkS6O<\/a><br><\/p>\n\n\n\n<figure class=\"wp-block-image size-full\"><img loading=\"lazy\" decoding=\"async\" width=\"680\" height=\"383\" src=\"https:\/\/hpaulick.de\/wp-content\/uploads\/2025\/11\/image-9.png\" alt=\"\" class=\"wp-image-5034\" srcset=\"https:\/\/hpaulick.de\/wp-content\/uploads\/2025\/11\/image-9.png 680w, https:\/\/hpaulick.de\/wp-content\/uploads\/2025\/11\/image-9-300x169.png 300w\" sizes=\"auto, (max-width: 680px) 100vw, 680px\" \/><\/figure>\n\n\n\n<p>Kurz-Link:<br><a href=\"https:\/\/x.com\/Scheinheilig16\/status\/1989613215769039315\">https:\/\/x.com\/Scheinheilig16\/status\/1989613215769039315<\/a><\/p>\n\n<div class=\"twitter-share\"><a href=\"https:\/\/twitter.com\/intent\/tweet?via=haraldpaulick\" class=\"twitter-share-button\" data-size=\"large\">Twittern<\/a><\/div>\n","protected":false},"excerpt":{"rendered":"<p>Frauen sollten f\u00fcr die Gleichberechtigung bei der #Wehrpflicht k\u00e4mpfen. Ausnahmen sind nur Schwangere und M\u00fctter von Minderj\u00e4hrigen.Keine Ausnahme bei umgepolten V\u00e4tern. Wir h\u00e4tten innerhalb eines Jahres wieder eine Generation von #BABYBOOMERN! Harald PaulickBlogger &amp; Satiriker ORIGINAL-LINK: https:\/\/x.com\/a_nnaschneider\/status\/1989211651829076368https:\/\/t.co\/4UmhpDkS6O Kurz-Link:https:\/\/x.com\/Scheinheilig16\/status\/1989613215769039315<\/p>\n","protected":false},"author":1,"featured_media":0,"comment_status":"closed","ping_status":"open","sticky":false,"template":"","format":"standard","meta":{"footnotes":""},"categories":[{"term_id":63,"name":"Aberglaube","slug":"aberglaube","term_group":0,"term_taxonomy_id":63,"taxonomy":"category","description":"","parent":0,"count":404,"filter":"raw","cat_ID":63,"category_count":404,"category_description":"","cat_name":"Aberglaube","category_nicename":"aberglaube","category_parent":0},{"term_id":266,"name":"Altersarmut","slug":"altersarmut","term_group":0,"term_taxonomy_id":266,"taxonomy":"category","description":"","parent":0,"count":35,"filter":"raw","cat_ID":266,"category_count":35,"category_description":"","cat_name":"Altersarmut","category_nicename":"altersarmut","category_parent":0},{"term_id":300,"name":"Babyboomer","slug":"babyboomer","term_group":0,"term_taxonomy_id":300,"taxonomy":"category","description":"","parent":0,"count":4,"filter":"raw","cat_ID":300,"category_count":4,"category_description":"","cat_name":"Babyboomer","category_nicename":"babyboomer","category_parent":0},{"term_id":202,"name":"Die T\u00e4ter sind unter uns!","slug":"die-taeter-sind-unter-uns","term_group":0,"term_taxonomy_id":202,"taxonomy":"category","description":"","parent":0,"count":316,"filter":"raw","cat_ID":202,"category_count":316,"category_description":"","cat_name":"Die T\u00e4ter sind unter uns!","category_nicename":"die-taeter-sind-unter-uns","category_parent":0},{"term_id":117,"name":"Diktatur","slug":"diktatur","term_group":0,"term_taxonomy_id":117,"taxonomy":"category","description":"","parent":0,"count":391,"filter":"raw","cat_ID":117,"category_count":391,"category_description":"","cat_name":"Diktatur","category_nicename":"diktatur","category_parent":0},{"term_id":267,"name":"Enteignung von Pflegebed\u00fcrftigen","slug":"enteignung-von-pflegebeduerftigen","term_group":0,"term_taxonomy_id":267,"taxonomy":"category","description":"","parent":0,"count":39,"filter":"raw","cat_ID":267,"category_count":39,"category_description":"","cat_name":"Enteignung von Pflegebed\u00fcrftigen","category_nicename":"enteignung-von-pflegebeduerftigen","category_parent":0},{"term_id":260,"name":"Fachkr\u00e4ftemangel","slug":"fachkraeftemangel","term_group":0,"term_taxonomy_id":260,"taxonomy":"category","description":"","parent":0,"count":67,"filter":"raw","cat_ID":260,"category_count":67,"category_description":"","cat_name":"Fachkr\u00e4ftemangel","category_nicename":"fachkraeftemangel","category_parent":0},{"term_id":105,"name":"Gesundheit","slug":"gesundheit","term_group":0,"term_taxonomy_id":105,"taxonomy":"category","description":"","parent":0,"count":18,"filter":"raw","cat_ID":105,"category_count":18,"category_description":"","cat_name":"Gesundheit","category_nicename":"gesundheit","category_parent":0},{"term_id":56,"name":"Kinder","slug":"kinder","term_group":0,"term_taxonomy_id":56,"taxonomy":"category","description":"","parent":0,"count":8,"filter":"raw","cat_ID":56,"category_count":8,"category_description":"","cat_name":"Kinder","category_nicename":"kinder","category_parent":0},{"term_id":172,"name":"KINDER-EHEN","slug":"kinder-ehen","term_group":0,"term_taxonomy_id":172,"taxonomy":"category","description":"","parent":0,"count":18,"filter":"raw","cat_ID":172,"category_count":18,"category_description":"","cat_name":"KINDER-EHEN","category_nicename":"kinder-ehen","category_parent":0},{"term_id":176,"name":"Wehrdienstverweigerer","slug":"wehrdienstverweigerer","term_group":0,"term_taxonomy_id":176,"taxonomy":"category","description":"","parent":0,"count":7,"filter":"raw","cat_ID":176,"category_count":7,"category_description":"","cat_name":"Wehrdienstverweigerer","category_nicename":"wehrdienstverweigerer","category_parent":0},{"term_id":179,"name":"Wehrpflicht","slug":"wehrpflicht","term_group":0,"term_taxonomy_id":179,"taxonomy":"category","description":"","parent":0,"count":8,"filter":"raw","cat_ID":179,"category_count":8,"category_description":"","cat_name":"Wehrpflicht","category_nicename":"wehrpflicht","category_parent":0}],"tags":[],"class_list":["post-5031","post","type-post","status-publish","format-standard","hentry","category-aberglaube","category-altersarmut","category-babyboomer","category-die-taeter-sind-unter-uns","category-diktatur","category-enteignung-von-pflegebeduerftigen","category-fachkraeftemangel","category-gesundheit","category-kinder","category-kinder-ehen","category-wehrdienstverweigerer","category-wehrpflicht"],"images":{"thumbnail":false,"medium":false,"medium_large":false,"large":false,"full":false},"_links":{"self":[{"href":"https:\/\/hpaulick.de\/index.php?rest_route=\/wp\/v2\/posts\/5031","targetHints":{"allow":["GET"]}}],"collection":[{"href":"https:\/\/hpaulick.de\/index.php?rest_route=\/wp\/v2\/posts"}],"about":[{"href":"https:\/\/hpaulick.de\/index.php?rest_route=\/wp\/v2\/types\/post"}],"author":[{"embeddable":true,"href":"https:\/\/hpaulick.de\/index.php?rest_route=\/wp\/v2\/users\/1"}],"replies":[{"embeddable":true,"href":"https:\/\/hpaulick.de\/index.php?rest_route=%2Fwp%2Fv2%2Fcomments&post=5031"}],"version-history":[{"count":2,"href":"https:\/\/hpaulick.de\/index.php?rest_route=\/wp\/v2\/posts\/5031\/revisions"}],"predecessor-version":[{"id":5035,"href":"https:\/\/hpaulick.de\/index.php?rest_route=\/wp\/v2\/posts\/5031\/revisions\/5035"}],"wp:attachment":[{"href":"https:\/\/hpaulick.de\/index.php?rest_route=%2Fwp%2Fv2%2Fmedia&parent=5031"}],"wp:term":[{"taxonomy":"category","embeddable":true,"href":"https:\/\/hpaulick.de\/index.php?rest_route=%2Fwp%2Fv2%2Fcategories&post=5031"},{"taxonomy":"post_tag","embeddable":true,"href":"https:\/\/hpaulick.de\/index.php?rest_route=%2Fwp%2Fv2%2Ftags&post=5031"}],"curies":[{"name":"wp","href":"https:\/\/api.w.org\/{rel}","templated":true}]}}