{"id":5036,"date":"2025-11-15T11:54:07","date_gmt":"2025-11-15T11:54:07","guid":{"rendered":"https:\/\/hpaulick.de\/?p=5036"},"modified":"2025-11-15T12:07:46","modified_gmt":"2025-11-15T12:07:46","slug":"radikaler-rentenvorschlag-kinderlose-sollen-hoehere-beitraege-zahlen","status":"publish","type":"post","link":"https:\/\/hpaulick.de\/?p=5036","title":{"rendered":"Radikaler Rentenvorschlag: Kinderlose sollen h\u00f6here Beitr\u00e4ge zahlen"},"content":{"rendered":"\n<figure class=\"wp-block-embed is-type-rich is-provider-twitter wp-block-embed-twitter\"><div class=\"wp-block-embed__wrapper\">\n<div class=\"twitter-tweet\"><blockquote class=\"twitter-tweet\" data-lang=\"de\"><p lang=\"de\" dir=\"ltr\">Radikaler Rentenvorschlag: Kinderlose sollen h\u00f6here Beitr\u00e4ge zahlen<br>UNIONS-FEHLER: es wir immer nur \u00fcber mehr Belastung gesprochen &amp; nicht \u00fcber K\u00fcrzungen bei nicht DEUTSCHEN Leistungsempf\u00e4ngern.<br>Das ist die FALSCHE RICHTUNG!<br>Grund: DAS ist der WEG der <a href=\"https:\/\/twitter.com\/hashtag\/AfD?src=hash&amp;ref_src=twsrc%5Etfw\">#AfD<\/a><a href=\"https:\/\/t.co\/WftCUM5dpT\">https:\/\/t.co\/WftCUM5dpT<\/a><\/p>&mdash; Metaphysischer Blogger &amp; Menippeischer Satiriker ! (@Scheinheilig16) <a href=\"https:\/\/twitter.com\/Scheinheilig16\/status\/1989662978480971970?ref_src=twsrc%5Etfw\">15. November 2025<\/a><\/blockquote><\/div>\n<\/div><\/figure>\n\n\n\n<p>Zeige mir wie du mit deinen Alten umgehst und ich sage dir ob du dich als junger Mensch selbst kastrierst.<br>Harald Paulick<br><br><strong><em>Hier mal ein ARGUMENT &amp; Vorschlag:<\/em><\/strong><br>Kinder werden ab 2026 nicht mehr kostenlos mitversicher bei den Krankenkassen.<br>Jedes Kind muss eine von den Eltern bezahlte Krankenversicherung haben.<br>Einsparung bei den KRANKENKASSEN: 60.000.000.000 \u20ac = 60 Milliarden \u20ac!<br><br>Wenn Kinderlose mehr f\u00fcr die RENTE ZAHLEN m\u00fcssen, m\u00fcssen Familien mit KINDERN f\u00fcr die KRANKENVERSICHERUNG ihrer Kinder selber aufkommen.<br>Auch eine GENERATIONEN-Gerechtigkeit!<\/p>\n\n<div class=\"twitter-share\"><a href=\"https:\/\/twitter.com\/intent\/tweet?via=haraldpaulick\" class=\"twitter-share-button\" data-size=\"large\">Twittern<\/a><\/div>\n","protected":false},"excerpt":{"rendered":"<p>Zeige mir wie du mit deinen Alten umgehst und ich sage dir ob du dich als junger Mensch selbst kastrierst.Harald Paulick Hier mal ein ARGUMENT &amp; Vorschlag:Kinder werden ab 2026 nicht mehr kostenlos mitversicher bei den Krankenkassen.Jedes Kind muss eine von den Eltern bezahlte Krankenversicherung haben.Einsparung bei den KRANKENKASSEN: 60.000.000.000 \u20ac = 60 Milliarden \u20ac! &hellip; <a href=\"https:\/\/hpaulick.de\/?p=5036\" class=\"more-link\"><span class=\"screen-reader-text\">Radikaler Rentenvorschlag: Kinderlose sollen h\u00f6here Beitr\u00e4ge zahlen<\/span> weiterlesen<\/a><\/p>\n","protected":false},"author":1,"featured_media":0,"comment_status":"closed","ping_status":"open","sticky":false,"template":"","format":"standard","meta":{"footnotes":""},"categories":[{"term_id":63,"name":"Aberglaube","slug":"aberglaube","term_group":0,"term_taxonomy_id":63,"taxonomy":"category","description":"","parent":0,"count":404,"filter":"raw","cat_ID":63,"category_count":404,"category_description":"","cat_name":"Aberglaube","category_nicename":"aberglaube","category_parent":0},{"term_id":122,"name":"Abschiebung","slug":"abschiebung","term_group":0,"term_taxonomy_id":122,"taxonomy":"category","description":"","parent":0,"count":121,"filter":"raw","cat_ID":122,"category_count":121,"category_description":"","cat_name":"Abschiebung","category_nicename":"abschiebung","category_parent":0},{"term_id":266,"name":"Altersarmut","slug":"altersarmut","term_group":0,"term_taxonomy_id":266,"taxonomy":"category","description":"","parent":0,"count":35,"filter":"raw","cat_ID":266,"category_count":35,"category_description":"","cat_name":"Altersarmut","category_nicename":"altersarmut","category_parent":0},{"term_id":121,"name":"Armut","slug":"armut","term_group":0,"term_taxonomy_id":121,"taxonomy":"category","description":"","parent":0,"count":76,"filter":"raw","cat_ID":121,"category_count":76,"category_description":"","cat_name":"Armut","category_nicename":"armut","category_parent":0},{"term_id":202,"name":"Die T\u00e4ter sind unter uns!","slug":"die-taeter-sind-unter-uns","term_group":0,"term_taxonomy_id":202,"taxonomy":"category","description":"","parent":0,"count":316,"filter":"raw","cat_ID":202,"category_count":316,"category_description":"","cat_name":"Die T\u00e4ter sind unter uns!","category_nicename":"die-taeter-sind-unter-uns","category_parent":0},{"term_id":193,"name":"Familie","slug":"familie","term_group":0,"term_taxonomy_id":193,"taxonomy":"category","description":"","parent":0,"count":8,"filter":"raw","cat_ID":193,"category_count":8,"category_description":"","cat_name":"Familie","category_nicename":"familie","category_parent":0},{"term_id":105,"name":"Gesundheit","slug":"gesundheit","term_group":0,"term_taxonomy_id":105,"taxonomy":"category","description":"","parent":0,"count":18,"filter":"raw","cat_ID":105,"category_count":18,"category_description":"","cat_name":"Gesundheit","category_nicename":"gesundheit","category_parent":0},{"term_id":58,"name":"KI - K\u00fcnstliche Intelligenz","slug":"ki-kuenstliche-intelligenz","term_group":0,"term_taxonomy_id":58,"taxonomy":"category","description":"","parent":0,"count":21,"filter":"raw","cat_ID":58,"category_count":21,"category_description":"","cat_name":"KI - K\u00fcnstliche Intelligenz","category_nicename":"ki-kuenstliche-intelligenz","category_parent":0},{"term_id":59,"name":"Neuverschuldung","slug":"neuverschuldung","term_group":0,"term_taxonomy_id":59,"taxonomy":"category","description":"","parent":0,"count":64,"filter":"raw","cat_ID":59,"category_count":64,"category_description":"","cat_name":"Neuverschuldung","category_nicename":"neuverschuldung","category_parent":0},{"term_id":275,"name":"Pflegeversicherung","slug":"pflegeversicherung","term_group":0,"term_taxonomy_id":275,"taxonomy":"category","description":"","parent":0,"count":3,"filter":"raw","cat_ID":275,"category_count":3,"category_description":"","cat_name":"Pflegeversicherung","category_nicename":"pflegeversicherung","category_parent":0},{"term_id":23,"name":"Rente","slug":"rente","term_group":0,"term_taxonomy_id":23,"taxonomy":"category","description":"","parent":0,"count":58,"filter":"raw","cat_ID":23,"category_count":58,"category_description":"","cat_name":"Rente","category_nicename":"rente","category_parent":0},{"term_id":249,"name":"Schwarz Rote Regierung","slug":"schwarz-rote-regierung","term_group":0,"term_taxonomy_id":249,"taxonomy":"category","description":"","parent":0,"count":145,"filter":"raw","cat_ID":249,"category_count":145,"category_description":"","cat_name":"Schwarz Rote Regierung","category_nicename":"schwarz-rote-regierung","category_parent":0}],"tags":[],"class_list":["post-5036","post","type-post","status-publish","format-standard","hentry","category-aberglaube","category-abschiebung","category-altersarmut","category-armut","category-die-taeter-sind-unter-uns","category-familie","category-gesundheit","category-ki-kuenstliche-intelligenz","category-neuverschuldung","category-pflegeversicherung","category-rente","category-schwarz-rote-regierung"],"images":{"thumbnail":false,"medium":false,"medium_large":false,"large":false,"full":false},"_links":{"self":[{"href":"https:\/\/hpaulick.de\/index.php?rest_route=\/wp\/v2\/posts\/5036","targetHints":{"allow":["GET"]}}],"collection":[{"href":"https:\/\/hpaulick.de\/index.php?rest_route=\/wp\/v2\/posts"}],"about":[{"href":"https:\/\/hpaulick.de\/index.php?rest_route=\/wp\/v2\/types\/post"}],"author":[{"embeddable":true,"href":"https:\/\/hpaulick.de\/index.php?rest_route=\/wp\/v2\/users\/1"}],"replies":[{"embeddable":true,"href":"https:\/\/hpaulick.de\/index.php?rest_route=%2Fwp%2Fv2%2Fcomments&post=5036"}],"version-history":[{"count":3,"href":"https:\/\/hpaulick.de\/index.php?rest_route=\/wp\/v2\/posts\/5036\/revisions"}],"predecessor-version":[{"id":5040,"href":"https:\/\/hpaulick.de\/index.php?rest_route=\/wp\/v2\/posts\/5036\/revisions\/5040"}],"wp:attachment":[{"href":"https:\/\/hpaulick.de\/index.php?rest_route=%2Fwp%2Fv2%2Fmedia&parent=5036"}],"wp:term":[{"taxonomy":"category","embeddable":true,"href":"https:\/\/hpaulick.de\/index.php?rest_route=%2Fwp%2Fv2%2Fcategories&post=5036"},{"taxonomy":"post_tag","embeddable":true,"href":"https:\/\/hpaulick.de\/index.php?rest_route=%2Fwp%2Fv2%2Ftags&post=5036"}],"curies":[{"name":"wp","href":"https:\/\/api.w.org\/{rel}","templated":true}]}}