{"id":5041,"date":"2025-11-15T12:17:00","date_gmt":"2025-11-15T12:17:00","guid":{"rendered":"https:\/\/hpaulick.de\/?p=5041"},"modified":"2025-11-15T12:17:02","modified_gmt":"2025-11-15T12:17:02","slug":"radikaler-krankenkassenvorschlag","status":"publish","type":"post","link":"https:\/\/hpaulick.de\/?p=5041","title":{"rendered":"Radikaler Krankenkassenvorschlag"},"content":{"rendered":"\n<figure class=\"wp-block-embed is-type-rich is-provider-twitter wp-block-embed-twitter\"><div class=\"wp-block-embed__wrapper\">\n<div class=\"twitter-tweet\"><blockquote class=\"twitter-tweet\" data-lang=\"de\"><p lang=\"de\" dir=\"ltr\">Radikaler Krankenkassenvorschlag:<br>Kinder werden ab 2026 nicht mehr kostenlos mitversicher bei den Krankenkassen.<br>Jedes Kind muss eine von den Eltern bezahlte Krankenversicherung haben.<br>Einsparung bei den KRANKENKASSEN: 60.000.000.000 \u20ac = 60 Milliarden \u20ac!<a href=\"https:\/\/t.co\/WftCUM5dpT\">https:\/\/t.co\/WftCUM5dpT<\/a><\/p>&mdash; Metaphysischer Blogger &amp; Menippeischer Satiriker ! (@Scheinheilig16) <a href=\"https:\/\/twitter.com\/Scheinheilig16\/status\/1989666177334067663?ref_src=twsrc%5Etfw\">15. November 2025<\/a><\/blockquote><\/div>\n<\/div><\/figure>\n\n\n\n<p>Zeige mir wie du mit deinen Alten umgehst und ich sage dir ob du dich als junger Mensch selbst kastrierst.<br>Harald Paulick<br><br>Wenn Kinderlose mehr f\u00fcr die RENTE ZAHLEN m\u00fcssen, m\u00fcssen Familien mit KINDERN f\u00fcr die KRANKENVERSICHERUNG ihrer Kinder selber aufkommen.<br>Auch eine GENERATIONEN-Gerechtigkeit!<\/p>\n\n<div class=\"twitter-share\"><a href=\"https:\/\/twitter.com\/intent\/tweet?via=haraldpaulick\" class=\"twitter-share-button\" data-size=\"large\">Twittern<\/a><\/div>\n","protected":false},"excerpt":{"rendered":"<p>Zeige mir wie du mit deinen Alten umgehst und ich sage dir ob du dich als junger Mensch selbst kastrierst.Harald Paulick Wenn Kinderlose mehr f\u00fcr die RENTE ZAHLEN m\u00fcssen, m\u00fcssen Familien mit KINDERN f\u00fcr die KRANKENVERSICHERUNG ihrer Kinder selber aufkommen.Auch eine GENERATIONEN-Gerechtigkeit!<\/p>\n","protected":false},"author":1,"featured_media":0,"comment_status":"closed","ping_status":"open","sticky":false,"template":"","format":"standard","meta":{"footnotes":""},"categories":[{"term_id":35,"name":"Aff\u00e4ren","slug":"affaeren","term_group":0,"term_taxonomy_id":35,"taxonomy":"category","description":"","parent":0,"count":246,"filter":"raw","cat_ID":35,"category_count":246,"category_description":"","cat_name":"Aff\u00e4ren","category_nicename":"affaeren","category_parent":0},{"term_id":121,"name":"Armut","slug":"armut","term_group":0,"term_taxonomy_id":121,"taxonomy":"category","description":"","parent":0,"count":76,"filter":"raw","cat_ID":121,"category_count":76,"category_description":"","cat_name":"Armut","category_nicename":"armut","category_parent":0},{"term_id":81,"name":"CDU","slug":"cdu","term_group":0,"term_taxonomy_id":81,"taxonomy":"category","description":"","parent":0,"count":122,"filter":"raw","cat_ID":81,"category_count":122,"category_description":"","cat_name":"CDU","category_nicename":"cdu","category_parent":0},{"term_id":71,"name":"Clan-Kriminalit\u00e4t","slug":"clan-kriminalitaet","term_group":0,"term_taxonomy_id":71,"taxonomy":"category","description":"","parent":0,"count":101,"filter":"raw","cat_ID":71,"category_count":101,"category_description":"","cat_name":"Clan-Kriminalit\u00e4t","category_nicename":"clan-kriminalitaet","category_parent":0},{"term_id":202,"name":"Die T\u00e4ter sind unter uns!","slug":"die-taeter-sind-unter-uns","term_group":0,"term_taxonomy_id":202,"taxonomy":"category","description":"","parent":0,"count":316,"filter":"raw","cat_ID":202,"category_count":316,"category_description":"","cat_name":"Die T\u00e4ter sind unter uns!","category_nicename":"die-taeter-sind-unter-uns","category_parent":0},{"term_id":294,"name":"Doppelte Staatsb\u00fcrgerschaft","slug":"doppelte-staatsbuergerschaft","term_group":0,"term_taxonomy_id":294,"taxonomy":"category","description":"","parent":0,"count":39,"filter":"raw","cat_ID":294,"category_count":39,"category_description":"","cat_name":"Doppelte Staatsb\u00fcrgerschaft","category_nicename":"doppelte-staatsbuergerschaft","category_parent":0},{"term_id":224,"name":"Gedanken zur Zeit","slug":"gedanken-zur-zeit","term_group":0,"term_taxonomy_id":224,"taxonomy":"category","description":"","parent":0,"count":125,"filter":"raw","cat_ID":224,"category_count":125,"category_description":"","cat_name":"Gedanken zur Zeit","category_nicename":"gedanken-zur-zeit","category_parent":0},{"term_id":296,"name":"Merz-Regierung","slug":"merz-regierung","term_group":0,"term_taxonomy_id":296,"taxonomy":"category","description":"","parent":0,"count":66,"filter":"raw","cat_ID":296,"category_count":66,"category_description":"","cat_name":"Merz-Regierung","category_nicename":"merz-regierung","category_parent":0},{"term_id":137,"name":"Moralapostel","slug":"moralapostel","term_group":0,"term_taxonomy_id":137,"taxonomy":"category","description":"","parent":0,"count":210,"filter":"raw","cat_ID":137,"category_count":210,"category_description":"","cat_name":"Moralapostel","category_nicename":"moralapostel","category_parent":0}],"tags":[],"class_list":["post-5041","post","type-post","status-publish","format-standard","hentry","category-affaeren","category-armut","category-cdu","category-clan-kriminalitaet","category-die-taeter-sind-unter-uns","category-doppelte-staatsbuergerschaft","category-gedanken-zur-zeit","category-merz-regierung","category-moralapostel"],"images":{"thumbnail":false,"medium":false,"medium_large":false,"large":false,"full":false},"_links":{"self":[{"href":"https:\/\/hpaulick.de\/index.php?rest_route=\/wp\/v2\/posts\/5041","targetHints":{"allow":["GET"]}}],"collection":[{"href":"https:\/\/hpaulick.de\/index.php?rest_route=\/wp\/v2\/posts"}],"about":[{"href":"https:\/\/hpaulick.de\/index.php?rest_route=\/wp\/v2\/types\/post"}],"author":[{"embeddable":true,"href":"https:\/\/hpaulick.de\/index.php?rest_route=\/wp\/v2\/users\/1"}],"replies":[{"embeddable":true,"href":"https:\/\/hpaulick.de\/index.php?rest_route=%2Fwp%2Fv2%2Fcomments&post=5041"}],"version-history":[{"count":1,"href":"https:\/\/hpaulick.de\/index.php?rest_route=\/wp\/v2\/posts\/5041\/revisions"}],"predecessor-version":[{"id":5042,"href":"https:\/\/hpaulick.de\/index.php?rest_route=\/wp\/v2\/posts\/5041\/revisions\/5042"}],"wp:attachment":[{"href":"https:\/\/hpaulick.de\/index.php?rest_route=%2Fwp%2Fv2%2Fmedia&parent=5041"}],"wp:term":[{"taxonomy":"category","embeddable":true,"href":"https:\/\/hpaulick.de\/index.php?rest_route=%2Fwp%2Fv2%2Fcategories&post=5041"},{"taxonomy":"post_tag","embeddable":true,"href":"https:\/\/hpaulick.de\/index.php?rest_route=%2Fwp%2Fv2%2Ftags&post=5041"}],"curies":[{"name":"wp","href":"https:\/\/api.w.org\/{rel}","templated":true}]}}