{"id":5065,"date":"2025-11-17T12:40:31","date_gmt":"2025-11-17T12:40:31","guid":{"rendered":"https:\/\/hpaulick.de\/?p=5065"},"modified":"2025-11-17T12:48:59","modified_gmt":"2025-11-17T12:48:59","slug":"die-aktivrente-ist-wohl-verfassungswidrig-und-trotzdem-eine-gute-nachricht","status":"publish","type":"post","link":"https:\/\/hpaulick.de\/?p=5065","title":{"rendered":"Die Aktivrente ist wohl verfassungswidrig \u2013 und trotzdem eine gute Nachricht?"},"content":{"rendered":"\n<figure class=\"wp-block-embed is-type-rich is-provider-twitter wp-block-embed-twitter\"><div class=\"wp-block-embed__wrapper\">\n<div class=\"twitter-tweet\"><blockquote class=\"twitter-tweet\" data-lang=\"de\"><p lang=\"de\" dir=\"ltr\">Die Aktivrente ist wohl verfassungswidrig \u2013 und trotzdem eine gute Nachricht?<br>Aktivrente war Idee von Linnemann &amp; wird erstaunlich unkompliziert zu einem Gesetz.<br>Grund: Nicht alle Rentner k\u00f6nnen von ihr profitieren.<br>RENTNER die <a href=\"https:\/\/twitter.com\/hashtag\/selbst%C3%A4ndig?src=hash&amp;ref_src=twsrc%5Etfw\">#selbst\u00e4ndig<\/a> sind zB. nicht.<a href=\"https:\/\/t.co\/fotYTGBysv\">https:\/\/t.co\/fotYTGBysv<\/a><\/p>&mdash; Kater Montecarlo (@KaterMontecarlo) <a href=\"https:\/\/twitter.com\/KaterMontecarlo\/status\/1990399323171881189?ref_src=twsrc%5Etfw\">17. November 2025<\/a><\/blockquote><\/div>\n<\/div><\/figure>\n\n\n\n<p class=\"has-medium-font-size\"><strong><em>Was n\u00fctzt eine Aktivrente um zum Beispiel die Rentenl\u00fccke im Alter aufzuf\u00fcllen, wenn du in&#8217;s Pflegeheim eingewiesen wirst und dir monatlich 4.000\u20ac von deinem Konto abgebucht wird, bis NICHTS mehr da ist, um deine Pflege zu bezahlen.<\/em><\/strong><br><br><strong>Zeig mir, wie du mit deinen Alten umgehst und ich sage dir, in was f\u00fcr einer degenerierten Gesellschaft du lebst.<br>Harald Paulick<br>Blogger &amp; Satiriker<br>www.c\u00ed.de<\/strong><\/p>\n\n\n\n<p><\/p>\n\n<div class=\"twitter-share\"><a href=\"https:\/\/twitter.com\/intent\/tweet?via=haraldpaulick\" class=\"twitter-share-button\" data-size=\"large\">Twittern<\/a><\/div>\n","protected":false},"excerpt":{"rendered":"<p>Was n\u00fctzt eine Aktivrente um zum Beispiel die Rentenl\u00fccke im Alter aufzuf\u00fcllen, wenn du in&#8217;s Pflegeheim eingewiesen wirst und dir monatlich 4.000\u20ac von deinem Konto abgebucht wird, bis NICHTS mehr da ist, um deine Pflege zu bezahlen. Zeig mir, wie du mit deinen Alten umgehst und ich sage dir, in was f\u00fcr einer degenerierten Gesellschaft &hellip; <a href=\"https:\/\/hpaulick.de\/?p=5065\" class=\"more-link\"><span class=\"screen-reader-text\">Die Aktivrente ist wohl verfassungswidrig \u2013 und trotzdem eine gute Nachricht?<\/span> weiterlesen<\/a><\/p>\n","protected":false},"author":1,"featured_media":0,"comment_status":"closed","ping_status":"open","sticky":false,"template":"","format":"standard","meta":{"footnotes":""},"categories":[{"term_id":302,"name":"Aktiv-Rente","slug":"aktiv-rente","term_group":0,"term_taxonomy_id":302,"taxonomy":"category","description":"","parent":0,"count":5,"filter":"raw","cat_ID":302,"category_count":5,"category_description":"","cat_name":"Aktiv-Rente","category_nicename":"aktiv-rente","category_parent":0},{"term_id":266,"name":"Altersarmut","slug":"altersarmut","term_group":0,"term_taxonomy_id":266,"taxonomy":"category","description":"","parent":0,"count":35,"filter":"raw","cat_ID":266,"category_count":35,"category_description":"","cat_name":"Altersarmut","category_nicename":"altersarmut","category_parent":0},{"term_id":267,"name":"Enteignung von Pflegebed\u00fcrftigen","slug":"enteignung-von-pflegebeduerftigen","term_group":0,"term_taxonomy_id":267,"taxonomy":"category","description":"","parent":0,"count":39,"filter":"raw","cat_ID":267,"category_count":39,"category_description":"","cat_name":"Enteignung von Pflegebed\u00fcrftigen","category_nicename":"enteignung-von-pflegebeduerftigen","category_parent":0}],"tags":[],"class_list":["post-5065","post","type-post","status-publish","format-standard","hentry","category-aktiv-rente","category-altersarmut","category-enteignung-von-pflegebeduerftigen"],"images":{"thumbnail":false,"medium":false,"medium_large":false,"large":false,"full":false},"_links":{"self":[{"href":"https:\/\/hpaulick.de\/index.php?rest_route=\/wp\/v2\/posts\/5065","targetHints":{"allow":["GET"]}}],"collection":[{"href":"https:\/\/hpaulick.de\/index.php?rest_route=\/wp\/v2\/posts"}],"about":[{"href":"https:\/\/hpaulick.de\/index.php?rest_route=\/wp\/v2\/types\/post"}],"author":[{"embeddable":true,"href":"https:\/\/hpaulick.de\/index.php?rest_route=\/wp\/v2\/users\/1"}],"replies":[{"embeddable":true,"href":"https:\/\/hpaulick.de\/index.php?rest_route=%2Fwp%2Fv2%2Fcomments&post=5065"}],"version-history":[{"count":2,"href":"https:\/\/hpaulick.de\/index.php?rest_route=\/wp\/v2\/posts\/5065\/revisions"}],"predecessor-version":[{"id":5068,"href":"https:\/\/hpaulick.de\/index.php?rest_route=\/wp\/v2\/posts\/5065\/revisions\/5068"}],"wp:attachment":[{"href":"https:\/\/hpaulick.de\/index.php?rest_route=%2Fwp%2Fv2%2Fmedia&parent=5065"}],"wp:term":[{"taxonomy":"category","embeddable":true,"href":"https:\/\/hpaulick.de\/index.php?rest_route=%2Fwp%2Fv2%2Fcategories&post=5065"},{"taxonomy":"post_tag","embeddable":true,"href":"https:\/\/hpaulick.de\/index.php?rest_route=%2Fwp%2Fv2%2Ftags&post=5065"}],"curies":[{"name":"wp","href":"https:\/\/api.w.org\/{rel}","templated":true}]}}