{"id":5166,"date":"2025-12-02T12:31:14","date_gmt":"2025-12-02T12:31:14","guid":{"rendered":"https:\/\/hpaulick.de\/?p=5166"},"modified":"2025-12-02T12:33:34","modified_gmt":"2025-12-02T12:33:34","slug":"umgang-mit-der-afd-es-ist-das-gegenteil-von-dem-passiert-was-wir-wollten","status":"publish","type":"post","link":"https:\/\/hpaulick.de\/?p=5166","title":{"rendered":"Umgang mit der AfD: \u201eEs ist das Gegenteil von dem passiert, was wir wollten\u201c."},"content":{"rendered":"\n<figure class=\"wp-block-embed is-type-rich is-provider-twitter wp-block-embed-twitter\"><div class=\"wp-block-embed__wrapper\">\n<div class=\"twitter-tweet\"><blockquote class=\"twitter-tweet\" data-lang=\"de\"><p lang=\"de\" dir=\"ltr\">Umgang mit der AfD: \u201eEs ist das Gegenteil von dem passiert, was wir wollten\u201c.<br>Wenn man eine Ausrede mit einer L\u00fcge rechtfertigt, wird der W\u00e4hler nicht dem L\u00dcGNER glauben, denn die W\u00e4hler wissen um die Realit\u00e4t! S. G. W.<a href=\"https:\/\/twitter.com\/hashtag\/Harald?src=hash&amp;ref_src=twsrc%5Etfw\">#Harald<\/a> <a href=\"https:\/\/twitter.com\/hashtag\/Paulick?src=hash&amp;ref_src=twsrc%5Etfw\">#Paulick<\/a><br>Blogger &amp; Satiriker<a href=\"https:\/\/t.co\/kqptcSVwzK\">https:\/\/t.co\/kqptcSVwzK<\/a><\/p>&mdash; atheist (@Matheistos) <a href=\"https:\/\/twitter.com\/Matheistos\/status\/1995832185476317220?ref_src=twsrc%5Etfw\">2. Dezember 2025<\/a><\/blockquote><\/div>\n<\/div><\/figure>\n\n<div class=\"twitter-share\"><a href=\"https:\/\/twitter.com\/intent\/tweet?via=haraldpaulick\" class=\"twitter-share-button\" data-size=\"large\">Twittern<\/a><\/div>\n","protected":false},"excerpt":{"rendered":"","protected":false},"author":1,"featured_media":0,"comment_status":"closed","ping_status":"open","sticky":false,"template":"","format":"standard","meta":{"footnotes":""},"categories":[{"term_id":63,"name":"Aberglaube","slug":"aberglaube","term_group":0,"term_taxonomy_id":63,"taxonomy":"category","description":"","parent":0,"count":404,"filter":"raw","cat_ID":63,"category_count":404,"category_description":"","cat_name":"Aberglaube","category_nicename":"aberglaube","category_parent":0},{"term_id":303,"name":"Antifa","slug":"antifa","term_group":0,"term_taxonomy_id":303,"taxonomy":"category","description":"","parent":0,"count":10,"filter":"raw","cat_ID":303,"category_count":10,"category_description":"","cat_name":"Antifa","category_nicename":"antifa","category_parent":0},{"term_id":130,"name":"Bestechlichkeit","slug":"bestechlichkeit","term_group":0,"term_taxonomy_id":130,"taxonomy":"category","description":"","parent":0,"count":245,"filter":"raw","cat_ID":130,"category_count":245,"category_description":"","cat_name":"Bestechlichkeit","category_nicename":"bestechlichkeit","category_parent":0},{"term_id":71,"name":"Clan-Kriminalit\u00e4t","slug":"clan-kriminalitaet","term_group":0,"term_taxonomy_id":71,"taxonomy":"category","description":"","parent":0,"count":102,"filter":"raw","cat_ID":71,"category_count":102,"category_description":"","cat_name":"Clan-Kriminalit\u00e4t","category_nicename":"clan-kriminalitaet","category_parent":0},{"term_id":202,"name":"Die T\u00e4ter sind unter uns!","slug":"die-taeter-sind-unter-uns","term_group":0,"term_taxonomy_id":202,"taxonomy":"category","description":"","parent":0,"count":316,"filter":"raw","cat_ID":202,"category_count":316,"category_description":"","cat_name":"Die T\u00e4ter sind unter uns!","category_nicename":"die-taeter-sind-unter-uns","category_parent":0},{"term_id":307,"name":"Erpressung","slug":"erpressung","term_group":0,"term_taxonomy_id":307,"taxonomy":"category","description":"","parent":0,"count":7,"filter":"raw","cat_ID":307,"category_count":7,"category_description":"","cat_name":"Erpressung","category_nicename":"erpressung","category_parent":0},{"term_id":224,"name":"Gedanken zur Zeit","slug":"gedanken-zur-zeit","term_group":0,"term_taxonomy_id":224,"taxonomy":"category","description":"","parent":0,"count":125,"filter":"raw","cat_ID":224,"category_count":125,"category_description":"","cat_name":"Gedanken zur Zeit","category_nicename":"gedanken-zur-zeit","category_parent":0},{"term_id":221,"name":"Scheinheilige","slug":"scheinheilige","term_group":0,"term_taxonomy_id":221,"taxonomy":"category","description":"","parent":0,"count":195,"filter":"raw","cat_ID":221,"category_count":195,"category_description":"","cat_name":"Scheinheilige","category_nicename":"scheinheilige","category_parent":0},{"term_id":175,"name":"VERSAGER","slug":"versager","term_group":0,"term_taxonomy_id":175,"taxonomy":"category","description":"","parent":0,"count":222,"filter":"raw","cat_ID":175,"category_count":222,"category_description":"","cat_name":"VERSAGER","category_nicename":"versager","category_parent":0}],"tags":[],"class_list":["post-5166","post","type-post","status-publish","format-standard","hentry","category-aberglaube","category-antifa","category-bestechlichkeit","category-clan-kriminalitaet","category-die-taeter-sind-unter-uns","category-erpressung","category-gedanken-zur-zeit","category-scheinheilige","category-versager"],"images":{"thumbnail":false,"medium":false,"medium_large":false,"large":false,"full":false},"_links":{"self":[{"href":"https:\/\/hpaulick.de\/index.php?rest_route=\/wp\/v2\/posts\/5166","targetHints":{"allow":["GET"]}}],"collection":[{"href":"https:\/\/hpaulick.de\/index.php?rest_route=\/wp\/v2\/posts"}],"about":[{"href":"https:\/\/hpaulick.de\/index.php?rest_route=\/wp\/v2\/types\/post"}],"author":[{"embeddable":true,"href":"https:\/\/hpaulick.de\/index.php?rest_route=\/wp\/v2\/users\/1"}],"replies":[{"embeddable":true,"href":"https:\/\/hpaulick.de\/index.php?rest_route=%2Fwp%2Fv2%2Fcomments&post=5166"}],"version-history":[{"count":1,"href":"https:\/\/hpaulick.de\/index.php?rest_route=\/wp\/v2\/posts\/5166\/revisions"}],"predecessor-version":[{"id":5167,"href":"https:\/\/hpaulick.de\/index.php?rest_route=\/wp\/v2\/posts\/5166\/revisions\/5167"}],"wp:attachment":[{"href":"https:\/\/hpaulick.de\/index.php?rest_route=%2Fwp%2Fv2%2Fmedia&parent=5166"}],"wp:term":[{"taxonomy":"category","embeddable":true,"href":"https:\/\/hpaulick.de\/index.php?rest_route=%2Fwp%2Fv2%2Fcategories&post=5166"},{"taxonomy":"post_tag","embeddable":true,"href":"https:\/\/hpaulick.de\/index.php?rest_route=%2Fwp%2Fv2%2Ftags&post=5166"}],"curies":[{"name":"wp","href":"https:\/\/api.w.org\/{rel}","templated":true}]}}