{"id":5377,"date":"2026-01-11T08:56:01","date_gmt":"2026-01-11T08:56:01","guid":{"rendered":"https:\/\/hpaulick.de\/?p=5377"},"modified":"2026-01-11T08:56:03","modified_gmt":"2026-01-11T08:56:03","slug":"wie-man-bei-der-cdu-nicht-alles-schlecht-reden-muss-ist-noch-nicht-alles-bestens-es-gibt-aber-positive-ausnahmen","status":"publish","type":"post","link":"https:\/\/hpaulick.de\/?p=5377","title":{"rendered":"Wie man bei der CDU nicht alles schlecht reden muss, ist noch nicht alles BESTENS. Es gibt aber positive Ausnahmen."},"content":{"rendered":"\n<figure class=\"wp-block-embed is-type-rich is-provider-twitter wp-block-embed-twitter\"><div class=\"wp-block-embed__wrapper\">\n<div class=\"twitter-tweet\"><blockquote class=\"twitter-tweet\" data-lang=\"de\"><p lang=\"de\" dir=\"ltr\">Es gibt in Berlin auch CDU Mitglieder und Verantwortliche, welche sich um die Probleme und Herausforderungen der B\u00fcrger k\u00fcmmern.<br>Die B\u00fcrgersprechstunde ist eine gute Gelegenheit gemeinsam L\u00f6sungen zu finden!<br>Harald Paulick<br>Blogger &amp; Satiriker<a href=\"https:\/\/t.co\/sfCar91vXQ\">https:\/\/t.co\/sfCar91vXQ<\/a> <a href=\"https:\/\/t.co\/MPbEyV2C4E\">pic.twitter.com\/MPbEyV2C4E<\/a><\/p>&mdash; Harald Paulick Berlin-Pankow Franz\u00f6sisch Buchholz! (@Harald_Paulick) <a href=\"https:\/\/twitter.com\/Harald_Paulick\/status\/2010267731443233128?ref_src=twsrc%5Etfw\">11. Januar 2026<\/a><\/blockquote><\/div>\n<\/div><\/figure>\n\n<div class=\"twitter-share\"><a href=\"https:\/\/twitter.com\/intent\/tweet?via=haraldpaulick\" class=\"twitter-share-button\" data-size=\"large\">Twittern<\/a><\/div>\n","protected":false},"excerpt":{"rendered":"","protected":false},"author":1,"featured_media":0,"comment_status":"closed","ping_status":"open","sticky":false,"template":"","format":"standard","meta":{"footnotes":""},"categories":[{"term_id":27,"name":"Asylpolitik","slug":"asylpolitik","term_group":0,"term_taxonomy_id":27,"taxonomy":"category","description":"","parent":0,"count":325,"filter":"raw","cat_ID":27,"category_count":325,"category_description":"","cat_name":"Asylpolitik","category_nicename":"asylpolitik","category_parent":0},{"term_id":81,"name":"CDU","slug":"cdu","term_group":0,"term_taxonomy_id":81,"taxonomy":"category","description":"","parent":0,"count":120,"filter":"raw","cat_ID":81,"category_count":120,"category_description":"","cat_name":"CDU","category_nicename":"cdu","category_parent":0},{"term_id":70,"name":"Demokratie","slug":"demokratie","term_group":0,"term_taxonomy_id":70,"taxonomy":"category","description":"","parent":0,"count":122,"filter":"raw","cat_ID":70,"category_count":122,"category_description":"","cat_name":"Demokratie","category_nicename":"demokratie","category_parent":0},{"term_id":37,"name":"GROKO","slug":"groko","term_group":0,"term_taxonomy_id":37,"taxonomy":"category","description":"","parent":0,"count":12,"filter":"raw","cat_ID":37,"category_count":12,"category_description":"","cat_name":"GROKO","category_nicename":"groko","category_parent":0},{"term_id":314,"name":"Grundsteuer-Erh\u00f6hung","slug":"grundsteuer-erhoehung","term_group":0,"term_taxonomy_id":314,"taxonomy":"category","description":"","parent":0,"count":18,"filter":"raw","cat_ID":314,"category_count":18,"category_description":"","cat_name":"Grundsteuer-Erh\u00f6hung","category_nicename":"grundsteuer-erhoehung","category_parent":0},{"term_id":170,"name":"Hass der GR\u00dcNEN LINKEN auf alles ANDERSDENKENDE","slug":"hass-der-gruenen-linken-auf-alles-andersdenkende","term_group":0,"term_taxonomy_id":170,"taxonomy":"category","description":"","parent":0,"count":254,"filter":"raw","cat_ID":170,"category_count":254,"category_description":"","cat_name":"Hass der GR\u00dcNEN LINKEN auf alles ANDERSDENKENDE","category_nicename":"hass-der-gruenen-linken-auf-alles-andersdenkende","category_parent":0},{"term_id":209,"name":"Illusion von Integration","slug":"illusion-von-integration","term_group":0,"term_taxonomy_id":209,"taxonomy":"category","description":"","parent":0,"count":199,"filter":"raw","cat_ID":209,"category_count":199,"category_description":"","cat_name":"Illusion von Integration","category_nicename":"illusion-von-integration","category_parent":0},{"term_id":47,"name":"Kommunikation","slug":"kommunikation","term_group":0,"term_taxonomy_id":47,"taxonomy":"category","description":"","parent":0,"count":32,"filter":"raw","cat_ID":47,"category_count":32,"category_description":"","cat_name":"Kommunikation","category_nicename":"kommunikation","category_parent":0},{"term_id":50,"name":"Linksextremismus","slug":"linksextremismus","term_group":0,"term_taxonomy_id":50,"taxonomy":"category","description":"","parent":0,"count":313,"filter":"raw","cat_ID":50,"category_count":313,"category_description":"","cat_name":"Linksextremismus","category_nicename":"linksextremismus","category_parent":0},{"term_id":296,"name":"Merz-Regierung","slug":"merz-regierung","term_group":0,"term_taxonomy_id":296,"taxonomy":"category","description":"","parent":0,"count":66,"filter":"raw","cat_ID":296,"category_count":66,"category_description":"","cat_name":"Merz-Regierung","category_nicename":"merz-regierung","category_parent":0},{"term_id":253,"name":"Multikulti","slug":"multikulti","term_group":0,"term_taxonomy_id":253,"taxonomy":"category","description":"","parent":0,"count":81,"filter":"raw","cat_ID":253,"category_count":81,"category_description":"","cat_name":"Multikulti","category_nicename":"multikulti","category_parent":0},{"term_id":256,"name":"NGO's","slug":"ngos","term_group":0,"term_taxonomy_id":256,"taxonomy":"category","description":"","parent":0,"count":37,"filter":"raw","cat_ID":256,"category_count":37,"category_description":"","cat_name":"NGO's","category_nicename":"ngos","category_parent":0},{"term_id":237,"name":"Rentner","slug":"rentner","term_group":0,"term_taxonomy_id":237,"taxonomy":"category","description":"","parent":0,"count":35,"filter":"raw","cat_ID":237,"category_count":35,"category_description":"","cat_name":"Rentner","category_nicename":"rentner","category_parent":0},{"term_id":114,"name":"Schule","slug":"schule","term_group":0,"term_taxonomy_id":114,"taxonomy":"category","description":"","parent":0,"count":4,"filter":"raw","cat_ID":114,"category_count":4,"category_description":"","cat_name":"Schule","category_nicename":"schule","category_parent":0},{"term_id":249,"name":"Schwarz Rote Regierung","slug":"schwarz-rote-regierung","term_group":0,"term_taxonomy_id":249,"taxonomy":"category","description":"","parent":0,"count":143,"filter":"raw","cat_ID":249,"category_count":143,"category_description":"","cat_name":"Schwarz Rote Regierung","category_nicename":"schwarz-rote-regierung","category_parent":0},{"term_id":91,"name":"Steuererh\u00f6hungen","slug":"steuererhoehungen","term_group":0,"term_taxonomy_id":91,"taxonomy":"category","description":"","parent":0,"count":107,"filter":"raw","cat_ID":91,"category_count":107,"category_description":"","cat_name":"Steuererh\u00f6hungen","category_nicename":"steuererhoehungen","category_parent":0},{"term_id":240,"name":"Union (CDU+CSU)","slug":"union-cducsu","term_group":0,"term_taxonomy_id":240,"taxonomy":"category","description":"","parent":0,"count":30,"filter":"raw","cat_ID":240,"category_count":30,"category_description":"","cat_name":"Union (CDU+CSU)","category_nicename":"union-cducsu","category_parent":0}],"tags":[],"class_list":["post-5377","post","type-post","status-publish","format-standard","hentry","category-asylpolitik","category-cdu","category-demokratie","category-groko","category-grundsteuer-erhoehung","category-hass-der-gruenen-linken-auf-alles-andersdenkende","category-illusion-von-integration","category-kommunikation","category-linksextremismus","category-merz-regierung","category-multikulti","category-ngos","category-rentner","category-schule","category-schwarz-rote-regierung","category-steuererhoehungen","category-union-cducsu"],"images":{"thumbnail":false,"medium":false,"medium_large":false,"large":false,"full":false},"_links":{"self":[{"href":"https:\/\/hpaulick.de\/index.php?rest_route=\/wp\/v2\/posts\/5377","targetHints":{"allow":["GET"]}}],"collection":[{"href":"https:\/\/hpaulick.de\/index.php?rest_route=\/wp\/v2\/posts"}],"about":[{"href":"https:\/\/hpaulick.de\/index.php?rest_route=\/wp\/v2\/types\/post"}],"author":[{"embeddable":true,"href":"https:\/\/hpaulick.de\/index.php?rest_route=\/wp\/v2\/users\/1"}],"replies":[{"embeddable":true,"href":"https:\/\/hpaulick.de\/index.php?rest_route=%2Fwp%2Fv2%2Fcomments&post=5377"}],"version-history":[{"count":1,"href":"https:\/\/hpaulick.de\/index.php?rest_route=\/wp\/v2\/posts\/5377\/revisions"}],"predecessor-version":[{"id":5378,"href":"https:\/\/hpaulick.de\/index.php?rest_route=\/wp\/v2\/posts\/5377\/revisions\/5378"}],"wp:attachment":[{"href":"https:\/\/hpaulick.de\/index.php?rest_route=%2Fwp%2Fv2%2Fmedia&parent=5377"}],"wp:term":[{"taxonomy":"category","embeddable":true,"href":"https:\/\/hpaulick.de\/index.php?rest_route=%2Fwp%2Fv2%2Fcategories&post=5377"},{"taxonomy":"post_tag","embeddable":true,"href":"https:\/\/hpaulick.de\/index.php?rest_route=%2Fwp%2Fv2%2Ftags&post=5377"}],"curies":[{"name":"wp","href":"https:\/\/api.w.org\/{rel}","templated":true}]}}