{"id":5551,"date":"2026-03-08T07:42:28","date_gmt":"2026-03-08T07:42:28","guid":{"rendered":"https:\/\/hpaulick.de\/?p=5551"},"modified":"2026-03-08T07:42:30","modified_gmt":"2026-03-08T07:42:30","slug":"dieter-nuhr-ist-einfach-der-beste","status":"publish","type":"post","link":"https:\/\/hpaulick.de\/?p=5551","title":{"rendered":"Dieter  Nuhr ist einfach der BESTE"},"content":{"rendered":"\n<figure class=\"wp-block-embed is-type-rich is-provider-twitter wp-block-embed-twitter\"><div class=\"wp-block-embed__wrapper\">\n<div class=\"twitter-tweet\"><blockquote class=\"twitter-tweet\" data-lang=\"de\"><p lang=\"de\" dir=\"ltr\">Dieter Nuhr mit Geschichtsnachhilfe f\u00fcr linke deutsche Pal\u00e4stina-Romantiker: Apartheid-Geraune, Israel als angebliche Kolonialmacht, null Fakten. Es gab nie einen Staat Pal\u00e4stina. Israel hat niemandem etwas weggenommen! Geschichtsb\u00fccher und Realit\u00e4t st\u00f6ren eben beim moralischen\u2026 <a href=\"https:\/\/t.co\/VE5Jd4XYi1\">pic.twitter.com\/VE5Jd4XYi1<\/a><\/p>&mdash; Eddie Graf (@Eddie_1412) <a href=\"https:\/\/twitter.com\/Eddie_1412\/status\/2025706983752671284?ref_src=twsrc%5Etfw\">22. Februar 2026<\/a><\/blockquote><\/div>\n<\/div><\/figure>\n\n\n\n<p><a href=\"https:\/\/www.facebook.com\/HonestlyConcerned\/videos\/dieter-nuhr-mit-geschichtsnachhilfe-f%C3%BCr-linke-deutsche-pal%C3%A4stina-romantiker-apar\/1571970010677122\">https:\/\/www.facebook.com\/HonestlyConcerned\/videos\/dieter-nuhr-mit-geschichtsnachhilfe-f%C3%BCr-linke-deutsche-pal%C3%A4stina-romantiker-apar\/1571970010677122<\/a><\/p>\n\n\n\n<p>Bildung schadet nur dem, der keine hat!<br>Alfredo TREETON<br>Ghostwriter<br>@AlfredoTreeton bei X (Ehemals Twitter)<br><br>Den gr\u00f6\u00dften Fehler, den man machen kann ist, zu denken, dass andere es auch wissen, was die Fakten und die Realit\u00e4t sind.<br>Unwissende nutzen immer alternative Wahrheiten, um ihr Unwissen zu kaschieren!<br>Harald Paulick<\/p>\n\n<div class=\"twitter-share\"><a href=\"https:\/\/twitter.com\/intent\/tweet?via=haraldpaulick\" class=\"twitter-share-button\" data-size=\"large\">Twittern<\/a><\/div>\n","protected":false},"excerpt":{"rendered":"<p>https:\/\/www.facebook.com\/HonestlyConcerned\/videos\/dieter-nuhr-mit-geschichtsnachhilfe-f%C3%BCr-linke-deutsche-pal%C3%A4stina-romantiker-apar\/1571970010677122 Bildung schadet nur dem, der keine hat!Alfredo TREETONGhostwriter@AlfredoTreeton bei X (Ehemals Twitter) Den gr\u00f6\u00dften Fehler, den man machen kann ist, zu denken, dass andere es auch wissen, was die Fakten und die Realit\u00e4t sind.Unwissende nutzen immer alternative Wahrheiten, um ihr Unwissen zu kaschieren!Harald Paulick<\/p>\n","protected":false},"author":1,"featured_media":0,"comment_status":"closed","ping_status":"open","sticky":false,"template":"","format":"standard","meta":{"footnotes":""},"categories":[{"term_id":329,"name":"\"Migration schaft mehr Probleme, als es nutzt!\" Helmut Schmidt","slug":"migration-schaft-mehr-probleme-als-es-nutzt-helmut-schmidt","term_group":0,"term_taxonomy_id":329,"taxonomy":"category","description":"","parent":0,"count":28,"filter":"raw","cat_ID":329,"category_count":28,"category_description":"","cat_name":"\"Migration schaft mehr Probleme, als es nutzt!\" Helmut Schmidt","category_nicename":"migration-schaft-mehr-probleme-als-es-nutzt-helmut-schmidt","category_parent":0},{"term_id":63,"name":"Aberglaube","slug":"aberglaube","term_group":0,"term_taxonomy_id":63,"taxonomy":"category","description":"","parent":0,"count":404,"filter":"raw","cat_ID":63,"category_count":404,"category_description":"","cat_name":"Aberglaube","category_nicename":"aberglaube","category_parent":0},{"term_id":35,"name":"Aff\u00e4ren","slug":"affaeren","term_group":0,"term_taxonomy_id":35,"taxonomy":"category","description":"","parent":0,"count":246,"filter":"raw","cat_ID":35,"category_count":246,"category_description":"","cat_name":"Aff\u00e4ren","category_nicename":"affaeren","category_parent":0},{"term_id":54,"name":"Bildungslose Politiker","slug":"bildungslose-politiker","term_group":0,"term_taxonomy_id":54,"taxonomy":"category","description":"","parent":0,"count":676,"filter":"raw","cat_ID":54,"category_count":676,"category_description":"","cat_name":"Bildungslose Politiker","category_nicename":"bildungslose-politiker","category_parent":0},{"term_id":70,"name":"Demokratie","slug":"demokratie","term_group":0,"term_taxonomy_id":70,"taxonomy":"category","description":"","parent":0,"count":122,"filter":"raw","cat_ID":70,"category_count":122,"category_description":"","cat_name":"Demokratie","category_nicename":"demokratie","category_parent":0},{"term_id":167,"name":"Gewalt und Terror von LINKS","slug":"gewalt-und-terror-von-links","term_group":0,"term_taxonomy_id":167,"taxonomy":"category","description":"","parent":0,"count":234,"filter":"raw","cat_ID":167,"category_count":234,"category_description":"","cat_name":"Gewalt und Terror von LINKS","category_nicename":"gewalt-und-terror-von-links","category_parent":0},{"term_id":208,"name":"Gewalt und Terror von Migranten","slug":"gewalt-und-terror-von-migranten","term_group":0,"term_taxonomy_id":208,"taxonomy":"category","description":"","parent":0,"count":156,"filter":"raw","cat_ID":208,"category_count":156,"category_description":"","cat_name":"Gewalt und Terror von Migranten","category_nicename":"gewalt-und-terror-von-migranten","category_parent":0},{"term_id":131,"name":"Informationen","slug":"informationen","term_group":0,"term_taxonomy_id":131,"taxonomy":"category","description":"","parent":0,"count":158,"filter":"raw","cat_ID":131,"category_count":158,"category_description":"","cat_name":"Informationen","category_nicename":"informationen","category_parent":0},{"term_id":204,"name":"Islamische Republik Deutschland","slug":"islamische-republik-deutschland","term_group":0,"term_taxonomy_id":204,"taxonomy":"category","description":"","parent":0,"count":66,"filter":"raw","cat_ID":204,"category_count":66,"category_description":"","cat_name":"Islamische Republik Deutschland","category_nicename":"islamische-republik-deutschland","category_parent":0},{"term_id":301,"name":"Kommunisten","slug":"kommunisten","term_group":0,"term_taxonomy_id":301,"taxonomy":"category","description":"","parent":0,"count":2,"filter":"raw","cat_ID":301,"category_count":2,"category_description":"","cat_name":"Kommunisten","category_nicename":"kommunisten","category_parent":0},{"term_id":195,"name":"Kriegstreiber","slug":"kriegstreiber","term_group":0,"term_taxonomy_id":195,"taxonomy":"category","description":"","parent":0,"count":45,"filter":"raw","cat_ID":195,"category_count":45,"category_description":"","cat_name":"Kriegstreiber","category_nicename":"kriegstreiber","category_parent":0},{"term_id":129,"name":"Kriegsverbrechen","slug":"kriegsverbrechen","term_group":0,"term_taxonomy_id":129,"taxonomy":"category","description":"","parent":0,"count":38,"filter":"raw","cat_ID":129,"category_count":38,"category_description":"","cat_name":"Kriegsverbrechen","category_nicename":"kriegsverbrechen","category_parent":0},{"term_id":50,"name":"Linksextremismus","slug":"linksextremismus","term_group":0,"term_taxonomy_id":50,"taxonomy":"category","description":"","parent":0,"count":313,"filter":"raw","cat_ID":50,"category_count":313,"category_description":"","cat_name":"Linksextremismus","category_nicename":"linksextremismus","category_parent":0},{"term_id":276,"name":"Mit Waffen gegen Andersdenkende","slug":"mit-waffen-gegen-andersdenkende","term_group":0,"term_taxonomy_id":276,"taxonomy":"category","description":"","parent":0,"count":48,"filter":"raw","cat_ID":276,"category_count":48,"category_description":"","cat_name":"Mit Waffen gegen Andersdenkende","category_nicename":"mit-waffen-gegen-andersdenkende","category_parent":0},{"term_id":137,"name":"Moralapostel","slug":"moralapostel","term_group":0,"term_taxonomy_id":137,"taxonomy":"category","description":"","parent":0,"count":210,"filter":"raw","cat_ID":137,"category_count":210,"category_description":"","cat_name":"Moralapostel","category_nicename":"moralapostel","category_parent":0},{"term_id":215,"name":"POSTKOMUNISTEN","slug":"postkomunisten","term_group":0,"term_taxonomy_id":215,"taxonomy":"category","description":"","parent":0,"count":32,"filter":"raw","cat_ID":215,"category_count":32,"category_description":"","cat_name":"POSTKOMUNISTEN","category_nicename":"postkomunisten","category_parent":0},{"term_id":201,"name":"Scharia","slug":"scharia","term_group":0,"term_taxonomy_id":201,"taxonomy":"category","description":"","parent":0,"count":16,"filter":"raw","cat_ID":201,"category_count":16,"category_description":"","cat_name":"Scharia","category_nicename":"scharia","category_parent":0},{"term_id":221,"name":"Scheinheilige","slug":"scheinheilige","term_group":0,"term_taxonomy_id":221,"taxonomy":"category","description":"","parent":0,"count":195,"filter":"raw","cat_ID":221,"category_count":195,"category_description":"","cat_name":"Scheinheilige","category_nicename":"scheinheilige","category_parent":0},{"term_id":280,"name":"Umsiedlung","slug":"umsiedlung","term_group":0,"term_taxonomy_id":280,"taxonomy":"category","description":"","parent":0,"count":5,"filter":"raw","cat_ID":280,"category_count":5,"category_description":"","cat_name":"Umsiedlung","category_nicename":"umsiedlung","category_parent":0},{"term_id":228,"name":"Zitate","slug":"zitate","term_group":0,"term_taxonomy_id":228,"taxonomy":"category","description":"","parent":0,"count":3,"filter":"raw","cat_ID":228,"category_count":3,"category_description":"","cat_name":"Zitate","category_nicename":"zitate","category_parent":0}],"tags":[],"class_list":["post-5551","post","type-post","status-publish","format-standard","hentry","category-migration-schaft-mehr-probleme-als-es-nutzt-helmut-schmidt","category-aberglaube","category-affaeren","category-bildungslose-politiker","category-demokratie","category-gewalt-und-terror-von-links","category-gewalt-und-terror-von-migranten","category-informationen","category-islamische-republik-deutschland","category-kommunisten","category-kriegstreiber","category-kriegsverbrechen","category-linksextremismus","category-mit-waffen-gegen-andersdenkende","category-moralapostel","category-postkomunisten","category-scharia","category-scheinheilige","category-umsiedlung","category-zitate"],"images":{"thumbnail":false,"medium":false,"medium_large":false,"large":false,"full":false},"_links":{"self":[{"href":"https:\/\/hpaulick.de\/index.php?rest_route=\/wp\/v2\/posts\/5551","targetHints":{"allow":["GET"]}}],"collection":[{"href":"https:\/\/hpaulick.de\/index.php?rest_route=\/wp\/v2\/posts"}],"about":[{"href":"https:\/\/hpaulick.de\/index.php?rest_route=\/wp\/v2\/types\/post"}],"author":[{"embeddable":true,"href":"https:\/\/hpaulick.de\/index.php?rest_route=\/wp\/v2\/users\/1"}],"replies":[{"embeddable":true,"href":"https:\/\/hpaulick.de\/index.php?rest_route=%2Fwp%2Fv2%2Fcomments&post=5551"}],"version-history":[{"count":1,"href":"https:\/\/hpaulick.de\/index.php?rest_route=\/wp\/v2\/posts\/5551\/revisions"}],"predecessor-version":[{"id":5552,"href":"https:\/\/hpaulick.de\/index.php?rest_route=\/wp\/v2\/posts\/5551\/revisions\/5552"}],"wp:attachment":[{"href":"https:\/\/hpaulick.de\/index.php?rest_route=%2Fwp%2Fv2%2Fmedia&parent=5551"}],"wp:term":[{"taxonomy":"category","embeddable":true,"href":"https:\/\/hpaulick.de\/index.php?rest_route=%2Fwp%2Fv2%2Fcategories&post=5551"},{"taxonomy":"post_tag","embeddable":true,"href":"https:\/\/hpaulick.de\/index.php?rest_route=%2Fwp%2Fv2%2Ftags&post=5551"}],"curies":[{"name":"wp","href":"https:\/\/api.w.org\/{rel}","templated":true}]}}