{"id":5581,"date":"2026-03-11T21:31:47","date_gmt":"2026-03-11T21:31:47","guid":{"rendered":"https:\/\/hpaulick.de\/?p=5581"},"modified":"2026-03-11T21:31:50","modified_gmt":"2026-03-11T21:31:50","slug":"nachdem-kulturstaatsminister-wolfram-weimer-3-linke-buchlaeden-vom-deutschen-buchhandlungspreis-ausgeschlossen-hatte-sagte-er-am-dienstag-gleich-die-ganze-preisverleihung-ab","status":"publish","type":"post","link":"https:\/\/hpaulick.de\/?p=5581","title":{"rendered":"Nachdem Kulturstaatsminister Wolfram Weimer 3 linke Buchl\u00e4den vom Deutschen Buchhandlungspreis ausgeschlossen hatte, sagte er am Dienstag gleich die ganze Preisverleihung ab."},"content":{"rendered":"\n<figure class=\"wp-block-embed is-type-rich is-provider-twitter wp-block-embed-twitter\"><div class=\"wp-block-embed__wrapper\">\n<div class=\"twitter-tweet\"><blockquote class=\"twitter-tweet\" data-lang=\"de\"><p lang=\"de\" dir=\"ltr\">Nachdem Kulturstaatsminister Wolfram Weimer 3 linke Buchl\u00e4den vom Deutschen Buchhandlungspreis ausgeschlossen hatte, sagte er am Dienstag gleich die ganze Preisverleihung ab.<br>Was sind linke Buchl\u00e4den, da\u00df die MERZ-Regierung sie beobachten lassen mu\u00df?<br>H. P.<a href=\"https:\/\/t.co\/kFWiA1Yw2h\">https:\/\/t.co\/kFWiA1Yw2h<\/a><\/p>&mdash; Kater Montecarlo (@KaterMontecarlo) <a href=\"https:\/\/twitter.com\/KaterMontecarlo\/status\/2031843568566870425?ref_src=twsrc%5Etfw\">11. M\u00e4rz 2026<\/a><\/blockquote><\/div>\n<\/div><\/figure>\n\n\n\n<p>Ab 1933 wurde entartete Kunst \/ B\u00fccher verbrannt und dann Menschen!<br><strong><em>SIND WIR WIEDER SOWEIT?<\/em><\/strong><\/p>\n\n\n\n<figure class=\"wp-block-image size-full is-resized\"><img loading=\"lazy\" decoding=\"async\" width=\"259\" height=\"195\" src=\"https:\/\/hpaulick.de\/wp-content\/uploads\/2026\/03\/image-1.png\" alt=\"\" class=\"wp-image-5582\" style=\"aspect-ratio:1.3282401419676964;width:690px;height:auto\"\/><\/figure>\n\n<div class=\"twitter-share\"><a href=\"https:\/\/twitter.com\/intent\/tweet?via=haraldpaulick\" class=\"twitter-share-button\" data-size=\"large\">Twittern<\/a><\/div>\n","protected":false},"excerpt":{"rendered":"<p>Ab 1933 wurde entartete Kunst \/ B\u00fccher verbrannt und dann Menschen!SIND WIR WIEDER SOWEIT?<\/p>\n","protected":false},"author":1,"featured_media":0,"comment_status":"closed","ping_status":"open","sticky":false,"template":"","format":"standard","meta":{"footnotes":""},"categories":[{"term_id":35,"name":"Aff\u00e4ren","slug":"affaeren","term_group":0,"term_taxonomy_id":35,"taxonomy":"category","description":"","parent":0,"count":246,"filter":"raw","cat_ID":35,"category_count":246,"category_description":"","cat_name":"Aff\u00e4ren","category_nicename":"affaeren","category_parent":0},{"term_id":72,"name":"Beamte","slug":"beamte","term_group":0,"term_taxonomy_id":72,"taxonomy":"category","description":"","parent":0,"count":70,"filter":"raw","cat_ID":72,"category_count":70,"category_description":"","cat_name":"Beamte","category_nicename":"beamte","category_parent":0},{"term_id":213,"name":"Beschaffungskriminalit\u00e4t","slug":"beschaffungskriminalitaet","term_group":0,"term_taxonomy_id":213,"taxonomy":"category","description":"","parent":0,"count":57,"filter":"raw","cat_ID":213,"category_count":57,"category_description":"","cat_name":"Beschaffungskriminalit\u00e4t","category_nicename":"beschaffungskriminalitaet","category_parent":0},{"term_id":130,"name":"Bestechlichkeit","slug":"bestechlichkeit","term_group":0,"term_taxonomy_id":130,"taxonomy":"category","description":"","parent":0,"count":245,"filter":"raw","cat_ID":130,"category_count":245,"category_description":"","cat_name":"Bestechlichkeit","category_nicename":"bestechlichkeit","category_parent":0},{"term_id":54,"name":"Bildungslose Politiker","slug":"bildungslose-politiker","term_group":0,"term_taxonomy_id":54,"taxonomy":"category","description":"","parent":0,"count":676,"filter":"raw","cat_ID":54,"category_count":676,"category_description":"","cat_name":"Bildungslose Politiker","category_nicename":"bildungslose-politiker","category_parent":0},{"term_id":320,"name":"Bildungsnotstand","slug":"bildungsnotstand","term_group":0,"term_taxonomy_id":320,"taxonomy":"category","description":"","parent":0,"count":14,"filter":"raw","cat_ID":320,"category_count":14,"category_description":"","cat_name":"Bildungsnotstand","category_nicename":"bildungsnotstand","category_parent":0},{"term_id":297,"name":"Brandmauer","slug":"brandmauer","term_group":0,"term_taxonomy_id":297,"taxonomy":"category","description":"","parent":0,"count":22,"filter":"raw","cat_ID":297,"category_count":22,"category_description":"","cat_name":"Brandmauer","category_nicename":"brandmauer","category_parent":0},{"term_id":71,"name":"Clan-Kriminalit\u00e4t","slug":"clan-kriminalitaet","term_group":0,"term_taxonomy_id":71,"taxonomy":"category","description":"","parent":0,"count":102,"filter":"raw","cat_ID":71,"category_count":102,"category_description":"","cat_name":"Clan-Kriminalit\u00e4t","category_nicename":"clan-kriminalitaet","category_parent":0},{"term_id":250,"name":"Dealmaker","slug":"dealmaker","term_group":0,"term_taxonomy_id":250,"taxonomy":"category","description":"","parent":0,"count":107,"filter":"raw","cat_ID":250,"category_count":107,"category_description":"","cat_name":"Dealmaker","category_nicename":"dealmaker","category_parent":0},{"term_id":49,"name":"Deutschland schafft sich ab","slug":"deutschland-schafft-sich-ab","term_group":0,"term_taxonomy_id":49,"taxonomy":"category","description":"","parent":0,"count":663,"filter":"raw","cat_ID":49,"category_count":663,"category_description":"","cat_name":"Deutschland schafft sich ab","category_nicename":"deutschland-schafft-sich-ab","category_parent":0},{"term_id":202,"name":"Die T\u00e4ter sind unter uns!","slug":"die-taeter-sind-unter-uns","term_group":0,"term_taxonomy_id":202,"taxonomy":"category","description":"","parent":0,"count":316,"filter":"raw","cat_ID":202,"category_count":316,"category_description":"","cat_name":"Die T\u00e4ter sind unter uns!","category_nicename":"die-taeter-sind-unter-uns","category_parent":0},{"term_id":140,"name":"Experten ohne Abschl\u00fcsse","slug":"experten-ohne-abschluesse","term_group":0,"term_taxonomy_id":140,"taxonomy":"category","description":"","parent":0,"count":279,"filter":"raw","cat_ID":140,"category_count":279,"category_description":"","cat_name":"Experten ohne Abschl\u00fcsse","category_nicename":"experten-ohne-abschluesse","category_parent":0},{"term_id":260,"name":"Fachkr\u00e4ftemangel","slug":"fachkraeftemangel","term_group":0,"term_taxonomy_id":260,"taxonomy":"category","description":"","parent":0,"count":67,"filter":"raw","cat_ID":260,"category_count":67,"category_description":"","cat_name":"Fachkr\u00e4ftemangel","category_nicename":"fachkraeftemangel","category_parent":0},{"term_id":283,"name":"Journalismus","slug":"journalismus","term_group":0,"term_taxonomy_id":283,"taxonomy":"category","description":"","parent":0,"count":8,"filter":"raw","cat_ID":283,"category_count":8,"category_description":"","cat_name":"Journalismus","category_nicename":"journalismus","category_parent":0},{"term_id":110,"name":"Medien","slug":"medien","term_group":0,"term_taxonomy_id":110,"taxonomy":"category","description":"","parent":0,"count":17,"filter":"raw","cat_ID":110,"category_count":17,"category_description":"","cat_name":"Medien","category_nicename":"medien","category_parent":0},{"term_id":276,"name":"Mit Waffen gegen Andersdenkende","slug":"mit-waffen-gegen-andersdenkende","term_group":0,"term_taxonomy_id":276,"taxonomy":"category","description":"","parent":0,"count":48,"filter":"raw","cat_ID":276,"category_count":48,"category_description":"","cat_name":"Mit Waffen gegen Andersdenkende","category_nicename":"mit-waffen-gegen-andersdenkende","category_parent":0},{"term_id":249,"name":"Schwarz Rote Regierung","slug":"schwarz-rote-regierung","term_group":0,"term_taxonomy_id":249,"taxonomy":"category","description":"","parent":0,"count":145,"filter":"raw","cat_ID":249,"category_count":145,"category_description":"","cat_name":"Schwarz Rote Regierung","category_nicename":"schwarz-rote-regierung","category_parent":0},{"term_id":111,"name":"Sozialismus","slug":"sozialismus","term_group":0,"term_taxonomy_id":111,"taxonomy":"category","description":"","parent":0,"count":280,"filter":"raw","cat_ID":111,"category_count":280,"category_description":"","cat_name":"Sozialismus","category_nicename":"sozialismus","category_parent":0},{"term_id":139,"name":"Staatsjournalismus wie zu DDR-Zeiten","slug":"staatsjournalismus-wie-zu-ddr-zeiten","term_group":0,"term_taxonomy_id":139,"taxonomy":"category","description":"","parent":0,"count":134,"filter":"raw","cat_ID":139,"category_count":134,"category_description":"","cat_name":"Staatsjournalismus wie zu DDR-Zeiten","category_nicename":"staatsjournalismus-wie-zu-ddr-zeiten","category_parent":0},{"term_id":175,"name":"VERSAGER","slug":"versager","term_group":0,"term_taxonomy_id":175,"taxonomy":"category","description":"","parent":0,"count":222,"filter":"raw","cat_ID":175,"category_count":222,"category_description":"","cat_name":"VERSAGER","category_nicename":"versager","category_parent":0}],"tags":[],"class_list":["post-5581","post","type-post","status-publish","format-standard","hentry","category-affaeren","category-beamte","category-beschaffungskriminalitaet","category-bestechlichkeit","category-bildungslose-politiker","category-bildungsnotstand","category-brandmauer","category-clan-kriminalitaet","category-dealmaker","category-deutschland-schafft-sich-ab","category-die-taeter-sind-unter-uns","category-experten-ohne-abschluesse","category-fachkraeftemangel","category-journalismus","category-medien","category-mit-waffen-gegen-andersdenkende","category-schwarz-rote-regierung","category-sozialismus","category-staatsjournalismus-wie-zu-ddr-zeiten","category-versager"],"images":{"thumbnail":false,"medium":false,"medium_large":false,"large":false,"full":false},"_links":{"self":[{"href":"https:\/\/hpaulick.de\/index.php?rest_route=\/wp\/v2\/posts\/5581","targetHints":{"allow":["GET"]}}],"collection":[{"href":"https:\/\/hpaulick.de\/index.php?rest_route=\/wp\/v2\/posts"}],"about":[{"href":"https:\/\/hpaulick.de\/index.php?rest_route=\/wp\/v2\/types\/post"}],"author":[{"embeddable":true,"href":"https:\/\/hpaulick.de\/index.php?rest_route=\/wp\/v2\/users\/1"}],"replies":[{"embeddable":true,"href":"https:\/\/hpaulick.de\/index.php?rest_route=%2Fwp%2Fv2%2Fcomments&post=5581"}],"version-history":[{"count":1,"href":"https:\/\/hpaulick.de\/index.php?rest_route=\/wp\/v2\/posts\/5581\/revisions"}],"predecessor-version":[{"id":5583,"href":"https:\/\/hpaulick.de\/index.php?rest_route=\/wp\/v2\/posts\/5581\/revisions\/5583"}],"wp:attachment":[{"href":"https:\/\/hpaulick.de\/index.php?rest_route=%2Fwp%2Fv2%2Fmedia&parent=5581"}],"wp:term":[{"taxonomy":"category","embeddable":true,"href":"https:\/\/hpaulick.de\/index.php?rest_route=%2Fwp%2Fv2%2Fcategories&post=5581"},{"taxonomy":"post_tag","embeddable":true,"href":"https:\/\/hpaulick.de\/index.php?rest_route=%2Fwp%2Fv2%2Ftags&post=5581"}],"curies":[{"name":"wp","href":"https:\/\/api.w.org\/{rel}","templated":true}]}}