{"id":5594,"date":"2026-03-16T10:45:21","date_gmt":"2026-03-16T10:45:21","guid":{"rendered":"https:\/\/hpaulick.de\/?p=5594"},"modified":"2026-03-16T10:54:35","modified_gmt":"2026-03-16T10:54:35","slug":"fuer-das-alter-vorsorgen-lohnt-nicht-herr-merz","status":"publish","type":"post","link":"https:\/\/hpaulick.de\/?p=5594","title":{"rendered":"F\u00fcr das Alter vorsorgen lohnt nicht Herr Merz!"},"content":{"rendered":"\n<figure class=\"wp-block-embed is-type-rich is-provider-twitter wp-block-embed-twitter\"><div class=\"wp-block-embed__wrapper\">\n<div class=\"twitter-tweet\"><blockquote class=\"twitter-tweet\" data-lang=\"de\"><p lang=\"de\" dir=\"ltr\">F\u00fcr das Alter vorsorgen lohnt nicht Herr Merz!<br>Wenn du mit 70 nach 55 Arbeitsjahren in Rente gehst &amp; gleich in ein PFLEGEHEIM kommst, werden dir jeden Monat 3000-5000 \u20ac <a href=\"https:\/\/twitter.com\/hashtag\/Eigenanteil?src=hash&amp;ref_src=twsrc%5Etfw\">#Eigenanteil<\/a> abgezogen, bis nach 2 Jahren von deinem ERSPARTEN nichts \u00fcbrig ist!<br>H. P.<a href=\"https:\/\/t.co\/EZ1TKptQSM\">https:\/\/t.co\/EZ1TKptQSM<\/a><\/p>&mdash; Harald Paulick &#8211; Gibt immer Alternativen zu ALLEM! (@HaraldPaulick) <a href=\"https:\/\/twitter.com\/HaraldPaulick\/status\/2033487779435331803?ref_src=twsrc%5Etfw\">16. M\u00e4rz 2026<\/a><\/blockquote><\/div>\n<\/div><\/figure>\n\n\n\n<p>Wer flei\u00dfig DEUTSCH spart, wird vom Staat im Pflegefall abgezockt.<br>Alles wird von denem ERBE zu Geld gemacht und bei deiner Pflege verbraten!<br>So ist es gesetzlich geregelt!<br><br>Darum gibt nur eine L\u00f6sungen:<br>\u00dcberhaupt nicht offiziell arbeiten, weil du nicht kannst (Kontrolliert keiner), 1x im Jahr beim Amt melden, Miete Strom Krankenversicherung vom Staat zahlen lassen, schwarz nach Ungarn oder Malle ziehen, dort schwarz arbeiten, deine Wohnung an Asylanten zu \u00fcberh\u00f6hter Miete vermieten, B\u00fcrgergeld abfassen und gut leben! Wenn du ein Pflegefall wirst, zahlt der Staat alles!<br><br>Du kannst auch regelm\u00e4\u00dfig arbeiten gehen, immer mehr Steuern zahlen, nach 55 Jahren Arbeit bist du fertig f\u00fcr die Kiste und kommst ins Pflegeheim. Dein ERSPARTES nehmen sie dir weg und nach 2 Jahren bist du in der gleichen Situation, wie der der nie offiziell gearbeitet hat, stirbst aber 10 Jahre fr\u00fcher!<br><br>Nun kannst du dir aussuchen ob du schlau bist, wie die Asylbewerber und Fl\u00fcchtlinge. Alles in Deutschland abfassen, nach hause fahren und dort mit DEUTSCHEM Geld (was weiter gezahlt wird) ein neues Leben aufbauen und in Deutschland dann noch gegen den DEUTSCHEN STAAT demonstrieren!<br><br>Alles Beispiele aus der t\u00e4glichen Praxis!<br><br>Warum sollen wir Herr Merz jeden Monat 50 \u20ac f\u00fcr die Altersvorsorge weglegen?<\/p>\n\n<div class=\"twitter-share\"><a href=\"https:\/\/twitter.com\/intent\/tweet?via=haraldpaulick\" class=\"twitter-share-button\" data-size=\"large\">Twittern<\/a><\/div>\n","protected":false},"excerpt":{"rendered":"<p>Wer flei\u00dfig DEUTSCH spart, wird vom Staat im Pflegefall abgezockt.Alles wird von denem ERBE zu Geld gemacht und bei deiner Pflege verbraten!So ist es gesetzlich geregelt! Darum gibt nur eine L\u00f6sungen:\u00dcberhaupt nicht offiziell arbeiten, weil du nicht kannst (Kontrolliert keiner), 1x im Jahr beim Amt melden, Miete Strom Krankenversicherung vom Staat zahlen lassen, schwarz nach &hellip; <a href=\"https:\/\/hpaulick.de\/?p=5594\" class=\"more-link\"><span class=\"screen-reader-text\">F\u00fcr das Alter vorsorgen lohnt nicht Herr Merz!<\/span> weiterlesen<\/a><\/p>\n","protected":false},"author":1,"featured_media":0,"comment_status":"closed","ping_status":"open","sticky":false,"template":"","format":"standard","meta":{"footnotes":""},"categories":[{"term_id":329,"name":"\"Migration schaft mehr Probleme, als es nutzt!\" Helmut Schmidt","slug":"migration-schaft-mehr-probleme-als-es-nutzt-helmut-schmidt","term_group":0,"term_taxonomy_id":329,"taxonomy":"category","description":"","parent":0,"count":28,"filter":"raw","cat_ID":329,"category_count":28,"category_description":"","cat_name":"\"Migration schaft mehr Probleme, als es nutzt!\" Helmut Schmidt","category_nicename":"migration-schaft-mehr-probleme-als-es-nutzt-helmut-schmidt","category_parent":0},{"term_id":266,"name":"Altersarmut","slug":"altersarmut","term_group":0,"term_taxonomy_id":266,"taxonomy":"category","description":"","parent":0,"count":35,"filter":"raw","cat_ID":266,"category_count":35,"category_description":"","cat_name":"Altersarmut","category_nicename":"altersarmut","category_parent":0},{"term_id":226,"name":"Asylbetrug","slug":"asylbetrug","term_group":0,"term_taxonomy_id":226,"taxonomy":"category","description":"","parent":0,"count":98,"filter":"raw","cat_ID":226,"category_count":98,"category_description":"","cat_name":"Asylbetrug","category_nicename":"asylbetrug","category_parent":0},{"term_id":54,"name":"Bildungslose Politiker","slug":"bildungslose-politiker","term_group":0,"term_taxonomy_id":54,"taxonomy":"category","description":"","parent":0,"count":676,"filter":"raw","cat_ID":54,"category_count":676,"category_description":"","cat_name":"Bildungslose Politiker","category_nicename":"bildungslose-politiker","category_parent":0},{"term_id":181,"name":"B\u00fcrgergeld","slug":"buergergeld","term_group":0,"term_taxonomy_id":181,"taxonomy":"category","description":"","parent":0,"count":79,"filter":"raw","cat_ID":181,"category_count":79,"category_description":"","cat_name":"B\u00fcrgergeld","category_nicename":"buergergeld","category_parent":0},{"term_id":268,"name":"B\u00fcrgergeld-Empf\u00e4nger","slug":"buergergeld-empfaenger","term_group":0,"term_taxonomy_id":268,"taxonomy":"category","description":"","parent":0,"count":81,"filter":"raw","cat_ID":268,"category_count":81,"category_description":"","cat_name":"B\u00fcrgergeld-Empf\u00e4nger","category_nicename":"buergergeld-empfaenger","category_parent":0},{"term_id":71,"name":"Clan-Kriminalit\u00e4t","slug":"clan-kriminalitaet","term_group":0,"term_taxonomy_id":71,"taxonomy":"category","description":"","parent":0,"count":102,"filter":"raw","cat_ID":71,"category_count":102,"category_description":"","cat_name":"Clan-Kriminalit\u00e4t","category_nicename":"clan-kriminalitaet","category_parent":0},{"term_id":171,"name":"Den DEUTSCHEN geht es viel zu gut","slug":"den-deutschen-geht-es-viel-zu-gut","term_group":0,"term_taxonomy_id":171,"taxonomy":"category","description":"","parent":0,"count":219,"filter":"raw","cat_ID":171,"category_count":219,"category_description":"","cat_name":"Den DEUTSCHEN geht es viel zu gut","category_nicename":"den-deutschen-geht-es-viel-zu-gut","category_parent":0},{"term_id":265,"name":"Der NEUE SOZIALISMUS von SPD, Gr\u00fcnen &amp; LINKEN","slug":"der-neue-sozialismus-von-spd-gruenen-linken","term_group":0,"term_taxonomy_id":265,"taxonomy":"category","description":"","parent":0,"count":181,"filter":"raw","cat_ID":265,"category_count":181,"category_description":"","cat_name":"Der NEUE SOZIALISMUS von SPD, Gr\u00fcnen &amp; LINKEN","category_nicename":"der-neue-sozialismus-von-spd-gruenen-linken","category_parent":0},{"term_id":49,"name":"Deutschland schafft sich ab","slug":"deutschland-schafft-sich-ab","term_group":0,"term_taxonomy_id":49,"taxonomy":"category","description":"","parent":0,"count":663,"filter":"raw","cat_ID":49,"category_count":663,"category_description":"","cat_name":"Deutschland schafft sich ab","category_nicename":"deutschland-schafft-sich-ab","category_parent":0},{"term_id":267,"name":"Enteignung von Pflegebed\u00fcrftigen","slug":"enteignung-von-pflegebeduerftigen","term_group":0,"term_taxonomy_id":267,"taxonomy":"category","description":"","parent":0,"count":39,"filter":"raw","cat_ID":267,"category_count":39,"category_description":"","cat_name":"Enteignung von Pflegebed\u00fcrftigen","category_nicename":"enteignung-von-pflegebeduerftigen","category_parent":0},{"term_id":263,"name":"Enteignungen","slug":"enteignungen","term_group":0,"term_taxonomy_id":263,"taxonomy":"category","description":"","parent":0,"count":23,"filter":"raw","cat_ID":263,"category_count":23,"category_description":"","cat_name":"Enteignungen","category_nicename":"enteignungen","category_parent":0},{"term_id":140,"name":"Experten ohne Abschl\u00fcsse","slug":"experten-ohne-abschluesse","term_group":0,"term_taxonomy_id":140,"taxonomy":"category","description":"","parent":0,"count":279,"filter":"raw","cat_ID":140,"category_count":279,"category_description":"","cat_name":"Experten ohne Abschl\u00fcsse","category_nicename":"experten-ohne-abschluesse","category_parent":0},{"term_id":260,"name":"Fachkr\u00e4ftemangel","slug":"fachkraeftemangel","term_group":0,"term_taxonomy_id":260,"taxonomy":"category","description":"","parent":0,"count":67,"filter":"raw","cat_ID":260,"category_count":67,"category_description":"","cat_name":"Fachkr\u00e4ftemangel","category_nicename":"fachkraeftemangel","category_parent":0},{"term_id":167,"name":"Gewalt und Terror von LINKS","slug":"gewalt-und-terror-von-links","term_group":0,"term_taxonomy_id":167,"taxonomy":"category","description":"","parent":0,"count":234,"filter":"raw","cat_ID":167,"category_count":234,"category_description":"","cat_name":"Gewalt und Terror von LINKS","category_nicename":"gewalt-und-terror-von-links","category_parent":0},{"term_id":208,"name":"Gewalt und Terror von Migranten","slug":"gewalt-und-terror-von-migranten","term_group":0,"term_taxonomy_id":208,"taxonomy":"category","description":"","parent":0,"count":156,"filter":"raw","cat_ID":208,"category_count":156,"category_description":"","cat_name":"Gewalt und Terror von Migranten","category_nicename":"gewalt-und-terror-von-migranten","category_parent":0},{"term_id":327,"name":"Grundsicherung","slug":"grundsicherung","term_group":0,"term_taxonomy_id":327,"taxonomy":"category","description":"","parent":0,"count":9,"filter":"raw","cat_ID":327,"category_count":9,"category_description":"","cat_name":"Grundsicherung","category_nicename":"grundsicherung","category_parent":0},{"term_id":170,"name":"Hass der GR\u00dcNEN LINKEN auf alles ANDERSDENKENDE","slug":"hass-der-gruenen-linken-auf-alles-andersdenkende","term_group":0,"term_taxonomy_id":170,"taxonomy":"category","description":"","parent":0,"count":256,"filter":"raw","cat_ID":170,"category_count":256,"category_description":"","cat_name":"Hass der GR\u00dcNEN LINKEN auf alles ANDERSDENKENDE","category_nicename":"hass-der-gruenen-linken-auf-alles-andersdenkende","category_parent":0},{"term_id":209,"name":"Illusion von Integration","slug":"illusion-von-integration","term_group":0,"term_taxonomy_id":209,"taxonomy":"category","description":"","parent":0,"count":200,"filter":"raw","cat_ID":209,"category_count":200,"category_description":"","cat_name":"Illusion von Integration","category_nicename":"illusion-von-integration","category_parent":0},{"term_id":204,"name":"Islamische Republik Deutschland","slug":"islamische-republik-deutschland","term_group":0,"term_taxonomy_id":204,"taxonomy":"category","description":"","parent":0,"count":66,"filter":"raw","cat_ID":204,"category_count":66,"category_description":"","cat_name":"Islamische Republik Deutschland","category_nicename":"islamische-republik-deutschland","category_parent":0},{"term_id":148,"name":"Islamischer Staat Deutschland","slug":"islamischer-staat-deutschland","term_group":0,"term_taxonomy_id":148,"taxonomy":"category","description":"","parent":0,"count":123,"filter":"raw","cat_ID":148,"category_count":123,"category_description":"","cat_name":"Islamischer Staat Deutschland","category_nicename":"islamischer-staat-deutschland","category_parent":0},{"term_id":86,"name":"Islamismus","slug":"islamismus","term_group":0,"term_taxonomy_id":86,"taxonomy":"category","description":"","parent":0,"count":122,"filter":"raw","cat_ID":86,"category_count":122,"category_description":"","cat_name":"Islamismus","category_nicename":"islamismus","category_parent":0},{"term_id":64,"name":"Migrationspolitik","slug":"migrationspolitik","term_group":0,"term_taxonomy_id":64,"taxonomy":"category","description":"","parent":0,"count":398,"filter":"raw","cat_ID":64,"category_count":398,"category_description":"","cat_name":"Migrationspolitik","category_nicename":"migrationspolitik","category_parent":0},{"term_id":112,"name":"Milliarden Deals UNBEMERKT","slug":"milliarden-deals-unbemerkt","term_group":0,"term_taxonomy_id":112,"taxonomy":"category","description":"","parent":0,"count":559,"filter":"raw","cat_ID":112,"category_count":559,"category_description":"","cat_name":"Milliarden Deals UNBEMERKT","category_nicename":"milliarden-deals-unbemerkt","category_parent":0},{"term_id":275,"name":"Pflegeversicherung","slug":"pflegeversicherung","term_group":0,"term_taxonomy_id":275,"taxonomy":"category","description":"","parent":0,"count":3,"filter":"raw","cat_ID":275,"category_count":3,"category_description":"","cat_name":"Pflegeversicherung","category_nicename":"pflegeversicherung","category_parent":0},{"term_id":315,"name":"Regierungsblutsauger","slug":"regierungsblutsauger","term_group":0,"term_taxonomy_id":315,"taxonomy":"category","description":"","parent":0,"count":37,"filter":"raw","cat_ID":315,"category_count":37,"category_description":"","cat_name":"Regierungsblutsauger","category_nicename":"regierungsblutsauger","category_parent":0},{"term_id":134,"name":"Selbstbedienungsladen Bundestag","slug":"selbstbedienungsladen-bundestag","term_group":0,"term_taxonomy_id":134,"taxonomy":"category","description":"","parent":0,"count":374,"filter":"raw","cat_ID":134,"category_count":374,"category_description":"","cat_name":"Selbstbedienungsladen Bundestag","category_nicename":"selbstbedienungsladen-bundestag","category_parent":0},{"term_id":159,"name":"Spott und H\u00e4me","slug":"spott-und-haeme","term_group":0,"term_taxonomy_id":159,"taxonomy":"category","description":"","parent":0,"count":153,"filter":"raw","cat_ID":159,"category_count":153,"category_description":"","cat_name":"Spott und H\u00e4me","category_nicename":"spott-und-haeme","category_parent":0},{"term_id":101,"name":"Staatsschulden","slug":"staatsschulden","term_group":0,"term_taxonomy_id":101,"taxonomy":"category","description":"","parent":0,"count":77,"filter":"raw","cat_ID":101,"category_count":77,"category_description":"","cat_name":"Staatsschulden","category_nicename":"staatsschulden","category_parent":0},{"term_id":91,"name":"Steuererh\u00f6hungen","slug":"steuererhoehungen","term_group":0,"term_taxonomy_id":91,"taxonomy":"category","description":"","parent":0,"count":108,"filter":"raw","cat_ID":91,"category_count":108,"category_description":"","cat_name":"Steuererh\u00f6hungen","category_nicename":"steuererhoehungen","category_parent":0},{"term_id":174,"name":"VON LINKS provozierter RECHTSRUCK","slug":"von-links-provozierter-rechtsruck","term_group":0,"term_taxonomy_id":174,"taxonomy":"category","description":"","parent":0,"count":305,"filter":"raw","cat_ID":174,"category_count":305,"category_description":"","cat_name":"VON LINKS provozierter RECHTSRUCK","category_nicename":"von-links-provozierter-rechtsruck","category_parent":0},{"term_id":190,"name":"Zwangsma\u00dfnahmen gegen nicht-gr\u00fcnes-Denken","slug":"zwangsmassnahmen-gegen-nicht-gruenes-denken","term_group":0,"term_taxonomy_id":190,"taxonomy":"category","description":"","parent":0,"count":246,"filter":"raw","cat_ID":190,"category_count":246,"category_description":"","cat_name":"Zwangsma\u00dfnahmen gegen nicht-gr\u00fcnes-Denken","category_nicename":"zwangsmassnahmen-gegen-nicht-gruenes-denken","category_parent":0},{"term_id":264,"name":"Zwangsma\u00dfnahmen gegen Nicht-SPD-Denken","slug":"zwangsmassnahmen-gegen-nicht-spd-denken","term_group":0,"term_taxonomy_id":264,"taxonomy":"category","description":"","parent":0,"count":152,"filter":"raw","cat_ID":264,"category_count":152,"category_description":"","cat_name":"Zwangsma\u00dfnahmen gegen Nicht-SPD-Denken","category_nicename":"zwangsmassnahmen-gegen-nicht-spd-denken","category_parent":0}],"tags":[],"class_list":["post-5594","post","type-post","status-publish","format-standard","hentry","category-migration-schaft-mehr-probleme-als-es-nutzt-helmut-schmidt","category-altersarmut","category-asylbetrug","category-bildungslose-politiker","category-buergergeld","category-buergergeld-empfaenger","category-clan-kriminalitaet","category-den-deutschen-geht-es-viel-zu-gut","category-der-neue-sozialismus-von-spd-gruenen-linken","category-deutschland-schafft-sich-ab","category-enteignung-von-pflegebeduerftigen","category-enteignungen","category-experten-ohne-abschluesse","category-fachkraeftemangel","category-gewalt-und-terror-von-links","category-gewalt-und-terror-von-migranten","category-grundsicherung","category-hass-der-gruenen-linken-auf-alles-andersdenkende","category-illusion-von-integration","category-islamische-republik-deutschland","category-islamischer-staat-deutschland","category-islamismus","category-migrationspolitik","category-milliarden-deals-unbemerkt","category-pflegeversicherung","category-regierungsblutsauger","category-selbstbedienungsladen-bundestag","category-spott-und-haeme","category-staatsschulden","category-steuererhoehungen","category-von-links-provozierter-rechtsruck","category-zwangsmassnahmen-gegen-nicht-gruenes-denken","category-zwangsmassnahmen-gegen-nicht-spd-denken"],"images":{"thumbnail":false,"medium":false,"medium_large":false,"large":false,"full":false},"_links":{"self":[{"href":"https:\/\/hpaulick.de\/index.php?rest_route=\/wp\/v2\/posts\/5594","targetHints":{"allow":["GET"]}}],"collection":[{"href":"https:\/\/hpaulick.de\/index.php?rest_route=\/wp\/v2\/posts"}],"about":[{"href":"https:\/\/hpaulick.de\/index.php?rest_route=\/wp\/v2\/types\/post"}],"author":[{"embeddable":true,"href":"https:\/\/hpaulick.de\/index.php?rest_route=\/wp\/v2\/users\/1"}],"replies":[{"embeddable":true,"href":"https:\/\/hpaulick.de\/index.php?rest_route=%2Fwp%2Fv2%2Fcomments&post=5594"}],"version-history":[{"count":1,"href":"https:\/\/hpaulick.de\/index.php?rest_route=\/wp\/v2\/posts\/5594\/revisions"}],"predecessor-version":[{"id":5595,"href":"https:\/\/hpaulick.de\/index.php?rest_route=\/wp\/v2\/posts\/5594\/revisions\/5595"}],"wp:attachment":[{"href":"https:\/\/hpaulick.de\/index.php?rest_route=%2Fwp%2Fv2%2Fmedia&parent=5594"}],"wp:term":[{"taxonomy":"category","embeddable":true,"href":"https:\/\/hpaulick.de\/index.php?rest_route=%2Fwp%2Fv2%2Fcategories&post=5594"},{"taxonomy":"post_tag","embeddable":true,"href":"https:\/\/hpaulick.de\/index.php?rest_route=%2Fwp%2Fv2%2Ftags&post=5594"}],"curies":[{"name":"wp","href":"https:\/\/api.w.org\/{rel}","templated":true}]}}