{"id":5597,"date":"2026-03-16T11:02:11","date_gmt":"2026-03-16T11:02:11","guid":{"rendered":"https:\/\/hpaulick.de\/?p=5597"},"modified":"2026-03-16T11:02:14","modified_gmt":"2026-03-16T11:02:14","slug":"die-gefaehrliche-wahrheit-ueber-elektroauto-braende","status":"publish","type":"post","link":"https:\/\/hpaulick.de\/?p=5597","title":{"rendered":"Die gef\u00e4hrliche Wahrheit \u00fcber Elektroauto-Br\u00e4nde"},"content":{"rendered":"\n<figure class=\"wp-block-embed is-type-rich is-provider-twitter wp-block-embed-twitter\"><div class=\"wp-block-embed__wrapper\">\n<div class=\"twitter-tweet\"><blockquote class=\"twitter-tweet\" data-lang=\"de\"><p lang=\"de\" dir=\"ltr\">Die gef\u00e4hrliche Wahrheit \u00fcber <a href=\"https:\/\/twitter.com\/hashtag\/Elektroauto?src=hash&amp;ref_src=twsrc%5Etfw\">#Elektroauto<\/a>&#8211;<a href=\"https:\/\/twitter.com\/hashtag\/Br%C3%A4nde?src=hash&amp;ref_src=twsrc%5Etfw\">#Br\u00e4nde<\/a><br>Berlin Prenzlauer Berg, wo ein Auto am anderen steht, H\u00e4user in Zeilen, w\u00fcrde ein E-Autobrand sofort 100 weiter Autos brennen lassen, dann H\u00e4user, dann ganze Wohnviertel. Feuerwehr kommt nicht durch!<br>H. P.<a href=\"https:\/\/t.co\/chr8L8i2nI\">https:\/\/t.co\/chr8L8i2nI<\/a> <a href=\"https:\/\/t.co\/rBnXgVbsp4\">pic.twitter.com\/rBnXgVbsp4<\/a><\/p>&mdash; Harald Paulick &#8211; Gibt immer Alternativen zu ALLEM! (@HaraldPaulick) <a href=\"https:\/\/twitter.com\/HaraldPaulick\/status\/2033497460232892846?ref_src=twsrc%5Etfw\">16. M\u00e4rz 2026<\/a><\/blockquote><\/div>\n<\/div><\/figure>\n\n<div class=\"twitter-share\"><a href=\"https:\/\/twitter.com\/intent\/tweet?via=haraldpaulick\" class=\"twitter-share-button\" data-size=\"large\">Twittern<\/a><\/div>\n","protected":false},"excerpt":{"rendered":"","protected":false},"author":1,"featured_media":0,"comment_status":"closed","ping_status":"open","sticky":false,"template":"","format":"standard","meta":{"footnotes":""},"categories":[{"term_id":222,"name":"Altparteien","slug":"altparteien","term_group":0,"term_taxonomy_id":222,"taxonomy":"category","description":"","parent":0,"count":140,"filter":"raw","cat_ID":222,"category_count":140,"category_description":"","cat_name":"Altparteien","category_nicename":"altparteien","category_parent":0},{"term_id":235,"name":"Autoindustrie","slug":"autoindustrie","term_group":0,"term_taxonomy_id":235,"taxonomy":"category","description":"","parent":0,"count":20,"filter":"raw","cat_ID":235,"category_count":20,"category_description":"","cat_name":"Autoindustrie","category_nicename":"autoindustrie","category_parent":0},{"term_id":332,"name":"Autoindustrie Niedergang","slug":"autoindustrie-niedergang","term_group":0,"term_taxonomy_id":332,"taxonomy":"category","description":"","parent":0,"count":17,"filter":"raw","cat_ID":332,"category_count":17,"category_description":"","cat_name":"Autoindustrie Niedergang","category_nicename":"autoindustrie-niedergang","category_parent":0},{"term_id":54,"name":"Bildungslose Politiker","slug":"bildungslose-politiker","term_group":0,"term_taxonomy_id":54,"taxonomy":"category","description":"","parent":0,"count":676,"filter":"raw","cat_ID":54,"category_count":676,"category_description":"","cat_name":"Bildungslose Politiker","category_nicename":"bildungslose-politiker","category_parent":0},{"term_id":254,"name":"B\u00fcrokratie","slug":"buerokratie","term_group":0,"term_taxonomy_id":254,"taxonomy":"category","description":"","parent":0,"count":39,"filter":"raw","cat_ID":254,"category_count":39,"category_description":"","cat_name":"B\u00fcrokratie","category_nicename":"buerokratie","category_parent":0},{"term_id":171,"name":"Den DEUTSCHEN geht es viel zu gut","slug":"den-deutschen-geht-es-viel-zu-gut","term_group":0,"term_taxonomy_id":171,"taxonomy":"category","description":"","parent":0,"count":219,"filter":"raw","cat_ID":171,"category_count":219,"category_description":"","cat_name":"Den DEUTSCHEN geht es viel zu gut","category_nicename":"den-deutschen-geht-es-viel-zu-gut","category_parent":0},{"term_id":265,"name":"Der NEUE SOZIALISMUS von SPD, Gr\u00fcnen &amp; LINKEN","slug":"der-neue-sozialismus-von-spd-gruenen-linken","term_group":0,"term_taxonomy_id":265,"taxonomy":"category","description":"","parent":0,"count":181,"filter":"raw","cat_ID":265,"category_count":181,"category_description":"","cat_name":"Der NEUE SOZIALISMUS von SPD, Gr\u00fcnen &amp; LINKEN","category_nicename":"der-neue-sozialismus-von-spd-gruenen-linken","category_parent":0},{"term_id":49,"name":"Deutschland schafft sich ab","slug":"deutschland-schafft-sich-ab","term_group":0,"term_taxonomy_id":49,"taxonomy":"category","description":"","parent":0,"count":663,"filter":"raw","cat_ID":49,"category_count":663,"category_description":"","cat_name":"Deutschland schafft sich ab","category_nicename":"deutschland-schafft-sich-ab","category_parent":0},{"term_id":294,"name":"Doppelte Staatsb\u00fcrgerschaft","slug":"doppelte-staatsbuergerschaft","term_group":0,"term_taxonomy_id":294,"taxonomy":"category","description":"","parent":0,"count":39,"filter":"raw","cat_ID":294,"category_count":39,"category_description":"","cat_name":"Doppelte Staatsb\u00fcrgerschaft","category_nicename":"doppelte-staatsbuergerschaft","category_parent":0},{"term_id":313,"name":"Geb\u00e4udeEnergieGesetz","slug":"gebaeudeenergiegesetz","term_group":0,"term_taxonomy_id":313,"taxonomy":"category","description":"","parent":0,"count":2,"filter":"raw","cat_ID":313,"category_count":2,"category_description":"","cat_name":"Geb\u00e4udeEnergieGesetz","category_nicename":"gebaeudeenergiegesetz","category_parent":0},{"term_id":167,"name":"Gewalt und Terror von LINKS","slug":"gewalt-und-terror-von-links","term_group":0,"term_taxonomy_id":167,"taxonomy":"category","description":"","parent":0,"count":234,"filter":"raw","cat_ID":167,"category_count":234,"category_description":"","cat_name":"Gewalt und Terror von LINKS","category_nicename":"gewalt-und-terror-von-links","category_parent":0},{"term_id":208,"name":"Gewalt und Terror von Migranten","slug":"gewalt-und-terror-von-migranten","term_group":0,"term_taxonomy_id":208,"taxonomy":"category","description":"","parent":0,"count":156,"filter":"raw","cat_ID":208,"category_count":156,"category_description":"","cat_name":"Gewalt und Terror von Migranten","category_nicename":"gewalt-und-terror-von-migranten","category_parent":0},{"term_id":314,"name":"Grundsteuer-Erh\u00f6hung","slug":"grundsteuer-erhoehung","term_group":0,"term_taxonomy_id":314,"taxonomy":"category","description":"","parent":0,"count":18,"filter":"raw","cat_ID":314,"category_count":18,"category_description":"","cat_name":"Grundsteuer-Erh\u00f6hung","category_nicename":"grundsteuer-erhoehung","category_parent":0},{"term_id":162,"name":"GR\u00dcNE BILDUNGSPOLITIK","slug":"gruene-bildungspolitik","term_group":0,"term_taxonomy_id":162,"taxonomy":"category","description":"","parent":0,"count":127,"filter":"raw","cat_ID":162,"category_count":127,"category_description":"","cat_name":"GR\u00dcNE BILDUNGSPOLITIK","category_nicename":"gruene-bildungspolitik","category_parent":0},{"term_id":30,"name":"GR\u00dcNE Murks Politik","slug":"gruene-murks-politik","term_group":0,"term_taxonomy_id":30,"taxonomy":"category","description":"","parent":0,"count":805,"filter":"raw","cat_ID":30,"category_count":805,"category_description":"","cat_name":"GR\u00dcNE Murks Politik","category_nicename":"gruene-murks-politik","category_parent":0},{"term_id":170,"name":"Hass der GR\u00dcNEN LINKEN auf alles ANDERSDENKENDE","slug":"hass-der-gruenen-linken-auf-alles-andersdenkende","term_group":0,"term_taxonomy_id":170,"taxonomy":"category","description":"","parent":0,"count":256,"filter":"raw","cat_ID":170,"category_count":256,"category_description":"","cat_name":"Hass der GR\u00dcNEN LINKEN auf alles ANDERSDENKENDE","category_nicename":"hass-der-gruenen-linken-auf-alles-andersdenkende","category_parent":0},{"term_id":154,"name":"Illusion vom Frieden","slug":"illusion-vom-frieden","term_group":0,"term_taxonomy_id":154,"taxonomy":"category","description":"","parent":0,"count":91,"filter":"raw","cat_ID":154,"category_count":91,"category_description":"","cat_name":"Illusion vom Frieden","category_nicename":"illusion-vom-frieden","category_parent":0},{"term_id":209,"name":"Illusion von Integration","slug":"illusion-von-integration","term_group":0,"term_taxonomy_id":209,"taxonomy":"category","description":"","parent":0,"count":200,"filter":"raw","cat_ID":209,"category_count":200,"category_description":"","cat_name":"Illusion von Integration","category_nicename":"illusion-von-integration","category_parent":0},{"term_id":204,"name":"Islamische Republik Deutschland","slug":"islamische-republik-deutschland","term_group":0,"term_taxonomy_id":204,"taxonomy":"category","description":"","parent":0,"count":66,"filter":"raw","cat_ID":204,"category_count":66,"category_description":"","cat_name":"Islamische Republik Deutschland","category_nicename":"islamische-republik-deutschland","category_parent":0},{"term_id":148,"name":"Islamischer Staat Deutschland","slug":"islamischer-staat-deutschland","term_group":0,"term_taxonomy_id":148,"taxonomy":"category","description":"","parent":0,"count":123,"filter":"raw","cat_ID":148,"category_count":123,"category_description":"","cat_name":"Islamischer Staat Deutschland","category_nicename":"islamischer-staat-deutschland","category_parent":0},{"term_id":86,"name":"Islamismus","slug":"islamismus","term_group":0,"term_taxonomy_id":86,"taxonomy":"category","description":"","parent":0,"count":122,"filter":"raw","cat_ID":86,"category_count":122,"category_description":"","cat_name":"Islamismus","category_nicename":"islamismus","category_parent":0},{"term_id":26,"name":"Klimakleber","slug":"klimakleber","term_group":0,"term_taxonomy_id":26,"taxonomy":"category","description":"","parent":0,"count":20,"filter":"raw","cat_ID":26,"category_count":20,"category_description":"","cat_name":"Klimakleber","category_nicename":"klimakleber","category_parent":0},{"term_id":196,"name":"Klimaschutz","slug":"klimaschutz","term_group":0,"term_taxonomy_id":196,"taxonomy":"category","description":"","parent":0,"count":27,"filter":"raw","cat_ID":196,"category_count":27,"category_description":"","cat_name":"Klimaschutz","category_nicename":"klimaschutz","category_parent":0},{"term_id":61,"name":"Klimawandel","slug":"klimawandel","term_group":0,"term_taxonomy_id":61,"taxonomy":"category","description":"","parent":0,"count":66,"filter":"raw","cat_ID":61,"category_count":66,"category_description":"","cat_name":"Klimawandel","category_nicename":"klimawandel","category_parent":0},{"term_id":161,"name":"Migranten aus Afrika gleichgestellt","slug":"migranten-aus-afrika-gleichgestellt","term_group":0,"term_taxonomy_id":161,"taxonomy":"category","description":"","parent":0,"count":240,"filter":"raw","cat_ID":161,"category_count":240,"category_description":"","cat_name":"Migranten aus Afrika gleichgestellt","category_nicename":"migranten-aus-afrika-gleichgestellt","category_parent":0},{"term_id":64,"name":"Migrationspolitik","slug":"migrationspolitik","term_group":0,"term_taxonomy_id":64,"taxonomy":"category","description":"","parent":0,"count":398,"filter":"raw","cat_ID":64,"category_count":398,"category_description":"","cat_name":"Migrationspolitik","category_nicename":"migrationspolitik","category_parent":0},{"term_id":112,"name":"Milliarden Deals UNBEMERKT","slug":"milliarden-deals-unbemerkt","term_group":0,"term_taxonomy_id":112,"taxonomy":"category","description":"","parent":0,"count":559,"filter":"raw","cat_ID":112,"category_count":559,"category_description":"","cat_name":"Milliarden Deals UNBEMERKT","category_nicename":"milliarden-deals-unbemerkt","category_parent":0},{"term_id":276,"name":"Mit Waffen gegen Andersdenkende","slug":"mit-waffen-gegen-andersdenkende","term_group":0,"term_taxonomy_id":276,"taxonomy":"category","description":"","parent":0,"count":48,"filter":"raw","cat_ID":276,"category_count":48,"category_description":"","cat_name":"Mit Waffen gegen Andersdenkende","category_nicename":"mit-waffen-gegen-andersdenkende","category_parent":0},{"term_id":221,"name":"Scheinheilige","slug":"scheinheilige","term_group":0,"term_taxonomy_id":221,"taxonomy":"category","description":"","parent":0,"count":195,"filter":"raw","cat_ID":221,"category_count":195,"category_description":"","cat_name":"Scheinheilige","category_nicename":"scheinheilige","category_parent":0},{"term_id":249,"name":"Schwarz Rote Regierung","slug":"schwarz-rote-regierung","term_group":0,"term_taxonomy_id":249,"taxonomy":"category","description":"","parent":0,"count":145,"filter":"raw","cat_ID":249,"category_count":145,"category_description":"","cat_name":"Schwarz Rote Regierung","category_nicename":"schwarz-rote-regierung","category_parent":0},{"term_id":139,"name":"Staatsjournalismus wie zu DDR-Zeiten","slug":"staatsjournalismus-wie-zu-ddr-zeiten","term_group":0,"term_taxonomy_id":139,"taxonomy":"category","description":"","parent":0,"count":134,"filter":"raw","cat_ID":139,"category_count":134,"category_description":"","cat_name":"Staatsjournalismus wie zu DDR-Zeiten","category_nicename":"staatsjournalismus-wie-zu-ddr-zeiten","category_parent":0},{"term_id":124,"name":"Trennung von Staat und Kirche","slug":"trennung-von-staat-und-kirche","term_group":0,"term_taxonomy_id":124,"taxonomy":"category","description":"","parent":0,"count":19,"filter":"raw","cat_ID":124,"category_count":19,"category_description":"","cat_name":"Trennung von Staat und Kirche","category_nicename":"trennung-von-staat-und-kirche","category_parent":0},{"term_id":289,"name":"Trennung von Staat und NGOs","slug":"trennung-von-staat-und-ngos","term_group":0,"term_taxonomy_id":289,"taxonomy":"category","description":"","parent":0,"count":32,"filter":"raw","cat_ID":289,"category_count":32,"category_description":"","cat_name":"Trennung von Staat und NGOs","category_nicename":"trennung-von-staat-und-ngos","category_parent":0},{"term_id":174,"name":"VON LINKS provozierter RECHTSRUCK","slug":"von-links-provozierter-rechtsruck","term_group":0,"term_taxonomy_id":174,"taxonomy":"category","description":"","parent":0,"count":305,"filter":"raw","cat_ID":174,"category_count":305,"category_description":"","cat_name":"VON LINKS provozierter RECHTSRUCK","category_nicename":"von-links-provozierter-rechtsruck","category_parent":0},{"term_id":184,"name":"Wahl bei DIKTATOREN","slug":"wahl-bei-diktatoren","term_group":0,"term_taxonomy_id":184,"taxonomy":"category","description":"","parent":0,"count":25,"filter":"raw","cat_ID":184,"category_count":25,"category_description":"","cat_name":"Wahl bei DIKTATOREN","category_nicename":"wahl-bei-diktatoren","category_parent":0},{"term_id":176,"name":"Wehrdienstverweigerer","slug":"wehrdienstverweigerer","term_group":0,"term_taxonomy_id":176,"taxonomy":"category","description":"","parent":0,"count":7,"filter":"raw","cat_ID":176,"category_count":7,"category_description":"","cat_name":"Wehrdienstverweigerer","category_nicename":"wehrdienstverweigerer","category_parent":0},{"term_id":190,"name":"Zwangsma\u00dfnahmen gegen nicht-gr\u00fcnes-Denken","slug":"zwangsmassnahmen-gegen-nicht-gruenes-denken","term_group":0,"term_taxonomy_id":190,"taxonomy":"category","description":"","parent":0,"count":246,"filter":"raw","cat_ID":190,"category_count":246,"category_description":"","cat_name":"Zwangsma\u00dfnahmen gegen nicht-gr\u00fcnes-Denken","category_nicename":"zwangsmassnahmen-gegen-nicht-gruenes-denken","category_parent":0},{"term_id":264,"name":"Zwangsma\u00dfnahmen gegen Nicht-SPD-Denken","slug":"zwangsmassnahmen-gegen-nicht-spd-denken","term_group":0,"term_taxonomy_id":264,"taxonomy":"category","description":"","parent":0,"count":152,"filter":"raw","cat_ID":264,"category_count":152,"category_description":"","cat_name":"Zwangsma\u00dfnahmen gegen Nicht-SPD-Denken","category_nicename":"zwangsmassnahmen-gegen-nicht-spd-denken","category_parent":0}],"tags":[],"class_list":["post-5597","post","type-post","status-publish","format-standard","hentry","category-altparteien","category-autoindustrie","category-autoindustrie-niedergang","category-bildungslose-politiker","category-buerokratie","category-den-deutschen-geht-es-viel-zu-gut","category-der-neue-sozialismus-von-spd-gruenen-linken","category-deutschland-schafft-sich-ab","category-doppelte-staatsbuergerschaft","category-gebaeudeenergiegesetz","category-gewalt-und-terror-von-links","category-gewalt-und-terror-von-migranten","category-grundsteuer-erhoehung","category-gruene-bildungspolitik","category-gruene-murks-politik","category-hass-der-gruenen-linken-auf-alles-andersdenkende","category-illusion-vom-frieden","category-illusion-von-integration","category-islamische-republik-deutschland","category-islamischer-staat-deutschland","category-islamismus","category-klimakleber","category-klimaschutz","category-klimawandel","category-migranten-aus-afrika-gleichgestellt","category-migrationspolitik","category-milliarden-deals-unbemerkt","category-mit-waffen-gegen-andersdenkende","category-scheinheilige","category-schwarz-rote-regierung","category-staatsjournalismus-wie-zu-ddr-zeiten","category-trennung-von-staat-und-kirche","category-trennung-von-staat-und-ngos","category-von-links-provozierter-rechtsruck","category-wahl-bei-diktatoren","category-wehrdienstverweigerer","category-zwangsmassnahmen-gegen-nicht-gruenes-denken","category-zwangsmassnahmen-gegen-nicht-spd-denken"],"images":{"thumbnail":false,"medium":false,"medium_large":false,"large":false,"full":false},"_links":{"self":[{"href":"https:\/\/hpaulick.de\/index.php?rest_route=\/wp\/v2\/posts\/5597","targetHints":{"allow":["GET"]}}],"collection":[{"href":"https:\/\/hpaulick.de\/index.php?rest_route=\/wp\/v2\/posts"}],"about":[{"href":"https:\/\/hpaulick.de\/index.php?rest_route=\/wp\/v2\/types\/post"}],"author":[{"embeddable":true,"href":"https:\/\/hpaulick.de\/index.php?rest_route=\/wp\/v2\/users\/1"}],"replies":[{"embeddable":true,"href":"https:\/\/hpaulick.de\/index.php?rest_route=%2Fwp%2Fv2%2Fcomments&post=5597"}],"version-history":[{"count":1,"href":"https:\/\/hpaulick.de\/index.php?rest_route=\/wp\/v2\/posts\/5597\/revisions"}],"predecessor-version":[{"id":5598,"href":"https:\/\/hpaulick.de\/index.php?rest_route=\/wp\/v2\/posts\/5597\/revisions\/5598"}],"wp:attachment":[{"href":"https:\/\/hpaulick.de\/index.php?rest_route=%2Fwp%2Fv2%2Fmedia&parent=5597"}],"wp:term":[{"taxonomy":"category","embeddable":true,"href":"https:\/\/hpaulick.de\/index.php?rest_route=%2Fwp%2Fv2%2Fcategories&post=5597"},{"taxonomy":"post_tag","embeddable":true,"href":"https:\/\/hpaulick.de\/index.php?rest_route=%2Fwp%2Fv2%2Ftags&post=5597"}],"curies":[{"name":"wp","href":"https:\/\/api.w.org\/{rel}","templated":true}]}}