{"id":586,"date":"2023-05-30T12:58:59","date_gmt":"2023-05-30T12:58:59","guid":{"rendered":"http:\/\/hpaulick.de\/?p=586"},"modified":"2023-05-30T12:58:59","modified_gmt":"2023-05-30T12:58:59","slug":"rechte-narrative-kretschmer-fordert-andere-asylpolitik-scharfe-kritik","status":"publish","type":"post","link":"https:\/\/hpaulick.de\/?p=586","title":{"rendered":"&#8222;Rechte Narrative&#8220; Kretschmer fordert andere Asylpolitik \u2013 scharfe Kritik"},"content":{"rendered":"<div class=\"twitter-tweet\">\n<blockquote class=\"twitter-tweet\" data-lang=\"de\">\n<p lang=\"de\" dir=\"ltr\">&quot;Rechte Narrative&quot;<a href=\"https:\/\/twitter.com\/hashtag\/Kretschmer?src=hash&amp;ref_src=twsrc%5Etfw\">#Kretschmer<\/a> <a href=\"https:\/\/twitter.com\/hashtag\/fordert?src=hash&amp;ref_src=twsrc%5Etfw\">#fordert<\/a> <a href=\"https:\/\/twitter.com\/hashtag\/andere?src=hash&amp;ref_src=twsrc%5Etfw\">#andere<\/a> <a href=\"https:\/\/twitter.com\/hashtag\/Asylpolitik?src=hash&amp;ref_src=twsrc%5Etfw\">#Asylpolitik<\/a>, scharfe Kritik<br \/>Wenn Kretschmers Meinung rechts ist, dann DENKEN 75% der B\u00fcrger auch rechts und RECHTE w\u00e4hlen keine LINKEN<br \/>Das sollte sich die Ampel schnell vor AUGEN f\u00fchren, bevor es zu sp\u00e4t ist<a href=\"https:\/\/t.co\/EXknZ6iBBl\">https:\/\/t.co\/EXknZ6iBBl<\/a><\/p>\n<p>&mdash; Menippeischer Satiriker, Blogger, Schriftsteller (@Scheinheilig16) <a href=\"https:\/\/twitter.com\/Scheinheilig16\/status\/1663530186392891395?ref_src=twsrc%5Etfw\">30. Mai 2023<\/a><\/p><\/blockquote>\n<\/div>\n\n<div class=\"twitter-share\"><a href=\"https:\/\/twitter.com\/intent\/tweet?via=haraldpaulick\" class=\"twitter-share-button\" data-size=\"large\">Twittern<\/a><\/div>\n","protected":false},"excerpt":{"rendered":"<p>&quot;Rechte Narrative&quot;#Kretschmer #fordert #andere #Asylpolitik, scharfe KritikWenn Kretschmers Meinung rechts ist, dann DENKEN 75% der B\u00fcrger auch rechts und RECHTE w\u00e4hlen keine LINKENDas sollte sich die Ampel schnell vor AUGEN f\u00fchren, bevor es zu sp\u00e4t isthttps:\/\/t.co\/EXknZ6iBBl &mdash; Menippeischer Satiriker, Blogger, Schriftsteller (@Scheinheilig16) 30. Mai 2023<\/p>\n","protected":false},"author":1,"featured_media":0,"comment_status":"closed","ping_status":"open","sticky":false,"template":"","format":"standard","meta":{"footnotes":""},"categories":[{"term_id":27,"name":"Asylpolitik","slug":"asylpolitik","term_group":0,"term_taxonomy_id":27,"taxonomy":"category","description":"","parent":0,"count":326,"filter":"raw","cat_ID":27,"category_count":326,"category_description":"","cat_name":"Asylpolitik","category_nicename":"asylpolitik","category_parent":0}],"tags":[],"class_list":["post-586","post","type-post","status-publish","format-standard","hentry","category-asylpolitik"],"images":{"thumbnail":false,"medium":false,"medium_large":false,"large":false,"full":false},"_links":{"self":[{"href":"https:\/\/hpaulick.de\/index.php?rest_route=\/wp\/v2\/posts\/586","targetHints":{"allow":["GET"]}}],"collection":[{"href":"https:\/\/hpaulick.de\/index.php?rest_route=\/wp\/v2\/posts"}],"about":[{"href":"https:\/\/hpaulick.de\/index.php?rest_route=\/wp\/v2\/types\/post"}],"author":[{"embeddable":true,"href":"https:\/\/hpaulick.de\/index.php?rest_route=\/wp\/v2\/users\/1"}],"replies":[{"embeddable":true,"href":"https:\/\/hpaulick.de\/index.php?rest_route=%2Fwp%2Fv2%2Fcomments&post=586"}],"version-history":[{"count":1,"href":"https:\/\/hpaulick.de\/index.php?rest_route=\/wp\/v2\/posts\/586\/revisions"}],"predecessor-version":[{"id":587,"href":"https:\/\/hpaulick.de\/index.php?rest_route=\/wp\/v2\/posts\/586\/revisions\/587"}],"wp:attachment":[{"href":"https:\/\/hpaulick.de\/index.php?rest_route=%2Fwp%2Fv2%2Fmedia&parent=586"}],"wp:term":[{"taxonomy":"category","embeddable":true,"href":"https:\/\/hpaulick.de\/index.php?rest_route=%2Fwp%2Fv2%2Fcategories&post=586"},{"taxonomy":"post_tag","embeddable":true,"href":"https:\/\/hpaulick.de\/index.php?rest_route=%2Fwp%2Fv2%2Ftags&post=586"}],"curies":[{"name":"wp","href":"https:\/\/api.w.org\/{rel}","templated":true}]}}