{"id":610,"date":"2023-05-30T20:21:15","date_gmt":"2023-05-30T20:21:15","guid":{"rendered":"http:\/\/hpaulick.de\/?p=610"},"modified":"2023-05-30T20:21:15","modified_gmt":"2023-05-30T20:21:15","slug":"die-fast-putschartige-flut-von-gesetzen-die-von-den-gruenen-kommen-oder-gefordert-werden-sind-von-langer-hand-bereits-im-agora-komplex-minutioes-konzipiert-worden","status":"publish","type":"post","link":"https:\/\/hpaulick.de\/?p=610","title":{"rendered":"Die fast putschartige Flut von Gesetzen, die von den Gr\u00fcnen kommen oder gefordert werden, sind von langer Hand bereits im Agora-Komplex minuti\u00f6s konzipiert worden"},"content":{"rendered":"<div class=\"twitter-tweet\">\n<blockquote class=\"twitter-tweet\" data-lang=\"de\">\n<p lang=\"de\" dir=\"ltr\">Die fast putschartige Flut von Gesetzen, die von den Gr\u00fcnen kommen oder gefordert werden, sind von langer Hand bereits im Agora-Komplex minuti\u00f6s konzipiert worden mit dem Zwecke, die \u00d6ffentlichkeit zu \u00fcberrumpeln, sobald man an der Regierung ist.<a href=\"https:\/\/t.co\/TtSp00rDxq\">https:\/\/t.co\/TtSp00rDxq<\/a><\/p>\n<p>&mdash; Klaus-R\u00fcdiger Mai (@KlausMai1) <a href=\"https:\/\/twitter.com\/KlausMai1\/status\/1663602130278666241?ref_src=twsrc%5Etfw\">30. Mai 2023<\/a><\/p><\/blockquote>\n<\/div>\n\n<div class=\"twitter-share\"><a href=\"https:\/\/twitter.com\/intent\/tweet?via=haraldpaulick\" class=\"twitter-share-button\" data-size=\"large\">Twittern<\/a><\/div>\n","protected":false},"excerpt":{"rendered":"<p>Die fast putschartige Flut von Gesetzen, die von den Gr\u00fcnen kommen oder gefordert werden, sind von langer Hand bereits im Agora-Komplex minuti\u00f6s konzipiert worden mit dem Zwecke, die \u00d6ffentlichkeit zu \u00fcberrumpeln, sobald man an der Regierung ist.https:\/\/t.co\/TtSp00rDxq &mdash; Klaus-R\u00fcdiger Mai (@KlausMai1) 30. Mai 2023<\/p>\n","protected":false},"author":1,"featured_media":0,"comment_status":"closed","ping_status":"open","sticky":false,"template":"","format":"standard","meta":{"footnotes":""},"categories":[{"term_id":30,"name":"GR\u00dcNE Murks Politik","slug":"gruene-murks-politik","term_group":0,"term_taxonomy_id":30,"taxonomy":"category","description":"","parent":0,"count":805,"filter":"raw","cat_ID":30,"category_count":805,"category_description":"","cat_name":"GR\u00dcNE Murks Politik","category_nicename":"gruene-murks-politik","category_parent":0}],"tags":[],"class_list":["post-610","post","type-post","status-publish","format-standard","hentry","category-gruene-murks-politik"],"images":{"thumbnail":false,"medium":false,"medium_large":false,"large":false,"full":false},"_links":{"self":[{"href":"https:\/\/hpaulick.de\/index.php?rest_route=\/wp\/v2\/posts\/610","targetHints":{"allow":["GET"]}}],"collection":[{"href":"https:\/\/hpaulick.de\/index.php?rest_route=\/wp\/v2\/posts"}],"about":[{"href":"https:\/\/hpaulick.de\/index.php?rest_route=\/wp\/v2\/types\/post"}],"author":[{"embeddable":true,"href":"https:\/\/hpaulick.de\/index.php?rest_route=\/wp\/v2\/users\/1"}],"replies":[{"embeddable":true,"href":"https:\/\/hpaulick.de\/index.php?rest_route=%2Fwp%2Fv2%2Fcomments&post=610"}],"version-history":[{"count":1,"href":"https:\/\/hpaulick.de\/index.php?rest_route=\/wp\/v2\/posts\/610\/revisions"}],"predecessor-version":[{"id":611,"href":"https:\/\/hpaulick.de\/index.php?rest_route=\/wp\/v2\/posts\/610\/revisions\/611"}],"wp:attachment":[{"href":"https:\/\/hpaulick.de\/index.php?rest_route=%2Fwp%2Fv2%2Fmedia&parent=610"}],"wp:term":[{"taxonomy":"category","embeddable":true,"href":"https:\/\/hpaulick.de\/index.php?rest_route=%2Fwp%2Fv2%2Fcategories&post=610"},{"taxonomy":"post_tag","embeddable":true,"href":"https:\/\/hpaulick.de\/index.php?rest_route=%2Fwp%2Fv2%2Ftags&post=610"}],"curies":[{"name":"wp","href":"https:\/\/api.w.org\/{rel}","templated":true}]}}