{"id":6115,"date":"2026-07-21T13:12:12","date_gmt":"2026-07-21T13:12:12","guid":{"rendered":"https:\/\/hpaulick.de\/?p=6115"},"modified":"2026-07-21T13:12:15","modified_gmt":"2026-07-21T13:12:15","slug":"wie-umgehen-mit-der-afd-mehrheit-der-deutschen-lehnt-die-zusammenarbeit-mit-der-afd-ab","status":"publish","type":"post","link":"https:\/\/hpaulick.de\/?p=6115","title":{"rendered":"Wie umgehen mit der AfD? Mehrheit der Deutschen lehnt die Zusammenarbeit mit der AfD ab?"},"content":{"rendered":"\n<figure class=\"wp-block-image size-full\"><a href=\"https:\/\/x.com\/Wanderprofi\/status\/2079551854002815399\"><img data-recalc-dims=\"1\" loading=\"lazy\" decoding=\"async\" width=\"635\" height=\"357\" src=\"https:\/\/i0.wp.com\/hpaulick.de\/wp-content\/uploads\/2026\/07\/image-25.png?resize=635%2C357&#038;ssl=1\" alt=\"\" class=\"wp-image-6116\" srcset=\"https:\/\/i0.wp.com\/hpaulick.de\/wp-content\/uploads\/2026\/07\/image-25.png?w=635&amp;ssl=1 635w, https:\/\/i0.wp.com\/hpaulick.de\/wp-content\/uploads\/2026\/07\/image-25.png?resize=300%2C169&amp;ssl=1 300w\" sizes=\"auto, (max-width: 635px) 100vw, 635px\" \/><\/a><\/figure>\n\n\n\n<figure class=\"wp-block-image size-full\"><a href=\"https:\/\/www.msn.com\/de-de\/nachrichten\/politik\/die-brandmauer-wackelt\/ar-AA28l7Rr?ocid=hpmsn&amp;cvid=6a5f6b61902541cfae91f15b1f4e1d72&amp;ei=19\"><img data-recalc-dims=\"1\" loading=\"lazy\" decoding=\"async\" width=\"660\" height=\"371\" src=\"https:\/\/i0.wp.com\/hpaulick.de\/wp-content\/uploads\/2026\/07\/image-26.png?resize=660%2C371&#038;ssl=1\" alt=\"\" class=\"wp-image-6117\" srcset=\"https:\/\/i0.wp.com\/hpaulick.de\/wp-content\/uploads\/2026\/07\/image-26.png?w=768&amp;ssl=1 768w, https:\/\/i0.wp.com\/hpaulick.de\/wp-content\/uploads\/2026\/07\/image-26.png?resize=300%2C169&amp;ssl=1 300w\" sizes=\"auto, (max-width: 660px) 100vw, 660px\" \/><\/a><\/figure>\n\n\n\n<p class=\"wp-block-paragraph\">In wenigen Wochen stehen Landtagswahlen in Ostdeutschland an und die AfD k\u00f6nnte in gleich zwei Bundesl\u00e4ndern die st\u00e4rkste politische Kraft werden. In Sachsen-Anhalt f\u00fchrt Spitzenkandidat Ulrich Siegmund die Umfragen mit rund 41 Prozent an, in Mecklenburg-Vorpommern liegt Spitzenkandidat Leif-Erik Holm mit etwa 36 Prozent vorn.<\/p>\n\n\n\n<p class=\"wp-block-paragraph\">Doch wie eine Forsa-Umfrage im Auftrag des Magazin &#8222;Stern&#8220; und des TV-Senders RTL zeigt, lehnen 58 Prozent der Deutschen Koalitionen mit der AfD ab. Allerdings: 39 Prozent sind f\u00fcr eine Lockerung der sogenannten Brandmauer. Drei Prozent hatten keine Position zu der Frage.<\/p>\n\n\n\n<p class=\"wp-block-paragraph\">Fakt ist, wenn die AfD in einem Bundesland regiert und nur die H\u00e4lfte von dem umsetzt, was sie verspricht, hat sie 100% mehr umgesetzt als die Merz-Regierung in anderthalb Jahren und das wird dann erst recht gef\u00e4hrlich!<\/p>\n\n\n\n<figure class=\"wp-block-image size-full\"><img data-recalc-dims=\"1\" loading=\"lazy\" decoding=\"async\" width=\"660\" height=\"371\" src=\"https:\/\/i0.wp.com\/hpaulick.de\/wp-content\/uploads\/2026\/07\/image-27.png?resize=660%2C371&#038;ssl=1\" alt=\"\" class=\"wp-image-6118\" srcset=\"https:\/\/i0.wp.com\/hpaulick.de\/wp-content\/uploads\/2026\/07\/image-27.png?w=768&amp;ssl=1 768w, https:\/\/i0.wp.com\/hpaulick.de\/wp-content\/uploads\/2026\/07\/image-27.png?resize=300%2C169&amp;ssl=1 300w\" sizes=\"auto, (max-width: 660px) 100vw, 660px\" \/><\/figure>\n\n\n\n<p class=\"has-large-font-size wp-block-paragraph\"><strong><em><mark style=\"background-color:rgba(0, 0, 0, 0)\" class=\"has-inline-color has-purple-color\">Fakt ist aber auch, Dr. Bernd Baumann und Beatrix von Storch w\u00e4ren die besseren Vorsitzenden der AfD. Kein v\u00f6lkisches Gequatsche und Gestotter!<br>Mit Baumann und von Storch h\u00e4tte die AfD jetzt schon 50% +!<\/mark><\/em><\/strong><\/p>\n\n\n\n<figure class=\"wp-block-image size-full is-resized\"><img data-recalc-dims=\"1\" loading=\"lazy\" decoding=\"async\" width=\"480\" height=\"320\" src=\"https:\/\/i0.wp.com\/hpaulick.de\/wp-content\/uploads\/2026\/07\/image-28.png?resize=480%2C320&#038;ssl=1\" alt=\"\" class=\"wp-image-6119\" style=\"width:690px;height:auto\" srcset=\"https:\/\/i0.wp.com\/hpaulick.de\/wp-content\/uploads\/2026\/07\/image-28.png?w=480&amp;ssl=1 480w, https:\/\/i0.wp.com\/hpaulick.de\/wp-content\/uploads\/2026\/07\/image-28.png?resize=300%2C200&amp;ssl=1 300w\" sizes=\"auto, (max-width: 480px) 100vw, 480px\" \/><\/figure>\n\n<div class=\"twitter-share\"><a href=\"https:\/\/twitter.com\/intent\/tweet?via=haraldpaulick\" class=\"twitter-share-button\" data-size=\"large\">Twittern<\/a><\/div>\n","protected":false},"excerpt":{"rendered":"<p>In wenigen Wochen stehen Landtagswahlen in Ostdeutschland an und die AfD k\u00f6nnte in gleich zwei Bundesl\u00e4ndern die st\u00e4rkste politische Kraft werden. In Sachsen-Anhalt f\u00fchrt Spitzenkandidat Ulrich Siegmund die Umfragen mit rund 41 Prozent an, in Mecklenburg-Vorpommern liegt Spitzenkandidat Leif-Erik Holm mit etwa 36 Prozent vorn. Doch wie eine Forsa-Umfrage im Auftrag des Magazin &#8222;Stern&#8220; und &hellip; <a href=\"https:\/\/hpaulick.de\/?p=6115\" class=\"more-link\"><span class=\"screen-reader-text\">Wie umgehen mit der AfD? Mehrheit der Deutschen lehnt die Zusammenarbeit mit der AfD ab?<\/span> weiterlesen<\/a><\/p>\n","protected":false},"author":1,"featured_media":0,"comment_status":"closed","ping_status":"open","sticky":false,"template":"","format":"standard","meta":{"footnotes":""},"categories":[{"term_id":42,"name":"AfD","slug":"afd","term_group":0,"term_taxonomy_id":42,"taxonomy":"category","description":"","parent":0,"count":130,"filter":"raw","cat_ID":42,"category_count":130,"category_description":"","cat_name":"AfD","category_nicename":"afd","category_parent":0},{"term_id":27,"name":"Asylpolitik","slug":"asylpolitik","term_group":0,"term_taxonomy_id":27,"taxonomy":"category","description":"","parent":0,"count":338,"filter":"raw","cat_ID":27,"category_count":338,"category_description":"","cat_name":"Asylpolitik","category_nicename":"asylpolitik","category_parent":0},{"term_id":132,"name":"Das 4. Reich GR\u00dcNER Pr\u00e4gung","slug":"das-4-reich-gruener-praegung","term_group":0,"term_taxonomy_id":132,"taxonomy":"category","description":"","parent":0,"count":470,"filter":"raw","cat_ID":132,"category_count":470,"category_description":"","cat_name":"Das 4. Reich GR\u00dcNER Pr\u00e4gung","category_nicename":"das-4-reich-gruener-praegung","category_parent":0},{"term_id":171,"name":"Den DEUTSCHEN geht es viel zu gut","slug":"den-deutschen-geht-es-viel-zu-gut","term_group":0,"term_taxonomy_id":171,"taxonomy":"category","description":"","parent":0,"count":232,"filter":"raw","cat_ID":171,"category_count":232,"category_description":"","cat_name":"Den DEUTSCHEN geht es viel zu gut","category_nicename":"den-deutschen-geht-es-viel-zu-gut","category_parent":0},{"term_id":265,"name":"Der NEUE SOZIALISMUS von SPD, Gr\u00fcnen &amp; LINKEN","slug":"der-neue-sozialismus-von-spd-gruenen-linken","term_group":0,"term_taxonomy_id":265,"taxonomy":"category","description":"","parent":0,"count":205,"filter":"raw","cat_ID":265,"category_count":205,"category_description":"","cat_name":"Der NEUE SOZIALISMUS von SPD, Gr\u00fcnen &amp; LINKEN","category_nicename":"der-neue-sozialismus-von-spd-gruenen-linken","category_parent":0},{"term_id":49,"name":"Deutschland schafft sich ab","slug":"deutschland-schafft-sich-ab","term_group":0,"term_taxonomy_id":49,"taxonomy":"category","description":"","parent":0,"count":683,"filter":"raw","cat_ID":49,"category_count":683,"category_description":"","cat_name":"Deutschland schafft sich ab","category_nicename":"deutschland-schafft-sich-ab","category_parent":0},{"term_id":294,"name":"Doppelte Staatsb\u00fcrgerschaft","slug":"doppelte-staatsbuergerschaft","term_group":0,"term_taxonomy_id":294,"taxonomy":"category","description":"","parent":0,"count":50,"filter":"raw","cat_ID":294,"category_count":50,"category_description":"","cat_name":"Doppelte Staatsb\u00fcrgerschaft","category_nicename":"doppelte-staatsbuergerschaft","category_parent":0},{"term_id":155,"name":"Entwicklungshilfe","slug":"entwicklungshilfe","term_group":0,"term_taxonomy_id":155,"taxonomy":"category","description":"","parent":0,"count":56,"filter":"raw","cat_ID":155,"category_count":56,"category_description":"","cat_name":"Entwicklungshilfe","category_nicename":"entwicklungshilfe","category_parent":0},{"term_id":167,"name":"Gewalt und Terror von LINKS","slug":"gewalt-und-terror-von-links","term_group":0,"term_taxonomy_id":167,"taxonomy":"category","description":"","parent":0,"count":248,"filter":"raw","cat_ID":167,"category_count":248,"category_description":"","cat_name":"Gewalt und Terror von LINKS","category_nicename":"gewalt-und-terror-von-links","category_parent":0},{"term_id":208,"name":"Gewalt und Terror von Migranten","slug":"gewalt-und-terror-von-migranten","term_group":0,"term_taxonomy_id":208,"taxonomy":"category","description":"","parent":0,"count":166,"filter":"raw","cat_ID":208,"category_count":166,"category_description":"","cat_name":"Gewalt und Terror von Migranten","category_nicename":"gewalt-und-terror-von-migranten","category_parent":0},{"term_id":162,"name":"GR\u00dcNE BILDUNGSPOLITIK","slug":"gruene-bildungspolitik","term_group":0,"term_taxonomy_id":162,"taxonomy":"category","description":"","parent":0,"count":133,"filter":"raw","cat_ID":162,"category_count":133,"category_description":"","cat_name":"GR\u00dcNE BILDUNGSPOLITIK","category_nicename":"gruene-bildungspolitik","category_parent":0},{"term_id":168,"name":"GR\u00dcNE DIPLOMATIE","slug":"gruene-diplomatie","term_group":0,"term_taxonomy_id":168,"taxonomy":"category","description":"","parent":0,"count":103,"filter":"raw","cat_ID":168,"category_count":103,"category_description":"","cat_name":"GR\u00dcNE DIPLOMATIE","category_nicename":"gruene-diplomatie","category_parent":0},{"term_id":170,"name":"Hass der GR\u00dcNEN LINKEN auf alles ANDERSDENKENDE","slug":"hass-der-gruenen-linken-auf-alles-andersdenkende","term_group":0,"term_taxonomy_id":170,"taxonomy":"category","description":"","parent":0,"count":275,"filter":"raw","cat_ID":170,"category_count":275,"category_description":"","cat_name":"Hass der GR\u00dcNEN LINKEN auf alles ANDERSDENKENDE","category_nicename":"hass-der-gruenen-linken-auf-alles-andersdenkende","category_parent":0},{"term_id":148,"name":"Islamischer Staat Deutschland","slug":"islamischer-staat-deutschland","term_group":0,"term_taxonomy_id":148,"taxonomy":"category","description":"","parent":0,"count":129,"filter":"raw","cat_ID":148,"category_count":129,"category_description":"","cat_name":"Islamischer Staat Deutschland","category_nicename":"islamischer-staat-deutschland","category_parent":0},{"term_id":161,"name":"Migranten aus Afrika gleichgestellt","slug":"migranten-aus-afrika-gleichgestellt","term_group":0,"term_taxonomy_id":161,"taxonomy":"category","description":"","parent":0,"count":250,"filter":"raw","cat_ID":161,"category_count":250,"category_description":"","cat_name":"Migranten aus Afrika gleichgestellt","category_nicename":"migranten-aus-afrika-gleichgestellt","category_parent":0},{"term_id":141,"name":"NEUE AMPELVARIANTE Schwarz+Rot+Gr\u00fcn","slug":"neue-ampelvariante-schwarzrotgruen","term_group":0,"term_taxonomy_id":141,"taxonomy":"category","description":"","parent":0,"count":166,"filter":"raw","cat_ID":141,"category_count":166,"category_description":"","cat_name":"NEUE AMPELVARIANTE Schwarz+Rot+Gr\u00fcn","category_nicename":"neue-ampelvariante-schwarzrotgruen","category_parent":0},{"term_id":249,"name":"Schwarz Rote Regierung","slug":"schwarz-rote-regierung","term_group":0,"term_taxonomy_id":249,"taxonomy":"category","description":"","parent":0,"count":159,"filter":"raw","cat_ID":249,"category_count":159,"category_description":"","cat_name":"Schwarz Rote Regierung","category_nicename":"schwarz-rote-regierung","category_parent":0},{"term_id":177,"name":"Schwarz-Gr\u00fcne Regierung","slug":"schwarz-gruene-regierung","term_group":0,"term_taxonomy_id":177,"taxonomy":"category","description":"","parent":0,"count":68,"filter":"raw","cat_ID":177,"category_count":68,"category_description":"","cat_name":"Schwarz-Gr\u00fcne Regierung","category_nicename":"schwarz-gruene-regierung","category_parent":0},{"term_id":190,"name":"Zwangsma\u00dfnahmen gegen nicht-gr\u00fcnes-Denken","slug":"zwangsmassnahmen-gegen-nicht-gruenes-denken","term_group":0,"term_taxonomy_id":190,"taxonomy":"category","description":"","parent":0,"count":264,"filter":"raw","cat_ID":190,"category_count":264,"category_description":"","cat_name":"Zwangsma\u00dfnahmen gegen nicht-gr\u00fcnes-Denken","category_nicename":"zwangsmassnahmen-gegen-nicht-gruenes-denken","category_parent":0},{"term_id":264,"name":"Zwangsma\u00dfnahmen gegen Nicht-SPD-Denken","slug":"zwangsmassnahmen-gegen-nicht-spd-denken","term_group":0,"term_taxonomy_id":264,"taxonomy":"category","description":"","parent":0,"count":175,"filter":"raw","cat_ID":264,"category_count":175,"category_description":"","cat_name":"Zwangsma\u00dfnahmen gegen Nicht-SPD-Denken","category_nicename":"zwangsmassnahmen-gegen-nicht-spd-denken","category_parent":0}],"tags":[],"class_list":["post-6115","post","type-post","status-publish","format-standard","hentry","category-afd","category-asylpolitik","category-das-4-reich-gruener-praegung","category-den-deutschen-geht-es-viel-zu-gut","category-der-neue-sozialismus-von-spd-gruenen-linken","category-deutschland-schafft-sich-ab","category-doppelte-staatsbuergerschaft","category-entwicklungshilfe","category-gewalt-und-terror-von-links","category-gewalt-und-terror-von-migranten","category-gruene-bildungspolitik","category-gruene-diplomatie","category-hass-der-gruenen-linken-auf-alles-andersdenkende","category-islamischer-staat-deutschland","category-migranten-aus-afrika-gleichgestellt","category-neue-ampelvariante-schwarzrotgruen","category-schwarz-rote-regierung","category-schwarz-gruene-regierung","category-zwangsmassnahmen-gegen-nicht-gruenes-denken","category-zwangsmassnahmen-gegen-nicht-spd-denken"],"jetpack_featured_media_url":"","images":{"thumbnail":false,"medium":false,"medium_large":false,"large":false,"full":false},"_links":{"self":[{"href":"https:\/\/hpaulick.de\/index.php?rest_route=\/wp\/v2\/posts\/6115","targetHints":{"allow":["GET"]}}],"collection":[{"href":"https:\/\/hpaulick.de\/index.php?rest_route=\/wp\/v2\/posts"}],"about":[{"href":"https:\/\/hpaulick.de\/index.php?rest_route=\/wp\/v2\/types\/post"}],"author":[{"embeddable":true,"href":"https:\/\/hpaulick.de\/index.php?rest_route=\/wp\/v2\/users\/1"}],"replies":[{"embeddable":true,"href":"https:\/\/hpaulick.de\/index.php?rest_route=%2Fwp%2Fv2%2Fcomments&post=6115"}],"version-history":[{"count":1,"href":"https:\/\/hpaulick.de\/index.php?rest_route=\/wp\/v2\/posts\/6115\/revisions"}],"predecessor-version":[{"id":6120,"href":"https:\/\/hpaulick.de\/index.php?rest_route=\/wp\/v2\/posts\/6115\/revisions\/6120"}],"wp:attachment":[{"href":"https:\/\/hpaulick.de\/index.php?rest_route=%2Fwp%2Fv2%2Fmedia&parent=6115"}],"wp:term":[{"taxonomy":"category","embeddable":true,"href":"https:\/\/hpaulick.de\/index.php?rest_route=%2Fwp%2Fv2%2Fcategories&post=6115"},{"taxonomy":"post_tag","embeddable":true,"href":"https:\/\/hpaulick.de\/index.php?rest_route=%2Fwp%2Fv2%2Ftags&post=6115"}],"curies":[{"name":"wp","href":"https:\/\/api.w.org\/{rel}","templated":true}]}}