{"id":640,"date":"2023-06-01T09:30:29","date_gmt":"2023-06-01T09:30:29","guid":{"rendered":"http:\/\/hpaulick.de\/?p=640"},"modified":"2023-06-01T09:30:59","modified_gmt":"2023-06-01T09:30:59","slug":"dissens-unter-gruenen-kretschmann-kritisiert-habecks-heizungsgesetz-der-sieht-fortschritte","status":"publish","type":"post","link":"https:\/\/hpaulick.de\/?p=640","title":{"rendered":"DISSENS UNTER GR\u00dcNEN &#8211; Kretschmann kritisiert Habecks Heizungsgesetz \u2013 der sieht Fortschritte"},"content":{"rendered":"<div class=\"twitter-tweet\">\n<blockquote class=\"twitter-tweet\" data-lang=\"de\">\n<p lang=\"de\" dir=\"ltr\"><a href=\"https:\/\/twitter.com\/hashtag\/DISSENS?src=hash&amp;ref_src=twsrc%5Etfw\">#DISSENS<\/a> <a href=\"https:\/\/twitter.com\/hashtag\/UNTER?src=hash&amp;ref_src=twsrc%5Etfw\">#UNTER<\/a> <a href=\"https:\/\/twitter.com\/hashtag\/GR%C3%9CNEN?src=hash&amp;ref_src=twsrc%5Etfw\">#GR\u00dcNEN<\/a><br \/>Kretschmann kritisiert Habecks Heizungsgesetz \u2013 der sieht Fortschritte<br \/>WENN die rechte GR\u00dcNE HAND nicht wei\u00df was die LINKE GR\u00dcNE HAND macht, ist GR\u00dcNE POLITIK am ENDE. BEENDET diesen MURKS!<a href=\"https:\/\/t.co\/8bQUZJ29J3\">https:\/\/t.co\/8bQUZJ29J3<\/a><\/p>\n<p>&mdash; Friedliche Politische Mitte: zwischen AfD &amp; CDU (@Freund_WUPartei) <a href=\"https:\/\/twitter.com\/Freund_WUPartei\/status\/1664202597392154625?ref_src=twsrc%5Etfw\">1. Juni 2023<\/a><\/p><\/blockquote>\n<\/div>\n\n<div class=\"twitter-share\"><a href=\"https:\/\/twitter.com\/intent\/tweet?via=haraldpaulick\" class=\"twitter-share-button\" data-size=\"large\">Twittern<\/a><\/div>\n","protected":false},"excerpt":{"rendered":"<p>#DISSENS #UNTER #GR\u00dcNENKretschmann kritisiert Habecks Heizungsgesetz \u2013 der sieht FortschritteWENN die rechte GR\u00dcNE HAND nicht wei\u00df was die LINKE GR\u00dcNE HAND macht, ist GR\u00dcNE POLITIK am ENDE. BEENDET diesen MURKS!https:\/\/t.co\/8bQUZJ29J3 &mdash; Friedliche Politische Mitte: zwischen AfD &amp; CDU (@Freund_WUPartei) 1. Juni 2023<\/p>\n","protected":false},"author":1,"featured_media":0,"comment_status":"closed","ping_status":"open","sticky":false,"template":"","format":"standard","meta":{"footnotes":""},"categories":[{"term_id":30,"name":"GR\u00dcNE Murks Politik","slug":"gruene-murks-politik","term_group":0,"term_taxonomy_id":30,"taxonomy":"category","description":"","parent":0,"count":804,"filter":"raw","cat_ID":30,"category_count":804,"category_description":"","cat_name":"GR\u00dcNE Murks Politik","category_nicename":"gruene-murks-politik","category_parent":0}],"tags":[],"class_list":["post-640","post","type-post","status-publish","format-standard","hentry","category-gruene-murks-politik"],"images":{"thumbnail":false,"medium":false,"medium_large":false,"large":false,"full":false},"_links":{"self":[{"href":"https:\/\/hpaulick.de\/index.php?rest_route=\/wp\/v2\/posts\/640","targetHints":{"allow":["GET"]}}],"collection":[{"href":"https:\/\/hpaulick.de\/index.php?rest_route=\/wp\/v2\/posts"}],"about":[{"href":"https:\/\/hpaulick.de\/index.php?rest_route=\/wp\/v2\/types\/post"}],"author":[{"embeddable":true,"href":"https:\/\/hpaulick.de\/index.php?rest_route=\/wp\/v2\/users\/1"}],"replies":[{"embeddable":true,"href":"https:\/\/hpaulick.de\/index.php?rest_route=%2Fwp%2Fv2%2Fcomments&post=640"}],"version-history":[{"count":2,"href":"https:\/\/hpaulick.de\/index.php?rest_route=\/wp\/v2\/posts\/640\/revisions"}],"predecessor-version":[{"id":642,"href":"https:\/\/hpaulick.de\/index.php?rest_route=\/wp\/v2\/posts\/640\/revisions\/642"}],"wp:attachment":[{"href":"https:\/\/hpaulick.de\/index.php?rest_route=%2Fwp%2Fv2%2Fmedia&parent=640"}],"wp:term":[{"taxonomy":"category","embeddable":true,"href":"https:\/\/hpaulick.de\/index.php?rest_route=%2Fwp%2Fv2%2Fcategories&post=640"},{"taxonomy":"post_tag","embeddable":true,"href":"https:\/\/hpaulick.de\/index.php?rest_route=%2Fwp%2Fv2%2Ftags&post=640"}],"curies":[{"name":"wp","href":"https:\/\/api.w.org\/{rel}","templated":true}]}}