{"id":682,"date":"2023-06-02T20:56:07","date_gmt":"2023-06-02T20:56:07","guid":{"rendered":"http:\/\/hpaulick.de\/?p=682"},"modified":"2023-06-02T20:56:07","modified_gmt":"2023-06-02T20:56:07","slug":"deutschlandtrend-habeck-im-freien-fall-afd-zieht-mit-kanzlerpartei-spd-gleich","status":"publish","type":"post","link":"https:\/\/hpaulick.de\/?p=682","title":{"rendered":"DEUTSCHLANDTREND Habeck im freien Fall \u2013 AfD zieht mit Kanzlerpartei SPD gleich"},"content":{"rendered":"<div class=\"twitter-tweet\">\n<blockquote class=\"twitter-tweet\" data-lang=\"de\">\n<p lang=\"de\" dir=\"ltr\">DEUTSCHLANDTREND<br \/>Habeck im freien Fall<br \/>AfD zieht mit Kanzlerpartei SPD gleich<br \/>Wirtschaft ist nichts wovon man Ahnung haben muss<br \/>Das kann man so nebenbei machen<br \/>Kinderspiel, wie KINDERB\u00dcCHER schreiben<br \/>Wenn da nicht der B\u00fcrger w\u00e4re<br \/>MURKS erkennt jeder B\u00fcrger<a href=\"https:\/\/t.co\/61NyBPzmdd\">https:\/\/t.co\/61NyBPzmdd<\/a><\/p>\n<p>&mdash; Menippeischer Satiriker, Blogger, Schriftsteller (@Scheinheilig16) <a href=\"https:\/\/twitter.com\/Scheinheilig16\/status\/1664737342299447296?ref_src=twsrc%5Etfw\">2. Juni 2023<\/a><\/p><\/blockquote>\n<\/div>\n\n<div class=\"twitter-share\"><a href=\"https:\/\/twitter.com\/intent\/tweet?via=haraldpaulick\" class=\"twitter-share-button\" data-size=\"large\">Twittern<\/a><\/div>\n","protected":false},"excerpt":{"rendered":"<p>DEUTSCHLANDTRENDHabeck im freien FallAfD zieht mit Kanzlerpartei SPD gleichWirtschaft ist nichts wovon man Ahnung haben mussDas kann man so nebenbei machenKinderspiel, wie KINDERB\u00dcCHER schreibenWenn da nicht der B\u00fcrger w\u00e4reMURKS erkennt jeder B\u00fcrgerhttps:\/\/t.co\/61NyBPzmdd &mdash; Menippeischer Satiriker, Blogger, Schriftsteller (@Scheinheilig16) 2. Juni 2023<\/p>\n","protected":false},"author":1,"featured_media":0,"comment_status":"closed","ping_status":"open","sticky":false,"template":"","format":"standard","meta":{"footnotes":""},"categories":[{"term_id":30,"name":"GR\u00dcNE Murks Politik","slug":"gruene-murks-politik","term_group":0,"term_taxonomy_id":30,"taxonomy":"category","description":"","parent":0,"count":805,"filter":"raw","cat_ID":30,"category_count":805,"category_description":"","cat_name":"GR\u00dcNE Murks Politik","category_nicename":"gruene-murks-politik","category_parent":0},{"term_id":40,"name":"Partei ohne ARSCH in der HOSE","slug":"partei-ohne-arsch-in-der-hose","term_group":0,"term_taxonomy_id":40,"taxonomy":"category","description":"","parent":0,"count":236,"filter":"raw","cat_ID":40,"category_count":236,"category_description":"","cat_name":"Partei ohne ARSCH in der HOSE","category_nicename":"partei-ohne-arsch-in-der-hose","category_parent":0},{"term_id":39,"name":"Verbotskoalition","slug":"verbotskoalition","term_group":0,"term_taxonomy_id":39,"taxonomy":"category","description":"","parent":0,"count":248,"filter":"raw","cat_ID":39,"category_count":248,"category_description":"","cat_name":"Verbotskoalition","category_nicename":"verbotskoalition","category_parent":0}],"tags":[],"class_list":["post-682","post","type-post","status-publish","format-standard","hentry","category-gruene-murks-politik","category-partei-ohne-arsch-in-der-hose","category-verbotskoalition"],"images":{"thumbnail":false,"medium":false,"medium_large":false,"large":false,"full":false},"_links":{"self":[{"href":"https:\/\/hpaulick.de\/index.php?rest_route=\/wp\/v2\/posts\/682","targetHints":{"allow":["GET"]}}],"collection":[{"href":"https:\/\/hpaulick.de\/index.php?rest_route=\/wp\/v2\/posts"}],"about":[{"href":"https:\/\/hpaulick.de\/index.php?rest_route=\/wp\/v2\/types\/post"}],"author":[{"embeddable":true,"href":"https:\/\/hpaulick.de\/index.php?rest_route=\/wp\/v2\/users\/1"}],"replies":[{"embeddable":true,"href":"https:\/\/hpaulick.de\/index.php?rest_route=%2Fwp%2Fv2%2Fcomments&post=682"}],"version-history":[{"count":1,"href":"https:\/\/hpaulick.de\/index.php?rest_route=\/wp\/v2\/posts\/682\/revisions"}],"predecessor-version":[{"id":683,"href":"https:\/\/hpaulick.de\/index.php?rest_route=\/wp\/v2\/posts\/682\/revisions\/683"}],"wp:attachment":[{"href":"https:\/\/hpaulick.de\/index.php?rest_route=%2Fwp%2Fv2%2Fmedia&parent=682"}],"wp:term":[{"taxonomy":"category","embeddable":true,"href":"https:\/\/hpaulick.de\/index.php?rest_route=%2Fwp%2Fv2%2Fcategories&post=682"},{"taxonomy":"post_tag","embeddable":true,"href":"https:\/\/hpaulick.de\/index.php?rest_route=%2Fwp%2Fv2%2Ftags&post=682"}],"curies":[{"name":"wp","href":"https:\/\/api.w.org\/{rel}","templated":true}]}}