{"id":706,"date":"2023-06-05T05:04:19","date_gmt":"2023-06-05T05:04:19","guid":{"rendered":"http:\/\/hpaulick.de\/?p=706"},"modified":"2023-06-05T05:04:58","modified_gmt":"2023-06-05T05:04:58","slug":"rekordwerte-fuer-afd-tatkraeftig-regieren-konstruktiv-opponieren-hilft-gegen-rechts","status":"publish","type":"post","link":"https:\/\/hpaulick.de\/?p=706","title":{"rendered":"Rekordwerte f\u00fcr AfD: Tatkr\u00e4ftig regieren, konstruktiv opponieren \u2013 hilft gegen Rechts"},"content":{"rendered":"<div class=\"twitter-tweet\">\n<blockquote class=\"twitter-tweet\" data-lang=\"de\">\n<p lang=\"de\" dir=\"ltr\">Rekordwerte f\u00fcr AfD: Tatkr\u00e4ftig regieren, konstruktiv opponieren \u2013 hilft gegen Rechts<br \/>Je schlechter die Ampelpolitik, desto st\u00e4rker die AfD.<br \/>Warum profitiert UNION nicht: Weil sie die B\u00fcrgerprobleme nicht ernst nimmt &amp; lieber mit GR\u00dcNEN PROBLEMEN koaliert.<a href=\"https:\/\/t.co\/TUltiMxIEb\">https:\/\/t.co\/TUltiMxIEb<\/a><\/p>\n<p>&mdash; Menippeischer Satiriker, Blogger, Schriftsteller (@Scheinheilig16) <a href=\"https:\/\/twitter.com\/Scheinheilig16\/status\/1665585351287611392?ref_src=twsrc%5Etfw\">5. Juni 2023<\/a><\/p><\/blockquote>\n<\/div>\n\n<div class=\"twitter-share\"><a href=\"https:\/\/twitter.com\/intent\/tweet?via=haraldpaulick\" class=\"twitter-share-button\" data-size=\"large\">Twittern<\/a><\/div>\n","protected":false},"excerpt":{"rendered":"<p>Rekordwerte f\u00fcr AfD: Tatkr\u00e4ftig regieren, konstruktiv opponieren \u2013 hilft gegen RechtsJe schlechter die Ampelpolitik, desto st\u00e4rker die AfD.Warum profitiert UNION nicht: Weil sie die B\u00fcrgerprobleme nicht ernst nimmt &amp; lieber mit GR\u00dcNEN PROBLEMEN koaliert.https:\/\/t.co\/TUltiMxIEb &mdash; Menippeischer Satiriker, Blogger, Schriftsteller (@Scheinheilig16) 5. Juni 2023<\/p>\n","protected":false},"author":1,"featured_media":0,"comment_status":"closed","ping_status":"open","sticky":false,"template":"","format":"standard","meta":{"footnotes":""},"categories":[{"term_id":27,"name":"Asylpolitik","slug":"asylpolitik","term_group":0,"term_taxonomy_id":27,"taxonomy":"category","description":"","parent":0,"count":326,"filter":"raw","cat_ID":27,"category_count":326,"category_description":"","cat_name":"Asylpolitik","category_nicename":"asylpolitik","category_parent":0},{"term_id":49,"name":"Deutschland schafft sich ab","slug":"deutschland-schafft-sich-ab","term_group":0,"term_taxonomy_id":49,"taxonomy":"category","description":"","parent":0,"count":663,"filter":"raw","cat_ID":49,"category_count":663,"category_description":"","cat_name":"Deutschland schafft sich ab","category_nicename":"deutschland-schafft-sich-ab","category_parent":0},{"term_id":30,"name":"GR\u00dcNE Murks Politik","slug":"gruene-murks-politik","term_group":0,"term_taxonomy_id":30,"taxonomy":"category","description":"","parent":0,"count":805,"filter":"raw","cat_ID":30,"category_count":805,"category_description":"","cat_name":"GR\u00dcNE Murks Politik","category_nicename":"gruene-murks-politik","category_parent":0},{"term_id":40,"name":"Partei ohne ARSCH in der HOSE","slug":"partei-ohne-arsch-in-der-hose","term_group":0,"term_taxonomy_id":40,"taxonomy":"category","description":"","parent":0,"count":236,"filter":"raw","cat_ID":40,"category_count":236,"category_description":"","cat_name":"Partei ohne ARSCH in der HOSE","category_nicename":"partei-ohne-arsch-in-der-hose","category_parent":0},{"term_id":43,"name":"Rechtsextremismus","slug":"rechtsextremismus","term_group":0,"term_taxonomy_id":43,"taxonomy":"category","description":"","parent":0,"count":18,"filter":"raw","cat_ID":43,"category_count":18,"category_description":"","cat_name":"Rechtsextremismus","category_nicename":"rechtsextremismus","category_parent":0},{"term_id":39,"name":"Verbotskoalition","slug":"verbotskoalition","term_group":0,"term_taxonomy_id":39,"taxonomy":"category","description":"","parent":0,"count":248,"filter":"raw","cat_ID":39,"category_count":248,"category_description":"","cat_name":"Verbotskoalition","category_nicename":"verbotskoalition","category_parent":0}],"tags":[],"class_list":["post-706","post","type-post","status-publish","format-standard","hentry","category-asylpolitik","category-deutschland-schafft-sich-ab","category-gruene-murks-politik","category-partei-ohne-arsch-in-der-hose","category-rechtsextremismus","category-verbotskoalition"],"images":{"thumbnail":false,"medium":false,"medium_large":false,"large":false,"full":false},"_links":{"self":[{"href":"https:\/\/hpaulick.de\/index.php?rest_route=\/wp\/v2\/posts\/706","targetHints":{"allow":["GET"]}}],"collection":[{"href":"https:\/\/hpaulick.de\/index.php?rest_route=\/wp\/v2\/posts"}],"about":[{"href":"https:\/\/hpaulick.de\/index.php?rest_route=\/wp\/v2\/types\/post"}],"author":[{"embeddable":true,"href":"https:\/\/hpaulick.de\/index.php?rest_route=\/wp\/v2\/users\/1"}],"replies":[{"embeddable":true,"href":"https:\/\/hpaulick.de\/index.php?rest_route=%2Fwp%2Fv2%2Fcomments&post=706"}],"version-history":[{"count":2,"href":"https:\/\/hpaulick.de\/index.php?rest_route=\/wp\/v2\/posts\/706\/revisions"}],"predecessor-version":[{"id":708,"href":"https:\/\/hpaulick.de\/index.php?rest_route=\/wp\/v2\/posts\/706\/revisions\/708"}],"wp:attachment":[{"href":"https:\/\/hpaulick.de\/index.php?rest_route=%2Fwp%2Fv2%2Fmedia&parent=706"}],"wp:term":[{"taxonomy":"category","embeddable":true,"href":"https:\/\/hpaulick.de\/index.php?rest_route=%2Fwp%2Fv2%2Fcategories&post=706"},{"taxonomy":"post_tag","embeddable":true,"href":"https:\/\/hpaulick.de\/index.php?rest_route=%2Fwp%2Fv2%2Ftags&post=706"}],"curies":[{"name":"wp","href":"https:\/\/api.w.org\/{rel}","templated":true}]}}