{"id":714,"date":"2023-06-06T10:48:04","date_gmt":"2023-06-06T10:48:04","guid":{"rendered":"http:\/\/hpaulick.de\/?p=714"},"modified":"2023-06-10T07:51:30","modified_gmt":"2023-06-10T07:51:30","slug":"so-geht-gruener-irrsinn-von-ungebildeten","status":"publish","type":"post","link":"https:\/\/hpaulick.de\/?p=714","title":{"rendered":"SO geht GR\u00dcNER IRRSINN von UNGEBILDETEN"},"content":{"rendered":"<div class=\"twitter-tweet\">\n<blockquote class=\"twitter-tweet\" data-lang=\"de\">\n<p lang=\"de\" dir=\"ltr\">SO geht <a href=\"https:\/\/twitter.com\/hashtag\/GR%C3%9CNER?src=hash&amp;ref_src=twsrc%5Etfw\">#GR\u00dcNER<\/a> <a href=\"https:\/\/twitter.com\/hashtag\/IRRSINN?src=hash&amp;ref_src=twsrc%5Etfw\">#IRRSINN<\/a> von UNGEBILDETEN:<br \/>Schw\u00e4chung des Klimaschutzes<br \/>Gr\u00fcne schreiben sich Klimapolitik auf die Fahne<br \/>AKW-Aus ist f\u00fcr sie Erfolg<br \/>F\u00fcr&#39;s Klima bringt Atomausstieg auch Nachteile<br \/>Stromimporte<br \/>Atomstrom aus Frankreich und Kohlestrom aus Polen<a href=\"https:\/\/t.co\/tL8DTGlqnh\">https:\/\/t.co\/tL8DTGlqnh<\/a><\/p>\n<p>&mdash; Friedliche Politische Mitte: zwischen AfD &amp; CDU (@Freund_WUPartei) <a href=\"https:\/\/twitter.com\/Freund_WUPartei\/status\/1666033996319301633?ref_src=twsrc%5Etfw\">6. Juni 2023<\/a><\/p><\/blockquote>\n<\/div>\n\n<div class=\"twitter-share\"><a href=\"https:\/\/twitter.com\/intent\/tweet?via=haraldpaulick\" class=\"twitter-share-button\" data-size=\"large\">Twittern<\/a><\/div>\n","protected":false},"excerpt":{"rendered":"<p>SO geht #GR\u00dcNER #IRRSINN von UNGEBILDETEN:Schw\u00e4chung des KlimaschutzesGr\u00fcne schreiben sich Klimapolitik auf die FahneAKW-Aus ist f\u00fcr sie ErfolgF\u00fcr&#39;s Klima bringt Atomausstieg auch NachteileStromimporteAtomstrom aus Frankreich und Kohlestrom aus Polenhttps:\/\/t.co\/tL8DTGlqnh &mdash; Friedliche Politische Mitte: zwischen AfD &amp; CDU (@Freund_WUPartei) 6. Juni 2023<\/p>\n","protected":false},"author":1,"featured_media":0,"comment_status":"closed","ping_status":"open","sticky":false,"template":"","format":"standard","meta":{"footnotes":""},"categories":[{"term_id":30,"name":"GR\u00dcNE Murks Politik","slug":"gruene-murks-politik","term_group":0,"term_taxonomy_id":30,"taxonomy":"category","description":"","parent":0,"count":805,"filter":"raw","cat_ID":30,"category_count":805,"category_description":"","cat_name":"GR\u00dcNE Murks Politik","category_nicename":"gruene-murks-politik","category_parent":0},{"term_id":36,"name":"Heizungsgesetz","slug":"heizungsgesetz","term_group":0,"term_taxonomy_id":36,"taxonomy":"category","description":"","parent":0,"count":27,"filter":"raw","cat_ID":36,"category_count":27,"category_description":"","cat_name":"Heizungsgesetz","category_nicename":"heizungsgesetz","category_parent":0}],"tags":[],"class_list":["post-714","post","type-post","status-publish","format-standard","hentry","category-gruene-murks-politik","category-heizungsgesetz"],"images":{"thumbnail":false,"medium":false,"medium_large":false,"large":false,"full":false},"_links":{"self":[{"href":"https:\/\/hpaulick.de\/index.php?rest_route=\/wp\/v2\/posts\/714","targetHints":{"allow":["GET"]}}],"collection":[{"href":"https:\/\/hpaulick.de\/index.php?rest_route=\/wp\/v2\/posts"}],"about":[{"href":"https:\/\/hpaulick.de\/index.php?rest_route=\/wp\/v2\/types\/post"}],"author":[{"embeddable":true,"href":"https:\/\/hpaulick.de\/index.php?rest_route=\/wp\/v2\/users\/1"}],"replies":[{"embeddable":true,"href":"https:\/\/hpaulick.de\/index.php?rest_route=%2Fwp%2Fv2%2Fcomments&post=714"}],"version-history":[{"count":1,"href":"https:\/\/hpaulick.de\/index.php?rest_route=\/wp\/v2\/posts\/714\/revisions"}],"predecessor-version":[{"id":715,"href":"https:\/\/hpaulick.de\/index.php?rest_route=\/wp\/v2\/posts\/714\/revisions\/715"}],"wp:attachment":[{"href":"https:\/\/hpaulick.de\/index.php?rest_route=%2Fwp%2Fv2%2Fmedia&parent=714"}],"wp:term":[{"taxonomy":"category","embeddable":true,"href":"https:\/\/hpaulick.de\/index.php?rest_route=%2Fwp%2Fv2%2Fcategories&post=714"},{"taxonomy":"post_tag","embeddable":true,"href":"https:\/\/hpaulick.de\/index.php?rest_route=%2Fwp%2Fv2%2Ftags&post=714"}],"curies":[{"name":"wp","href":"https:\/\/api.w.org\/{rel}","templated":true}]}}